{"id":3286,"date":"2024-05-07T10:36:23","date_gmt":"2024-05-07T10:36:23","guid":{"rendered":"https:\/\/intelsynet.com\/?p=3286"},"modified":"2024-05-07T10:36:23","modified_gmt":"2024-05-07T10:36:23","slug":"iberdrola-y-repsol-compiten-por-la-energia-eolica-marina-en-el-golfo-de-maine","status":"publish","type":"post","link":"https:\/\/intelsynet.com\/es\/iberdrola-y-repsol-compiten-por-la-energia-eolica-marina-en-el-golfo-de-maine\/","title":{"rendered":"Iberdrola y Repsol compiten por la energ\u00eda e\u00f3lica marina en el Golfo de Maine"},"content":{"rendered":"<div class=\"fusion-fullwidth fullwidth-box fusion-builder-row-1 fusion-flex-container nonhundred-percent-fullwidth non-hundred-percent-height-scrolling\" style=\"background-color: rgba(255,255,255,0);background-position: center center;background-repeat: no-repeat;border-width: 0px 0px 0px 0px;border-color:rgba(97,158,133,0);border-style:solid;\" ><div class=\"fusion-builder-row fusion-row fusion-flex-align-items-flex-start\" style=\"max-width:1216.8px;margin-left: calc(-4% \/ 2 );margin-right: calc(-4% \/ 2 );\"><div class=\"fusion-layout-column fusion_builder_column fusion-builder-column-0 fusion_builder_column_1_1 1_1 fusion-flex-column\"><div class=\"fusion-column-wrapper fusion-flex-justify-content-flex-start fusion-content-layout-column\" style=\"background-position:left top;background-repeat:no-repeat;-webkit-background-size:cover;-moz-background-size:cover;-o-background-size:cover;background-size:cover;padding: 0px 0px 0px 0px;\"><div class=\"fusion-text fusion-text-1\"><p>Iberdrola y Repsol, en medio de su disputa por un presunto caso de ecopostureo, vuelven a encontrarse en el escenario de la primera subasta de energ\u00eda e\u00f3lica marina en el Golfo de Maine, Estados Unidos. Esta subasta incluir\u00e1 ocho zonas de arrendamiento frente a las costas de Maine, Massachusetts y New Hampshire, con un total de casi un mill\u00f3n de acres. Estas zonas tienen un gran potencial para generar aproximadamente 15 GW de energ\u00eda limpia y renovable, lo que podr\u00eda abastecer a m\u00e1s de cinco millones de hogares. Adem\u00e1s, se estima que el desarrollo de toda esta potencia requerir\u00e1 una inversi\u00f3n total en la zona de alrededor de 30.000 millones de euros.<\/p>\n<p>Junto a las dos gigantes espa\u00f1olas, otras empresas competir\u00e1n por estas zonas en subasta, como la alianza de EDP y Engie (Ocean Wind), Equinor Wind, Diamond Wind, Hexicon, Pine Tree Offshore, Maine Offshore y Corio.<\/p>\n<p>En este momento, el Bureau of Ocean Energy Management (BOEM) est\u00e1 solicitando opiniones sobre varios aspectos de las zonas de arrendamiento propuestas, como su tama\u00f1o, orientaci\u00f3n y ubicaci\u00f3n. Tambi\u00e9n est\u00e1n buscando comentarios sobre la concesi\u00f3n de cr\u00e9ditos de licitaci\u00f3n a los licitadores que se comprometan a apoyar programas de formaci\u00f3n de la mano de obra o el desarrollo de la cadena de suministro, as\u00ed como para un fondo de mitigaci\u00f3n compensatoria para la pesca.<\/p>\n<p>Por otro lado, la Agencia ambiental tambi\u00e9n ha puesto en subasta dos zonas de arrendamiento en Oreg\u00f3n por un total de 194.995 acres, una en la bah\u00eda de Coos y otra en la zona de energ\u00eda e\u00f3lica de Brookings, que tienen potencial para abastecer a m\u00e1s de un mill\u00f3n de hogares con energ\u00eda limpia y renovable.<\/p>\n<p>Junto con la propuesta de arrendamiento, el BOEM ha publicado su proyecto de revisi\u00f3n medioambiental de los posibles impactos asociados. Empresas como Avangrid, BlueFloat, Ocean Winds y US Mainstream Power ya se han precalificado para esta subasta. Si quieres leer la noticia completa, puedes leer el art\u00edculo: \u201c<a href=\"https:\/\/www.eleconomista.es\/energia\/noticias\/12802324\/05\/24\/iberdrola-y-repsol-pujan-para-entrar-en-la-eolica-marina-del-golfo-de-maine.html\" target=\"_blank\" rel=\"noopener\">Iberdrola y Repsol pujan para entrar en la e\u00f3lica marina del Golfo de Maine<\/a>\u201d.<\/p>\n<\/div><\/div><style type=\"text\/css\">.fusion-body .fusion-builder-column-0{width:100% !important;margin-top : 0px;margin-bottom : 20px;}.fusion-builder-column-0 > .fusion-column-wrapper {padding-top : 0px !important;padding-right : 0px !important;margin-right : 1.92%;padding-bottom : 0px !important;padding-left : 0px !important;margin-left : 1.92%;}@media only screen and (max-width:1024px) {.fusion-body .fusion-builder-column-0{width:100% !important;order : 0;}.fusion-builder-column-0 > .fusion-column-wrapper {margin-right : 1.92%;margin-left : 1.92%;}}@media only screen and (max-width:640px) {.fusion-body .fusion-builder-column-0{width:100% !important;order : 0;}.fusion-builder-column-0 > .fusion-column-wrapper {margin-right : 1.92%;margin-left : 1.92%;}}<\/style><\/div><\/div><style type=\"text\/css\">.fusion-body .fusion-flex-container.fusion-builder-row-1{ padding-top : 0px;margin-top : 0px;padding-right : 0px;padding-bottom : 0px;margin-bottom : 0px;padding-left : 0px;}<\/style><\/div>\n","protected":false},"excerpt":{"rendered":"","protected":false},"author":1,"featured_media":3287,"comment_status":"open","ping_status":"open","sticky":false,"template":"","format":"standard","meta":{"footnotes":""},"categories":[2,119],"tags":[108,133,123,115,109,130,90,112],"class_list":["post-3286","post","type-post","status-publish","format-standard","has-post-thumbnail","hentry","category-nuestros-articulos","category-geopolitica","tag-emobility","tag-energias-renovables","tag-energy","tag-estrategia","tag-logicaeconomica","tag-negocios","tag-sostenibilidad","tag-sostenibilidadambiental"],"yoast_head":"<!-- This site is optimized with the Yoast SEO plugin v27.5 - https:\/\/yoast.com\/product\/yoast-seo-wordpress\/ -->\n<title>Iberdrola y Repsol compiten por la energ\u00eda e\u00f3lica marina en el Golfo de Maine - Intelsynet<\/title>\n<meta name=\"robots\" content=\"index, follow, max-snippet:-1, max-image-preview:large, max-video-preview:-1\" \/>\n<link rel=\"canonical\" href=\"https:\/\/intelsynet.com\/iberdrola-y-repsol-compiten-por-la-energia-eolica-marina-en-el-golfo-de-maine\/\" \/>\n<meta property=\"og:locale\" content=\"es_ES\" \/>\n<meta property=\"og:type\" content=\"article\" \/>\n<meta property=\"og:title\" content=\"Iberdrola y Repsol compiten por la energ\u00eda e\u00f3lica marina en el Golfo de Maine - Intelsynet\" \/>\n<meta property=\"og:url\" content=\"https:\/\/intelsynet.com\/iberdrola-y-repsol-compiten-por-la-energia-eolica-marina-en-el-golfo-de-maine\/\" \/>\n<meta property=\"og:site_name\" content=\"Intelsynet\" \/>\n<meta property=\"article:published_time\" content=\"2024-05-07T10:36:23+00:00\" \/>\n<meta property=\"og:image\" content=\"https:\/\/intelsynet.com\/wp-content\/uploads\/2024\/05\/offshore-windmill-farm-windmills-isolated-at-sea-2023-11-27-05-10-25-utc-scaled.jpg\" \/>\n\t<meta property=\"og:image:width\" content=\"2560\" \/>\n\t<meta property=\"og:image:height\" content=\"1705\" \/>\n\t<meta property=\"og:image:type\" content=\"image\/jpeg\" \/>\n<meta name=\"author\" content=\"produccion\" \/>\n<meta name=\"twitter:card\" content=\"summary_large_image\" \/>\n<meta name=\"twitter:label1\" content=\"Escrito por\" \/>\n\t<meta name=\"twitter:data1\" content=\"produccion\" \/>\n\t<meta name=\"twitter:label2\" content=\"Tiempo de lectura\" \/>\n\t<meta name=\"twitter:data2\" content=\"3 minutos\" \/>\n<script type=\"application\/ld+json\" class=\"yoast-schema-graph\">{\"@context\":\"https:\\\/\\\/schema.org\",\"@graph\":[{\"@type\":\"Article\",\"@id\":\"https:\\\/\\\/intelsynet.com\\\/iberdrola-y-repsol-compiten-por-la-energia-eolica-marina-en-el-golfo-de-maine\\\/#article\",\"isPartOf\":{\"@id\":\"https:\\\/\\\/intelsynet.com\\\/iberdrola-y-repsol-compiten-por-la-energia-eolica-marina-en-el-golfo-de-maine\\\/\"},\"author\":{\"name\":\"produccion\",\"@id\":\"https:\\\/\\\/intelsynet.com\\\/es\\\/#\\\/schema\\\/person\\\/62b4711a8de3423f0f1537cb5daa1748\"},\"headline\":\"Iberdrola y Repsol compiten por la energ\u00eda e\u00f3lica marina en el Golfo de Maine\",\"datePublished\":\"2024-05-07T10:36:23+00:00\",\"mainEntityOfPage\":{\"@id\":\"https:\\\/\\\/intelsynet.com\\\/iberdrola-y-repsol-compiten-por-la-energia-eolica-marina-en-el-golfo-de-maine\\\/\"},\"wordCount\":1006,\"commentCount\":0,\"image\":{\"@id\":\"https:\\\/\\\/intelsynet.com\\\/iberdrola-y-repsol-compiten-por-la-energia-eolica-marina-en-el-golfo-de-maine\\\/#primaryimage\"},\"thumbnailUrl\":\"https:\\\/\\\/intelsynet.com\\\/wp-content\\\/uploads\\\/2024\\\/05\\\/offshore-windmill-farm-windmills-isolated-at-sea-2023-11-27-05-10-25-utc-scaled.jpg\",\"keywords\":[\"emobility\",\"energ\u00edas renovables\",\"energy\",\"estrategia\",\"l\u00f3gica econ\u00f3mica\",\"negocios\",\"sostenibilidad\",\"sostenibilidad ambiental\"],\"articleSection\":[\"Art\u00edculos\",\"Geopol\u00edtica\"],\"inLanguage\":\"es\",\"potentialAction\":[{\"@type\":\"CommentAction\",\"name\":\"Comment\",\"target\":[\"https:\\\/\\\/intelsynet.com\\\/iberdrola-y-repsol-compiten-por-la-energia-eolica-marina-en-el-golfo-de-maine\\\/#respond\"]}]},{\"@type\":\"WebPage\",\"@id\":\"https:\\\/\\\/intelsynet.com\\\/iberdrola-y-repsol-compiten-por-la-energia-eolica-marina-en-el-golfo-de-maine\\\/\",\"url\":\"https:\\\/\\\/intelsynet.com\\\/iberdrola-y-repsol-compiten-por-la-energia-eolica-marina-en-el-golfo-de-maine\\\/\",\"name\":\"Iberdrola y Repsol compiten por la energ\u00eda e\u00f3lica marina en el Golfo de Maine - Intelsynet\",\"isPartOf\":{\"@id\":\"https:\\\/\\\/intelsynet.com\\\/es\\\/#website\"},\"primaryImageOfPage\":{\"@id\":\"https:\\\/\\\/intelsynet.com\\\/iberdrola-y-repsol-compiten-por-la-energia-eolica-marina-en-el-golfo-de-maine\\\/#primaryimage\"},\"image\":{\"@id\":\"https:\\\/\\\/intelsynet.com\\\/iberdrola-y-repsol-compiten-por-la-energia-eolica-marina-en-el-golfo-de-maine\\\/#primaryimage\"},\"thumbnailUrl\":\"https:\\\/\\\/intelsynet.com\\\/wp-content\\\/uploads\\\/2024\\\/05\\\/offshore-windmill-farm-windmills-isolated-at-sea-2023-11-27-05-10-25-utc-scaled.jpg\",\"datePublished\":\"2024-05-07T10:36:23+00:00\",\"author\":{\"@id\":\"https:\\\/\\\/intelsynet.com\\\/es\\\/#\\\/schema\\\/person\\\/62b4711a8de3423f0f1537cb5daa1748\"},\"breadcrumb\":{\"@id\":\"https:\\\/\\\/intelsynet.com\\\/iberdrola-y-repsol-compiten-por-la-energia-eolica-marina-en-el-golfo-de-maine\\\/#breadcrumb\"},\"inLanguage\":\"es\",\"potentialAction\":[{\"@type\":\"ReadAction\",\"target\":[\"https:\\\/\\\/intelsynet.com\\\/iberdrola-y-repsol-compiten-por-la-energia-eolica-marina-en-el-golfo-de-maine\\\/\"]}]},{\"@type\":\"ImageObject\",\"inLanguage\":\"es\",\"@id\":\"https:\\\/\\\/intelsynet.com\\\/iberdrola-y-repsol-compiten-por-la-energia-eolica-marina-en-el-golfo-de-maine\\\/#primaryimage\",\"url\":\"https:\\\/\\\/intelsynet.com\\\/wp-content\\\/uploads\\\/2024\\\/05\\\/offshore-windmill-farm-windmills-isolated-at-sea-2023-11-27-05-10-25-utc-scaled.jpg\",\"contentUrl\":\"https:\\\/\\\/intelsynet.com\\\/wp-content\\\/uploads\\\/2024\\\/05\\\/offshore-windmill-farm-windmills-isolated-at-sea-2023-11-27-05-10-25-utc-scaled.jpg\",\"width\":2560,\"height\":1705,\"caption\":\"Offshore Windmill farm. windmills isolated at sea on a beautiful bright day Netherlands. green energy Flevoland global warming renewable enrgy with windmills\"},{\"@type\":\"BreadcrumbList\",\"@id\":\"https:\\\/\\\/intelsynet.com\\\/iberdrola-y-repsol-compiten-por-la-energia-eolica-marina-en-el-golfo-de-maine\\\/#breadcrumb\",\"itemListElement\":[{\"@type\":\"ListItem\",\"position\":1,\"name\":\"Portada\",\"item\":\"https:\\\/\\\/intelsynet.com\\\/\"},{\"@type\":\"ListItem\",\"position\":2,\"name\":\"Iberdrola y Repsol compiten por la energ\u00eda e\u00f3lica marina en el Golfo de Maine\"}]},{\"@type\":\"WebSite\",\"@id\":\"https:\\\/\\\/intelsynet.com\\\/es\\\/#website\",\"url\":\"https:\\\/\\\/intelsynet.com\\\/es\\\/\",\"name\":\"Intelsynet\",\"description\":\"Advisory Services\",\"potentialAction\":[{\"@type\":\"SearchAction\",\"target\":{\"@type\":\"EntryPoint\",\"urlTemplate\":\"https:\\\/\\\/intelsynet.com\\\/es\\\/?s={search_term_string}\"},\"query-input\":{\"@type\":\"PropertyValueSpecification\",\"valueRequired\":true,\"valueName\":\"search_term_string\"}}],\"inLanguage\":\"es\"},{\"@type\":\"Person\",\"@id\":\"https:\\\/\\\/intelsynet.com\\\/es\\\/#\\\/schema\\\/person\\\/62b4711a8de3423f0f1537cb5daa1748\",\"name\":\"produccion\",\"image\":{\"@type\":\"ImageObject\",\"inLanguage\":\"es\",\"@id\":\"https:\\\/\\\/secure.gravatar.com\\\/avatar\\\/bbda47eeca6a4d008c3cda344ed3cf00b82bd1a9f9fb41804c887c2ac269b8ec?s=96&d=mm&r=g\",\"url\":\"https:\\\/\\\/secure.gravatar.com\\\/avatar\\\/bbda47eeca6a4d008c3cda344ed3cf00b82bd1a9f9fb41804c887c2ac269b8ec?s=96&d=mm&r=g\",\"contentUrl\":\"https:\\\/\\\/secure.gravatar.com\\\/avatar\\\/bbda47eeca6a4d008c3cda344ed3cf00b82bd1a9f9fb41804c887c2ac269b8ec?s=96&d=mm&r=g\",\"caption\":\"produccion\"},\"url\":\"https:\\\/\\\/intelsynet.com\\\/es\\\/author\\\/produccion\\\/\"}]}<\/script>\n<!-- \/ Yoast SEO plugin. -->","yoast_head_json":{"title":"Iberdrola y Repsol compiten por la energ\u00eda e\u00f3lica marina en el Golfo de Maine - Intelsynet","robots":{"index":"index","follow":"follow","max-snippet":"max-snippet:-1","max-image-preview":"max-image-preview:large","max-video-preview":"max-video-preview:-1"},"canonical":"https:\/\/intelsynet.com\/iberdrola-y-repsol-compiten-por-la-energia-eolica-marina-en-el-golfo-de-maine\/","og_locale":"es_ES","og_type":"article","og_title":"Iberdrola y Repsol compiten por la energ\u00eda e\u00f3lica marina en el Golfo de Maine - Intelsynet","og_url":"https:\/\/intelsynet.com\/iberdrola-y-repsol-compiten-por-la-energia-eolica-marina-en-el-golfo-de-maine\/","og_site_name":"Intelsynet","article_published_time":"2024-05-07T10:36:23+00:00","og_image":[{"width":2560,"height":1705,"url":"https:\/\/intelsynet.com\/wp-content\/uploads\/2024\/05\/offshore-windmill-farm-windmills-isolated-at-sea-2023-11-27-05-10-25-utc-scaled.jpg","type":"image\/jpeg"}],"author":"produccion","twitter_card":"summary_large_image","twitter_misc":{"Escrito por":"produccion","Tiempo de lectura":"3 minutos"},"schema":{"@context":"https:\/\/schema.org","@graph":[{"@type":"Article","@id":"https:\/\/intelsynet.com\/iberdrola-y-repsol-compiten-por-la-energia-eolica-marina-en-el-golfo-de-maine\/#article","isPartOf":{"@id":"https:\/\/intelsynet.com\/iberdrola-y-repsol-compiten-por-la-energia-eolica-marina-en-el-golfo-de-maine\/"},"author":{"name":"produccion","@id":"https:\/\/intelsynet.com\/es\/#\/schema\/person\/62b4711a8de3423f0f1537cb5daa1748"},"headline":"Iberdrola y Repsol compiten por la energ\u00eda e\u00f3lica marina en el Golfo de Maine","datePublished":"2024-05-07T10:36:23+00:00","mainEntityOfPage":{"@id":"https:\/\/intelsynet.com\/iberdrola-y-repsol-compiten-por-la-energia-eolica-marina-en-el-golfo-de-maine\/"},"wordCount":1006,"commentCount":0,"image":{"@id":"https:\/\/intelsynet.com\/iberdrola-y-repsol-compiten-por-la-energia-eolica-marina-en-el-golfo-de-maine\/#primaryimage"},"thumbnailUrl":"https:\/\/intelsynet.com\/wp-content\/uploads\/2024\/05\/offshore-windmill-farm-windmills-isolated-at-sea-2023-11-27-05-10-25-utc-scaled.jpg","keywords":["emobility","energ\u00edas renovables","energy","estrategia","l\u00f3gica econ\u00f3mica","negocios","sostenibilidad","sostenibilidad ambiental"],"articleSection":["Art\u00edculos","Geopol\u00edtica"],"inLanguage":"es","potentialAction":[{"@type":"CommentAction","name":"Comment","target":["https:\/\/intelsynet.com\/iberdrola-y-repsol-compiten-por-la-energia-eolica-marina-en-el-golfo-de-maine\/#respond"]}]},{"@type":"WebPage","@id":"https:\/\/intelsynet.com\/iberdrola-y-repsol-compiten-por-la-energia-eolica-marina-en-el-golfo-de-maine\/","url":"https:\/\/intelsynet.com\/iberdrola-y-repsol-compiten-por-la-energia-eolica-marina-en-el-golfo-de-maine\/","name":"Iberdrola y Repsol compiten por la energ\u00eda e\u00f3lica marina en el Golfo de Maine - Intelsynet","isPartOf":{"@id":"https:\/\/intelsynet.com\/es\/#website"},"primaryImageOfPage":{"@id":"https:\/\/intelsynet.com\/iberdrola-y-repsol-compiten-por-la-energia-eolica-marina-en-el-golfo-de-maine\/#primaryimage"},"image":{"@id":"https:\/\/intelsynet.com\/iberdrola-y-repsol-compiten-por-la-energia-eolica-marina-en-el-golfo-de-maine\/#primaryimage"},"thumbnailUrl":"https:\/\/intelsynet.com\/wp-content\/uploads\/2024\/05\/offshore-windmill-farm-windmills-isolated-at-sea-2023-11-27-05-10-25-utc-scaled.jpg","datePublished":"2024-05-07T10:36:23+00:00","author":{"@id":"https:\/\/intelsynet.com\/es\/#\/schema\/person\/62b4711a8de3423f0f1537cb5daa1748"},"breadcrumb":{"@id":"https:\/\/intelsynet.com\/iberdrola-y-repsol-compiten-por-la-energia-eolica-marina-en-el-golfo-de-maine\/#breadcrumb"},"inLanguage":"es","potentialAction":[{"@type":"ReadAction","target":["https:\/\/intelsynet.com\/iberdrola-y-repsol-compiten-por-la-energia-eolica-marina-en-el-golfo-de-maine\/"]}]},{"@type":"ImageObject","inLanguage":"es","@id":"https:\/\/intelsynet.com\/iberdrola-y-repsol-compiten-por-la-energia-eolica-marina-en-el-golfo-de-maine\/#primaryimage","url":"https:\/\/intelsynet.com\/wp-content\/uploads\/2024\/05\/offshore-windmill-farm-windmills-isolated-at-sea-2023-11-27-05-10-25-utc-scaled.jpg","contentUrl":"https:\/\/intelsynet.com\/wp-content\/uploads\/2024\/05\/offshore-windmill-farm-windmills-isolated-at-sea-2023-11-27-05-10-25-utc-scaled.jpg","width":2560,"height":1705,"caption":"Offshore Windmill farm. windmills isolated at sea on a beautiful bright day Netherlands. green energy Flevoland global warming renewable enrgy with windmills"},{"@type":"BreadcrumbList","@id":"https:\/\/intelsynet.com\/iberdrola-y-repsol-compiten-por-la-energia-eolica-marina-en-el-golfo-de-maine\/#breadcrumb","itemListElement":[{"@type":"ListItem","position":1,"name":"Portada","item":"https:\/\/intelsynet.com\/"},{"@type":"ListItem","position":2,"name":"Iberdrola y Repsol compiten por la energ\u00eda e\u00f3lica marina en el Golfo de Maine"}]},{"@type":"WebSite","@id":"https:\/\/intelsynet.com\/es\/#website","url":"https:\/\/intelsynet.com\/es\/","name":"Intelsynet","description":"Advisory Services","potentialAction":[{"@type":"SearchAction","target":{"@type":"EntryPoint","urlTemplate":"https:\/\/intelsynet.com\/es\/?s={search_term_string}"},"query-input":{"@type":"PropertyValueSpecification","valueRequired":true,"valueName":"search_term_string"}}],"inLanguage":"es"},{"@type":"Person","@id":"https:\/\/intelsynet.com\/es\/#\/schema\/person\/62b4711a8de3423f0f1537cb5daa1748","name":"produccion","image":{"@type":"ImageObject","inLanguage":"es","@id":"https:\/\/secure.gravatar.com\/avatar\/bbda47eeca6a4d008c3cda344ed3cf00b82bd1a9f9fb41804c887c2ac269b8ec?s=96&d=mm&r=g","url":"https:\/\/secure.gravatar.com\/avatar\/bbda47eeca6a4d008c3cda344ed3cf00b82bd1a9f9fb41804c887c2ac269b8ec?s=96&d=mm&r=g","contentUrl":"https:\/\/secure.gravatar.com\/avatar\/bbda47eeca6a4d008c3cda344ed3cf00b82bd1a9f9fb41804c887c2ac269b8ec?s=96&d=mm&r=g","caption":"produccion"},"url":"https:\/\/intelsynet.com\/es\/author\/produccion\/"}]}},"_links":{"self":[{"href":"https:\/\/intelsynet.com\/es\/wp-json\/wp\/v2\/posts\/3286","targetHints":{"allow":["GET"]}}],"collection":[{"href":"https:\/\/intelsynet.com\/es\/wp-json\/wp\/v2\/posts"}],"about":[{"href":"https:\/\/intelsynet.com\/es\/wp-json\/wp\/v2\/types\/post"}],"author":[{"embeddable":true,"href":"https:\/\/intelsynet.com\/es\/wp-json\/wp\/v2\/users\/1"}],"replies":[{"embeddable":true,"href":"https:\/\/intelsynet.com\/es\/wp-json\/wp\/v2\/comments?post=3286"}],"version-history":[{"count":1,"href":"https:\/\/intelsynet.com\/es\/wp-json\/wp\/v2\/posts\/3286\/revisions"}],"predecessor-version":[{"id":3288,"href":"https:\/\/intelsynet.com\/es\/wp-json\/wp\/v2\/posts\/3286\/revisions\/3288"}],"wp:featuredmedia":[{"embeddable":true,"href":"https:\/\/intelsynet.com\/es\/wp-json\/wp\/v2\/media\/3287"}],"wp:attachment":[{"href":"https:\/\/intelsynet.com\/es\/wp-json\/wp\/v2\/media?parent=3286"}],"wp:term":[{"taxonomy":"category","embeddable":true,"href":"https:\/\/intelsynet.com\/es\/wp-json\/wp\/v2\/categories?post=3286"},{"taxonomy":"post_tag","embeddable":true,"href":"https:\/\/intelsynet.com\/es\/wp-json\/wp\/v2\/tags?post=3286"}],"curies":[{"name":"wp","href":"https:\/\/api.w.org\/{rel}","templated":true}]}}