{"id":3277,"date":"2024-02-22T11:48:23","date_gmt":"2024-02-22T11:48:23","guid":{"rendered":"https:\/\/intelsynet.com\/?p=3277"},"modified":"2024-04-25T11:53:24","modified_gmt":"2024-04-25T11:53:24","slug":"agricultores-polacos-intensifican-sus-protestas-y-bloquean-pasos-fronterizos-con-ucrania","status":"publish","type":"post","link":"https:\/\/intelsynet.com\/es\/agricultores-polacos-intensifican-sus-protestas-y-bloquean-pasos-fronterizos-con-ucrania\/","title":{"rendered":"Agricultores polacos intensifican sus protestas y bloquean pasos fronterizos con Ucrania"},"content":{"rendered":"<div class=\"fusion-fullwidth fullwidth-box fusion-builder-row-1 fusion-flex-container nonhundred-percent-fullwidth non-hundred-percent-height-scrolling\" style=\"background-color: rgba(255,255,255,0);background-position: center center;background-repeat: no-repeat;border-width: 0px 0px 0px 0px;border-color:rgba(97,158,133,0);border-style:solid;\" ><div class=\"fusion-builder-row fusion-row fusion-flex-align-items-flex-start\" style=\"max-width:1216.8px;margin-left: calc(-4% \/ 2 );margin-right: calc(-4% \/ 2 );\"><div class=\"fusion-layout-column fusion_builder_column fusion-builder-column-0 fusion_builder_column_1_1 1_1 fusion-flex-column\"><div class=\"fusion-column-wrapper fusion-flex-justify-content-flex-start fusion-content-layout-column\" style=\"background-position:left top;background-repeat:no-repeat;-webkit-background-size:cover;-moz-background-size:cover;-o-background-size:cover;background-size:cover;padding: 0px 0px 0px 0px;\"><div class=\"fusion-text fusion-text-1\"><p>Intensas protestas de agricultores polacos en todo el pa\u00eds, especialmente contra la importaci\u00f3n de alimentos ucranianos y las pol\u00edticas medioambientales de la Uni\u00f3n Europea (UE). Los agricultores bloquearon cruces fronterizos con Ucrania, quemaron neum\u00e1ticos y derramaron granos en vagones de tren en m\u00e1s de 180 lugares en Polonia. Estas acciones han generado tensiones entre Ucrania y sus vecinos occidentales, quienes apoyan los esfuerzos de Ucrania contra la invasi\u00f3n rusa, pero enfrentan la presi\u00f3n de los agricultores polacos.<\/p>\n<p>El presidente de Ucrania, Volod\u00edmir Zelenski, expres\u00f3 su preocupaci\u00f3n por la \u00aberosi\u00f3n de la solidaridad\u00bb debido a las acciones de los agricultores polacos. Adem\u00e1s, se esperan m\u00e1s protestas en Europa central y del este, con planes para bloquear el tr\u00e1fico en Varsovia.<\/p>\n<p>Las protestas de los agricultores no son exclusivas de Polonia; agricultores de otros pa\u00edses europeos tambi\u00e9n han protestado recientemente por las pol\u00edticas de la UE, incluidos l\u00edmites al uso de productos qu\u00edmicos y emisiones de gases de efecto invernadero. Tambi\u00e9n se rebelan contra las cargas administrativas y la competencia de pa\u00edses no pertenecientes a la UE, especialmente Ucrania, un gran productor agrario.<\/p>\n<p>Para m\u00e1s informaci\u00f3n sobre esta noticia, lea el art\u00edculo: <a href=\"https:\/\/es.euronews.com\/2024\/02\/20\/los-agricultores-polacos-intensifican-sus-protestas-y-bloquean-pasos-fronterizos-con-ucran\" target=\"_blank\" rel=\"noopener\">Los agricultores polacos intensifican sus protestas y bloquean pasos fronterizos con Ucrania.<\/a><\/p>\n<\/div><\/div><style type=\"text\/css\">.fusion-body .fusion-builder-column-0{width:100% !important;margin-top : 0px;margin-bottom : 20px;}.fusion-builder-column-0 > .fusion-column-wrapper {padding-top : 0px !important;padding-right : 0px !important;margin-right : 1.92%;padding-bottom : 0px !important;padding-left : 0px !important;margin-left : 1.92%;}@media only screen and (max-width:1024px) {.fusion-body .fusion-builder-column-0{width:100% !important;order : 0;}.fusion-builder-column-0 > .fusion-column-wrapper {margin-right : 1.92%;margin-left : 1.92%;}}@media only screen and (max-width:640px) {.fusion-body .fusion-builder-column-0{width:100% !important;order : 0;}.fusion-builder-column-0 > .fusion-column-wrapper {margin-right : 1.92%;margin-left : 1.92%;}}<\/style><\/div><\/div><style type=\"text\/css\">.fusion-body .fusion-flex-container.fusion-builder-row-1{ padding-top : 0px;margin-top : 0px;padding-right : 0px;padding-bottom : 0px;margin-bottom : 0px;padding-left : 0px;}<\/style><\/div>\n","protected":false},"excerpt":{"rendered":"","protected":false},"author":1,"featured_media":3278,"comment_status":"open","ping_status":"open","sticky":false,"template":"","format":"standard","meta":{"footnotes":""},"categories":[2,119],"tags":[108,123,115,131,109,130],"class_list":["post-3277","post","type-post","status-publish","format-standard","has-post-thumbnail","hentry","category-nuestros-articulos","category-geopolitica","tag-emobility","tag-energy","tag-estrategia","tag-finanzas","tag-logicaeconomica","tag-negocios"],"yoast_head":"<!-- This site is optimized with the Yoast SEO plugin v27.5 - https:\/\/yoast.com\/product\/yoast-seo-wordpress\/ -->\n<title>Agricultores polacos intensifican sus protestas y bloquean pasos fronterizos con Ucrania - Intelsynet<\/title>\n<meta name=\"robots\" content=\"index, follow, max-snippet:-1, max-image-preview:large, max-video-preview:-1\" \/>\n<link rel=\"canonical\" href=\"https:\/\/intelsynet.com\/agricultores-polacos-intensifican-sus-protestas-y-bloquean-pasos-fronterizos-con-ucrania\/\" \/>\n<meta property=\"og:locale\" content=\"es_ES\" \/>\n<meta property=\"og:type\" content=\"article\" \/>\n<meta property=\"og:title\" content=\"Agricultores polacos intensifican sus protestas y bloquean pasos fronterizos con Ucrania - Intelsynet\" \/>\n<meta property=\"og:url\" content=\"https:\/\/intelsynet.com\/agricultores-polacos-intensifican-sus-protestas-y-bloquean-pasos-fronterizos-con-ucrania\/\" \/>\n<meta property=\"og:site_name\" content=\"Intelsynet\" \/>\n<meta property=\"article:published_time\" content=\"2024-02-22T11:48:23+00:00\" \/>\n<meta property=\"article:modified_time\" content=\"2024-04-25T11:53:24+00:00\" \/>\n<meta property=\"og:image\" content=\"https:\/\/intelsynet.com\/wp-content\/uploads\/2024\/04\/AP24051576994737.webp\" \/>\n\t<meta property=\"og:image:width\" content=\"980\" \/>\n\t<meta property=\"og:image:height\" content=\"551\" \/>\n\t<meta property=\"og:image:type\" content=\"image\/webp\" \/>\n<meta name=\"author\" content=\"produccion\" \/>\n<meta name=\"twitter:card\" content=\"summary_large_image\" \/>\n<meta name=\"twitter:label1\" content=\"Escrito por\" \/>\n\t<meta name=\"twitter:data1\" content=\"produccion\" \/>\n\t<meta name=\"twitter:label2\" content=\"Tiempo de lectura\" \/>\n\t<meta name=\"twitter:data2\" content=\"3 minutos\" \/>\n<script type=\"application\/ld+json\" class=\"yoast-schema-graph\">{\"@context\":\"https:\\\/\\\/schema.org\",\"@graph\":[{\"@type\":\"Article\",\"@id\":\"https:\\\/\\\/intelsynet.com\\\/agricultores-polacos-intensifican-sus-protestas-y-bloquean-pasos-fronterizos-con-ucrania\\\/#article\",\"isPartOf\":{\"@id\":\"https:\\\/\\\/intelsynet.com\\\/agricultores-polacos-intensifican-sus-protestas-y-bloquean-pasos-fronterizos-con-ucrania\\\/\"},\"author\":{\"name\":\"produccion\",\"@id\":\"https:\\\/\\\/intelsynet.com\\\/es\\\/#\\\/schema\\\/person\\\/62b4711a8de3423f0f1537cb5daa1748\"},\"headline\":\"Agricultores polacos intensifican sus protestas y bloquean pasos fronterizos con Ucrania\",\"datePublished\":\"2024-02-22T11:48:23+00:00\",\"dateModified\":\"2024-04-25T11:53:24+00:00\",\"mainEntityOfPage\":{\"@id\":\"https:\\\/\\\/intelsynet.com\\\/agricultores-polacos-intensifican-sus-protestas-y-bloquean-pasos-fronterizos-con-ucrania\\\/\"},\"wordCount\":860,\"commentCount\":0,\"image\":{\"@id\":\"https:\\\/\\\/intelsynet.com\\\/agricultores-polacos-intensifican-sus-protestas-y-bloquean-pasos-fronterizos-con-ucrania\\\/#primaryimage\"},\"thumbnailUrl\":\"https:\\\/\\\/intelsynet.com\\\/wp-content\\\/uploads\\\/2024\\\/04\\\/AP24051576994737.webp\",\"keywords\":[\"emobility\",\"energy\",\"estrategia\",\"finanzas\",\"l\u00f3gica econ\u00f3mica\",\"negocios\"],\"articleSection\":[\"Art\u00edculos\",\"Geopol\u00edtica\"],\"inLanguage\":\"es\",\"potentialAction\":[{\"@type\":\"CommentAction\",\"name\":\"Comment\",\"target\":[\"https:\\\/\\\/intelsynet.com\\\/agricultores-polacos-intensifican-sus-protestas-y-bloquean-pasos-fronterizos-con-ucrania\\\/#respond\"]}]},{\"@type\":\"WebPage\",\"@id\":\"https:\\\/\\\/intelsynet.com\\\/agricultores-polacos-intensifican-sus-protestas-y-bloquean-pasos-fronterizos-con-ucrania\\\/\",\"url\":\"https:\\\/\\\/intelsynet.com\\\/agricultores-polacos-intensifican-sus-protestas-y-bloquean-pasos-fronterizos-con-ucrania\\\/\",\"name\":\"Agricultores polacos intensifican sus protestas y bloquean pasos fronterizos con Ucrania - Intelsynet\",\"isPartOf\":{\"@id\":\"https:\\\/\\\/intelsynet.com\\\/es\\\/#website\"},\"primaryImageOfPage\":{\"@id\":\"https:\\\/\\\/intelsynet.com\\\/agricultores-polacos-intensifican-sus-protestas-y-bloquean-pasos-fronterizos-con-ucrania\\\/#primaryimage\"},\"image\":{\"@id\":\"https:\\\/\\\/intelsynet.com\\\/agricultores-polacos-intensifican-sus-protestas-y-bloquean-pasos-fronterizos-con-ucrania\\\/#primaryimage\"},\"thumbnailUrl\":\"https:\\\/\\\/intelsynet.com\\\/wp-content\\\/uploads\\\/2024\\\/04\\\/AP24051576994737.webp\",\"datePublished\":\"2024-02-22T11:48:23+00:00\",\"dateModified\":\"2024-04-25T11:53:24+00:00\",\"author\":{\"@id\":\"https:\\\/\\\/intelsynet.com\\\/es\\\/#\\\/schema\\\/person\\\/62b4711a8de3423f0f1537cb5daa1748\"},\"breadcrumb\":{\"@id\":\"https:\\\/\\\/intelsynet.com\\\/agricultores-polacos-intensifican-sus-protestas-y-bloquean-pasos-fronterizos-con-ucrania\\\/#breadcrumb\"},\"inLanguage\":\"es\",\"potentialAction\":[{\"@type\":\"ReadAction\",\"target\":[\"https:\\\/\\\/intelsynet.com\\\/agricultores-polacos-intensifican-sus-protestas-y-bloquean-pasos-fronterizos-con-ucrania\\\/\"]}]},{\"@type\":\"ImageObject\",\"inLanguage\":\"es\",\"@id\":\"https:\\\/\\\/intelsynet.com\\\/agricultores-polacos-intensifican-sus-protestas-y-bloquean-pasos-fronterizos-con-ucrania\\\/#primaryimage\",\"url\":\"https:\\\/\\\/intelsynet.com\\\/wp-content\\\/uploads\\\/2024\\\/04\\\/AP24051576994737.webp\",\"contentUrl\":\"https:\\\/\\\/intelsynet.com\\\/wp-content\\\/uploads\\\/2024\\\/04\\\/AP24051576994737.webp\",\"width\":980,\"height\":551},{\"@type\":\"BreadcrumbList\",\"@id\":\"https:\\\/\\\/intelsynet.com\\\/agricultores-polacos-intensifican-sus-protestas-y-bloquean-pasos-fronterizos-con-ucrania\\\/#breadcrumb\",\"itemListElement\":[{\"@type\":\"ListItem\",\"position\":1,\"name\":\"Portada\",\"item\":\"https:\\\/\\\/intelsynet.com\\\/\"},{\"@type\":\"ListItem\",\"position\":2,\"name\":\"Agricultores polacos intensifican sus protestas y bloquean pasos fronterizos con Ucrania\"}]},{\"@type\":\"WebSite\",\"@id\":\"https:\\\/\\\/intelsynet.com\\\/es\\\/#website\",\"url\":\"https:\\\/\\\/intelsynet.com\\\/es\\\/\",\"name\":\"Intelsynet\",\"description\":\"Advisory Services\",\"potentialAction\":[{\"@type\":\"SearchAction\",\"target\":{\"@type\":\"EntryPoint\",\"urlTemplate\":\"https:\\\/\\\/intelsynet.com\\\/es\\\/?s={search_term_string}\"},\"query-input\":{\"@type\":\"PropertyValueSpecification\",\"valueRequired\":true,\"valueName\":\"search_term_string\"}}],\"inLanguage\":\"es\"},{\"@type\":\"Person\",\"@id\":\"https:\\\/\\\/intelsynet.com\\\/es\\\/#\\\/schema\\\/person\\\/62b4711a8de3423f0f1537cb5daa1748\",\"name\":\"produccion\",\"image\":{\"@type\":\"ImageObject\",\"inLanguage\":\"es\",\"@id\":\"https:\\\/\\\/secure.gravatar.com\\\/avatar\\\/bbda47eeca6a4d008c3cda344ed3cf00b82bd1a9f9fb41804c887c2ac269b8ec?s=96&d=mm&r=g\",\"url\":\"https:\\\/\\\/secure.gravatar.com\\\/avatar\\\/bbda47eeca6a4d008c3cda344ed3cf00b82bd1a9f9fb41804c887c2ac269b8ec?s=96&d=mm&r=g\",\"contentUrl\":\"https:\\\/\\\/secure.gravatar.com\\\/avatar\\\/bbda47eeca6a4d008c3cda344ed3cf00b82bd1a9f9fb41804c887c2ac269b8ec?s=96&d=mm&r=g\",\"caption\":\"produccion\"},\"url\":\"https:\\\/\\\/intelsynet.com\\\/es\\\/author\\\/produccion\\\/\"}]}<\/script>\n<!-- \/ Yoast SEO plugin. -->","yoast_head_json":{"title":"Agricultores polacos intensifican sus protestas y bloquean pasos fronterizos con Ucrania - Intelsynet","robots":{"index":"index","follow":"follow","max-snippet":"max-snippet:-1","max-image-preview":"max-image-preview:large","max-video-preview":"max-video-preview:-1"},"canonical":"https:\/\/intelsynet.com\/agricultores-polacos-intensifican-sus-protestas-y-bloquean-pasos-fronterizos-con-ucrania\/","og_locale":"es_ES","og_type":"article","og_title":"Agricultores polacos intensifican sus protestas y bloquean pasos fronterizos con Ucrania - Intelsynet","og_url":"https:\/\/intelsynet.com\/agricultores-polacos-intensifican-sus-protestas-y-bloquean-pasos-fronterizos-con-ucrania\/","og_site_name":"Intelsynet","article_published_time":"2024-02-22T11:48:23+00:00","article_modified_time":"2024-04-25T11:53:24+00:00","og_image":[{"width":980,"height":551,"url":"https:\/\/intelsynet.com\/wp-content\/uploads\/2024\/04\/AP24051576994737.webp","type":"image\/webp"}],"author":"produccion","twitter_card":"summary_large_image","twitter_misc":{"Escrito por":"produccion","Tiempo de lectura":"3 minutos"},"schema":{"@context":"https:\/\/schema.org","@graph":[{"@type":"Article","@id":"https:\/\/intelsynet.com\/agricultores-polacos-intensifican-sus-protestas-y-bloquean-pasos-fronterizos-con-ucrania\/#article","isPartOf":{"@id":"https:\/\/intelsynet.com\/agricultores-polacos-intensifican-sus-protestas-y-bloquean-pasos-fronterizos-con-ucrania\/"},"author":{"name":"produccion","@id":"https:\/\/intelsynet.com\/es\/#\/schema\/person\/62b4711a8de3423f0f1537cb5daa1748"},"headline":"Agricultores polacos intensifican sus protestas y bloquean pasos fronterizos con Ucrania","datePublished":"2024-02-22T11:48:23+00:00","dateModified":"2024-04-25T11:53:24+00:00","mainEntityOfPage":{"@id":"https:\/\/intelsynet.com\/agricultores-polacos-intensifican-sus-protestas-y-bloquean-pasos-fronterizos-con-ucrania\/"},"wordCount":860,"commentCount":0,"image":{"@id":"https:\/\/intelsynet.com\/agricultores-polacos-intensifican-sus-protestas-y-bloquean-pasos-fronterizos-con-ucrania\/#primaryimage"},"thumbnailUrl":"https:\/\/intelsynet.com\/wp-content\/uploads\/2024\/04\/AP24051576994737.webp","keywords":["emobility","energy","estrategia","finanzas","l\u00f3gica econ\u00f3mica","negocios"],"articleSection":["Art\u00edculos","Geopol\u00edtica"],"inLanguage":"es","potentialAction":[{"@type":"CommentAction","name":"Comment","target":["https:\/\/intelsynet.com\/agricultores-polacos-intensifican-sus-protestas-y-bloquean-pasos-fronterizos-con-ucrania\/#respond"]}]},{"@type":"WebPage","@id":"https:\/\/intelsynet.com\/agricultores-polacos-intensifican-sus-protestas-y-bloquean-pasos-fronterizos-con-ucrania\/","url":"https:\/\/intelsynet.com\/agricultores-polacos-intensifican-sus-protestas-y-bloquean-pasos-fronterizos-con-ucrania\/","name":"Agricultores polacos intensifican sus protestas y bloquean pasos fronterizos con Ucrania - Intelsynet","isPartOf":{"@id":"https:\/\/intelsynet.com\/es\/#website"},"primaryImageOfPage":{"@id":"https:\/\/intelsynet.com\/agricultores-polacos-intensifican-sus-protestas-y-bloquean-pasos-fronterizos-con-ucrania\/#primaryimage"},"image":{"@id":"https:\/\/intelsynet.com\/agricultores-polacos-intensifican-sus-protestas-y-bloquean-pasos-fronterizos-con-ucrania\/#primaryimage"},"thumbnailUrl":"https:\/\/intelsynet.com\/wp-content\/uploads\/2024\/04\/AP24051576994737.webp","datePublished":"2024-02-22T11:48:23+00:00","dateModified":"2024-04-25T11:53:24+00:00","author":{"@id":"https:\/\/intelsynet.com\/es\/#\/schema\/person\/62b4711a8de3423f0f1537cb5daa1748"},"breadcrumb":{"@id":"https:\/\/intelsynet.com\/agricultores-polacos-intensifican-sus-protestas-y-bloquean-pasos-fronterizos-con-ucrania\/#breadcrumb"},"inLanguage":"es","potentialAction":[{"@type":"ReadAction","target":["https:\/\/intelsynet.com\/agricultores-polacos-intensifican-sus-protestas-y-bloquean-pasos-fronterizos-con-ucrania\/"]}]},{"@type":"ImageObject","inLanguage":"es","@id":"https:\/\/intelsynet.com\/agricultores-polacos-intensifican-sus-protestas-y-bloquean-pasos-fronterizos-con-ucrania\/#primaryimage","url":"https:\/\/intelsynet.com\/wp-content\/uploads\/2024\/04\/AP24051576994737.webp","contentUrl":"https:\/\/intelsynet.com\/wp-content\/uploads\/2024\/04\/AP24051576994737.webp","width":980,"height":551},{"@type":"BreadcrumbList","@id":"https:\/\/intelsynet.com\/agricultores-polacos-intensifican-sus-protestas-y-bloquean-pasos-fronterizos-con-ucrania\/#breadcrumb","itemListElement":[{"@type":"ListItem","position":1,"name":"Portada","item":"https:\/\/intelsynet.com\/"},{"@type":"ListItem","position":2,"name":"Agricultores polacos intensifican sus protestas y bloquean pasos fronterizos con Ucrania"}]},{"@type":"WebSite","@id":"https:\/\/intelsynet.com\/es\/#website","url":"https:\/\/intelsynet.com\/es\/","name":"Intelsynet","description":"Advisory Services","potentialAction":[{"@type":"SearchAction","target":{"@type":"EntryPoint","urlTemplate":"https:\/\/intelsynet.com\/es\/?s={search_term_string}"},"query-input":{"@type":"PropertyValueSpecification","valueRequired":true,"valueName":"search_term_string"}}],"inLanguage":"es"},{"@type":"Person","@id":"https:\/\/intelsynet.com\/es\/#\/schema\/person\/62b4711a8de3423f0f1537cb5daa1748","name":"produccion","image":{"@type":"ImageObject","inLanguage":"es","@id":"https:\/\/secure.gravatar.com\/avatar\/bbda47eeca6a4d008c3cda344ed3cf00b82bd1a9f9fb41804c887c2ac269b8ec?s=96&d=mm&r=g","url":"https:\/\/secure.gravatar.com\/avatar\/bbda47eeca6a4d008c3cda344ed3cf00b82bd1a9f9fb41804c887c2ac269b8ec?s=96&d=mm&r=g","contentUrl":"https:\/\/secure.gravatar.com\/avatar\/bbda47eeca6a4d008c3cda344ed3cf00b82bd1a9f9fb41804c887c2ac269b8ec?s=96&d=mm&r=g","caption":"produccion"},"url":"https:\/\/intelsynet.com\/es\/author\/produccion\/"}]}},"_links":{"self":[{"href":"https:\/\/intelsynet.com\/es\/wp-json\/wp\/v2\/posts\/3277","targetHints":{"allow":["GET"]}}],"collection":[{"href":"https:\/\/intelsynet.com\/es\/wp-json\/wp\/v2\/posts"}],"about":[{"href":"https:\/\/intelsynet.com\/es\/wp-json\/wp\/v2\/types\/post"}],"author":[{"embeddable":true,"href":"https:\/\/intelsynet.com\/es\/wp-json\/wp\/v2\/users\/1"}],"replies":[{"embeddable":true,"href":"https:\/\/intelsynet.com\/es\/wp-json\/wp\/v2\/comments?post=3277"}],"version-history":[{"count":1,"href":"https:\/\/intelsynet.com\/es\/wp-json\/wp\/v2\/posts\/3277\/revisions"}],"predecessor-version":[{"id":3279,"href":"https:\/\/intelsynet.com\/es\/wp-json\/wp\/v2\/posts\/3277\/revisions\/3279"}],"wp:featuredmedia":[{"embeddable":true,"href":"https:\/\/intelsynet.com\/es\/wp-json\/wp\/v2\/media\/3278"}],"wp:attachment":[{"href":"https:\/\/intelsynet.com\/es\/wp-json\/wp\/v2\/media?parent=3277"}],"wp:term":[{"taxonomy":"category","embeddable":true,"href":"https:\/\/intelsynet.com\/es\/wp-json\/wp\/v2\/categories?post=3277"},{"taxonomy":"post_tag","embeddable":true,"href":"https:\/\/intelsynet.com\/es\/wp-json\/wp\/v2\/tags?post=3277"}],"curies":[{"name":"wp","href":"https:\/\/api.w.org\/{rel}","templated":true}]}}