{"id":3269,"date":"2024-04-25T11:03:56","date_gmt":"2024-04-25T11:03:56","guid":{"rendered":"https:\/\/intelsynet.com\/?p=3269"},"modified":"2024-04-25T11:52:58","modified_gmt":"2024-04-25T11:52:58","slug":"directiva-aprobada-multas-para-empresas-que-danen-derechos-humanos-y-medio-ambiente","status":"publish","type":"post","link":"https:\/\/intelsynet.com\/es\/directiva-aprobada-multas-para-empresas-que-danen-derechos-humanos-y-medio-ambiente\/","title":{"rendered":"Directiva aprobada: Multas para empresas que da\u00f1en derechos humanos y medio ambiente"},"content":{"rendered":"<div class=\"fusion-fullwidth fullwidth-box fusion-builder-row-1 fusion-flex-container nonhundred-percent-fullwidth non-hundred-percent-height-scrolling\" style=\"background-color: rgba(255,255,255,0);background-position: center center;background-repeat: no-repeat;border-width: 0px 0px 0px 0px;border-color:rgba(97,158,133,0);border-style:solid;\" ><div class=\"fusion-builder-row fusion-row fusion-flex-align-items-flex-start\" style=\"max-width:1216.8px;margin-left: calc(-4% \/ 2 );margin-right: calc(-4% \/ 2 );\"><div class=\"fusion-layout-column fusion_builder_column fusion-builder-column-0 fusion_builder_column_1_1 1_1 fusion-flex-column\"><div class=\"fusion-column-wrapper fusion-flex-justify-content-flex-start fusion-content-layout-column\" style=\"background-position:left top;background-repeat:no-repeat;-webkit-background-size:cover;-moz-background-size:cover;-o-background-size:cover;background-size:cover;padding: 0px 0px 0px 0px;\"><div class=\"fusion-text fusion-text-1\"><p>El Parlamento Europeo ha aprobado este mes de abril la Directiva de Diligencia Debida (tambi\u00e9n conocida como CSDDD o CS3D), una norma que impone multas a las grandes empresas que violen los derechos humanos y el medio ambiente en toda su cadena de suministro. Esto incluye cuestiones como esclavitud, trabajo infantil, p\u00e9rdida de biodiversidad y contaminaci\u00f3n.<\/p>\n<p>La directiva, que afecta a menos empresas de lo previsto inicialmente, obliga a las compa\u00f1\u00edas a implementar pr\u00e1cticas sostenibles y procesos de diligencia debida en su cadena de valor. Aunque la versi\u00f3n aprobada reduce el alcance original, todav\u00eda afectar\u00e1 significativamente a los derechos humanos en los proveedores de pa\u00edses en desarrollo.<\/p>\n<p>La norma excluye a empresas con actividades de alto riesgo que est\u00e9n por debajo de ciertos l\u00edmites de tama\u00f1o. Ha experimentado cambios significativos debido a la oposici\u00f3n de pa\u00edses como Italia, Francia y Alemania. Sin embargo, ha sido aprobada en el Parlamento con 374 votos a favor, 235 en contra y 19 abstenciones.<\/p>\n<p>Las grandes empresas afectadas transmitir\u00e1n los requisitos a sus socios y proveedores, lo que impactar\u00e1 indirectamente a m\u00e1s organizaciones a lo largo de las cadenas de suministro mundiales. Aunque el alcance se ha reducido, la directiva introduce responsabilidades legales para las empresas respecto a sus impactos en los derechos humanos y el medio ambiente, convirtiendo lo voluntario en obligatorio.<\/p>\n<p>Expertos destacan que esta aprobaci\u00f3n representa un avance significativo, pasando de recomendaciones a obligaciones. A medida que se adquiera experiencia, la UE y los pa\u00edses pueden mejorar las disposiciones.<\/p>\n<p>Para m\u00e1s informaci\u00f3n, puedes leer la noticia completa en el siguiente enlace: <em><a href=\"https:\/\/www.eleconomista.es\/mercados-cotizaciones\/noticias\/12784331\/04\/24\/el-parlamento-europeo-da-luz-verde-a-la-directiva-de-diligencia-debida.html\" target=\"_blank\" rel=\"noopener\">multas y sanciones para las grandes empresas que socaven los derechos humanos.<\/a><\/em><\/p>\n<\/div><\/div><style type=\"text\/css\">.fusion-body .fusion-builder-column-0{width:100% !important;margin-top : 0px;margin-bottom : 20px;}.fusion-builder-column-0 > .fusion-column-wrapper {padding-top : 0px !important;padding-right : 0px !important;margin-right : 1.92%;padding-bottom : 0px !important;padding-left : 0px !important;margin-left : 1.92%;}@media only screen and (max-width:1024px) {.fusion-body .fusion-builder-column-0{width:100% !important;order : 0;}.fusion-builder-column-0 > .fusion-column-wrapper {margin-right : 1.92%;margin-left : 1.92%;}}@media only screen and (max-width:640px) {.fusion-body .fusion-builder-column-0{width:100% !important;order : 0;}.fusion-builder-column-0 > .fusion-column-wrapper {margin-right : 1.92%;margin-left : 1.92%;}}<\/style><\/div><\/div><style type=\"text\/css\">.fusion-body .fusion-flex-container.fusion-builder-row-1{ padding-top : 0px;margin-top : 0px;padding-right : 0px;padding-bottom : 0px;margin-bottom : 0px;padding-left : 0px;}<\/style><\/div>\n","protected":false},"excerpt":{"rendered":"","protected":false},"author":1,"featured_media":3270,"comment_status":"open","ping_status":"open","sticky":false,"template":"","format":"standard","meta":{"footnotes":""},"categories":[2,119,117],"tags":[108,133,123,115,109,130,90,112],"class_list":["post-3269","post","type-post","status-publish","format-standard","has-post-thumbnail","hentry","category-nuestros-articulos","category-geopolitica","category-sostenibilidad","tag-emobility","tag-energias-renovables","tag-energy","tag-estrategia","tag-logicaeconomica","tag-negocios","tag-sostenibilidad","tag-sostenibilidadambiental"],"yoast_head":"<!-- This site is optimized with the Yoast SEO plugin v27.5 - https:\/\/yoast.com\/product\/yoast-seo-wordpress\/ -->\n<title>Directiva aprobada: Multas para empresas que da\u00f1en derechos humanos y medio ambiente - Intelsynet<\/title>\n<meta name=\"robots\" content=\"index, follow, max-snippet:-1, max-image-preview:large, max-video-preview:-1\" \/>\n<link rel=\"canonical\" href=\"https:\/\/intelsynet.com\/directiva-aprobada-multas-para-empresas-que-danen-derechos-humanos-y-medio-ambiente\/\" \/>\n<meta property=\"og:locale\" content=\"es_ES\" \/>\n<meta property=\"og:type\" content=\"article\" \/>\n<meta property=\"og:title\" content=\"Directiva aprobada: Multas para empresas que da\u00f1en derechos humanos y medio ambiente - Intelsynet\" \/>\n<meta property=\"og:url\" content=\"https:\/\/intelsynet.com\/directiva-aprobada-multas-para-empresas-que-danen-derechos-humanos-y-medio-ambiente\/\" \/>\n<meta property=\"og:site_name\" content=\"Intelsynet\" \/>\n<meta property=\"article:published_time\" content=\"2024-04-25T11:03:56+00:00\" \/>\n<meta property=\"article:modified_time\" content=\"2024-04-25T11:52:58+00:00\" \/>\n<meta property=\"og:image\" content=\"https:\/\/intelsynet.com\/wp-content\/uploads\/2024\/04\/Parlamento-Europeo.jpg\" \/>\n\t<meta property=\"og:image:width\" content=\"1200\" \/>\n\t<meta property=\"og:image:height\" content=\"655\" \/>\n\t<meta property=\"og:image:type\" content=\"image\/jpeg\" \/>\n<meta name=\"author\" content=\"produccion\" \/>\n<meta name=\"twitter:card\" content=\"summary_large_image\" \/>\n<meta name=\"twitter:label1\" content=\"Escrito por\" \/>\n\t<meta name=\"twitter:data1\" content=\"produccion\" \/>\n\t<meta name=\"twitter:label2\" content=\"Tiempo de lectura\" \/>\n\t<meta name=\"twitter:data2\" content=\"3 minutos\" \/>\n<script type=\"application\/ld+json\" class=\"yoast-schema-graph\">{\"@context\":\"https:\\\/\\\/schema.org\",\"@graph\":[{\"@type\":\"Article\",\"@id\":\"https:\\\/\\\/intelsynet.com\\\/directiva-aprobada-multas-para-empresas-que-danen-derechos-humanos-y-medio-ambiente\\\/#article\",\"isPartOf\":{\"@id\":\"https:\\\/\\\/intelsynet.com\\\/directiva-aprobada-multas-para-empresas-que-danen-derechos-humanos-y-medio-ambiente\\\/\"},\"author\":{\"name\":\"produccion\",\"@id\":\"https:\\\/\\\/intelsynet.com\\\/es\\\/#\\\/schema\\\/person\\\/62b4711a8de3423f0f1537cb5daa1748\"},\"headline\":\"Directiva aprobada: Multas para empresas que da\u00f1en derechos humanos y medio ambiente\",\"datePublished\":\"2024-04-25T11:03:56+00:00\",\"dateModified\":\"2024-04-25T11:52:58+00:00\",\"mainEntityOfPage\":{\"@id\":\"https:\\\/\\\/intelsynet.com\\\/directiva-aprobada-multas-para-empresas-que-danen-derechos-humanos-y-medio-ambiente\\\/\"},\"wordCount\":926,\"commentCount\":0,\"image\":{\"@id\":\"https:\\\/\\\/intelsynet.com\\\/directiva-aprobada-multas-para-empresas-que-danen-derechos-humanos-y-medio-ambiente\\\/#primaryimage\"},\"thumbnailUrl\":\"https:\\\/\\\/intelsynet.com\\\/wp-content\\\/uploads\\\/2024\\\/04\\\/Parlamento-Europeo.jpg\",\"keywords\":[\"emobility\",\"energ\u00edas renovables\",\"energy\",\"estrategia\",\"l\u00f3gica econ\u00f3mica\",\"negocios\",\"sostenibilidad\",\"sostenibilidad ambiental\"],\"articleSection\":[\"Art\u00edculos\",\"Geopol\u00edtica\",\"Sostenibilidad\"],\"inLanguage\":\"es\",\"potentialAction\":[{\"@type\":\"CommentAction\",\"name\":\"Comment\",\"target\":[\"https:\\\/\\\/intelsynet.com\\\/directiva-aprobada-multas-para-empresas-que-danen-derechos-humanos-y-medio-ambiente\\\/#respond\"]}]},{\"@type\":\"WebPage\",\"@id\":\"https:\\\/\\\/intelsynet.com\\\/directiva-aprobada-multas-para-empresas-que-danen-derechos-humanos-y-medio-ambiente\\\/\",\"url\":\"https:\\\/\\\/intelsynet.com\\\/directiva-aprobada-multas-para-empresas-que-danen-derechos-humanos-y-medio-ambiente\\\/\",\"name\":\"Directiva aprobada: Multas para empresas que da\u00f1en derechos humanos y medio ambiente - Intelsynet\",\"isPartOf\":{\"@id\":\"https:\\\/\\\/intelsynet.com\\\/es\\\/#website\"},\"primaryImageOfPage\":{\"@id\":\"https:\\\/\\\/intelsynet.com\\\/directiva-aprobada-multas-para-empresas-que-danen-derechos-humanos-y-medio-ambiente\\\/#primaryimage\"},\"image\":{\"@id\":\"https:\\\/\\\/intelsynet.com\\\/directiva-aprobada-multas-para-empresas-que-danen-derechos-humanos-y-medio-ambiente\\\/#primaryimage\"},\"thumbnailUrl\":\"https:\\\/\\\/intelsynet.com\\\/wp-content\\\/uploads\\\/2024\\\/04\\\/Parlamento-Europeo.jpg\",\"datePublished\":\"2024-04-25T11:03:56+00:00\",\"dateModified\":\"2024-04-25T11:52:58+00:00\",\"author\":{\"@id\":\"https:\\\/\\\/intelsynet.com\\\/es\\\/#\\\/schema\\\/person\\\/62b4711a8de3423f0f1537cb5daa1748\"},\"breadcrumb\":{\"@id\":\"https:\\\/\\\/intelsynet.com\\\/directiva-aprobada-multas-para-empresas-que-danen-derechos-humanos-y-medio-ambiente\\\/#breadcrumb\"},\"inLanguage\":\"es\",\"potentialAction\":[{\"@type\":\"ReadAction\",\"target\":[\"https:\\\/\\\/intelsynet.com\\\/directiva-aprobada-multas-para-empresas-que-danen-derechos-humanos-y-medio-ambiente\\\/\"]}]},{\"@type\":\"ImageObject\",\"inLanguage\":\"es\",\"@id\":\"https:\\\/\\\/intelsynet.com\\\/directiva-aprobada-multas-para-empresas-que-danen-derechos-humanos-y-medio-ambiente\\\/#primaryimage\",\"url\":\"https:\\\/\\\/intelsynet.com\\\/wp-content\\\/uploads\\\/2024\\\/04\\\/Parlamento-Europeo.jpg\",\"contentUrl\":\"https:\\\/\\\/intelsynet.com\\\/wp-content\\\/uploads\\\/2024\\\/04\\\/Parlamento-Europeo.jpg\",\"width\":1200,\"height\":655},{\"@type\":\"BreadcrumbList\",\"@id\":\"https:\\\/\\\/intelsynet.com\\\/directiva-aprobada-multas-para-empresas-que-danen-derechos-humanos-y-medio-ambiente\\\/#breadcrumb\",\"itemListElement\":[{\"@type\":\"ListItem\",\"position\":1,\"name\":\"Portada\",\"item\":\"https:\\\/\\\/intelsynet.com\\\/\"},{\"@type\":\"ListItem\",\"position\":2,\"name\":\"Directiva aprobada: Multas para empresas que da\u00f1en derechos humanos y medio ambiente\"}]},{\"@type\":\"WebSite\",\"@id\":\"https:\\\/\\\/intelsynet.com\\\/es\\\/#website\",\"url\":\"https:\\\/\\\/intelsynet.com\\\/es\\\/\",\"name\":\"Intelsynet\",\"description\":\"Advisory Services\",\"potentialAction\":[{\"@type\":\"SearchAction\",\"target\":{\"@type\":\"EntryPoint\",\"urlTemplate\":\"https:\\\/\\\/intelsynet.com\\\/es\\\/?s={search_term_string}\"},\"query-input\":{\"@type\":\"PropertyValueSpecification\",\"valueRequired\":true,\"valueName\":\"search_term_string\"}}],\"inLanguage\":\"es\"},{\"@type\":\"Person\",\"@id\":\"https:\\\/\\\/intelsynet.com\\\/es\\\/#\\\/schema\\\/person\\\/62b4711a8de3423f0f1537cb5daa1748\",\"name\":\"produccion\",\"image\":{\"@type\":\"ImageObject\",\"inLanguage\":\"es\",\"@id\":\"https:\\\/\\\/secure.gravatar.com\\\/avatar\\\/bbda47eeca6a4d008c3cda344ed3cf00b82bd1a9f9fb41804c887c2ac269b8ec?s=96&d=mm&r=g\",\"url\":\"https:\\\/\\\/secure.gravatar.com\\\/avatar\\\/bbda47eeca6a4d008c3cda344ed3cf00b82bd1a9f9fb41804c887c2ac269b8ec?s=96&d=mm&r=g\",\"contentUrl\":\"https:\\\/\\\/secure.gravatar.com\\\/avatar\\\/bbda47eeca6a4d008c3cda344ed3cf00b82bd1a9f9fb41804c887c2ac269b8ec?s=96&d=mm&r=g\",\"caption\":\"produccion\"},\"url\":\"https:\\\/\\\/intelsynet.com\\\/es\\\/author\\\/produccion\\\/\"}]}<\/script>\n<!-- \/ Yoast SEO plugin. -->","yoast_head_json":{"title":"Directiva aprobada: Multas para empresas que da\u00f1en derechos humanos y medio ambiente - Intelsynet","robots":{"index":"index","follow":"follow","max-snippet":"max-snippet:-1","max-image-preview":"max-image-preview:large","max-video-preview":"max-video-preview:-1"},"canonical":"https:\/\/intelsynet.com\/directiva-aprobada-multas-para-empresas-que-danen-derechos-humanos-y-medio-ambiente\/","og_locale":"es_ES","og_type":"article","og_title":"Directiva aprobada: Multas para empresas que da\u00f1en derechos humanos y medio ambiente - Intelsynet","og_url":"https:\/\/intelsynet.com\/directiva-aprobada-multas-para-empresas-que-danen-derechos-humanos-y-medio-ambiente\/","og_site_name":"Intelsynet","article_published_time":"2024-04-25T11:03:56+00:00","article_modified_time":"2024-04-25T11:52:58+00:00","og_image":[{"width":1200,"height":655,"url":"https:\/\/intelsynet.com\/wp-content\/uploads\/2024\/04\/Parlamento-Europeo.jpg","type":"image\/jpeg"}],"author":"produccion","twitter_card":"summary_large_image","twitter_misc":{"Escrito por":"produccion","Tiempo de lectura":"3 minutos"},"schema":{"@context":"https:\/\/schema.org","@graph":[{"@type":"Article","@id":"https:\/\/intelsynet.com\/directiva-aprobada-multas-para-empresas-que-danen-derechos-humanos-y-medio-ambiente\/#article","isPartOf":{"@id":"https:\/\/intelsynet.com\/directiva-aprobada-multas-para-empresas-que-danen-derechos-humanos-y-medio-ambiente\/"},"author":{"name":"produccion","@id":"https:\/\/intelsynet.com\/es\/#\/schema\/person\/62b4711a8de3423f0f1537cb5daa1748"},"headline":"Directiva aprobada: Multas para empresas que da\u00f1en derechos humanos y medio ambiente","datePublished":"2024-04-25T11:03:56+00:00","dateModified":"2024-04-25T11:52:58+00:00","mainEntityOfPage":{"@id":"https:\/\/intelsynet.com\/directiva-aprobada-multas-para-empresas-que-danen-derechos-humanos-y-medio-ambiente\/"},"wordCount":926,"commentCount":0,"image":{"@id":"https:\/\/intelsynet.com\/directiva-aprobada-multas-para-empresas-que-danen-derechos-humanos-y-medio-ambiente\/#primaryimage"},"thumbnailUrl":"https:\/\/intelsynet.com\/wp-content\/uploads\/2024\/04\/Parlamento-Europeo.jpg","keywords":["emobility","energ\u00edas renovables","energy","estrategia","l\u00f3gica econ\u00f3mica","negocios","sostenibilidad","sostenibilidad ambiental"],"articleSection":["Art\u00edculos","Geopol\u00edtica","Sostenibilidad"],"inLanguage":"es","potentialAction":[{"@type":"CommentAction","name":"Comment","target":["https:\/\/intelsynet.com\/directiva-aprobada-multas-para-empresas-que-danen-derechos-humanos-y-medio-ambiente\/#respond"]}]},{"@type":"WebPage","@id":"https:\/\/intelsynet.com\/directiva-aprobada-multas-para-empresas-que-danen-derechos-humanos-y-medio-ambiente\/","url":"https:\/\/intelsynet.com\/directiva-aprobada-multas-para-empresas-que-danen-derechos-humanos-y-medio-ambiente\/","name":"Directiva aprobada: Multas para empresas que da\u00f1en derechos humanos y medio ambiente - Intelsynet","isPartOf":{"@id":"https:\/\/intelsynet.com\/es\/#website"},"primaryImageOfPage":{"@id":"https:\/\/intelsynet.com\/directiva-aprobada-multas-para-empresas-que-danen-derechos-humanos-y-medio-ambiente\/#primaryimage"},"image":{"@id":"https:\/\/intelsynet.com\/directiva-aprobada-multas-para-empresas-que-danen-derechos-humanos-y-medio-ambiente\/#primaryimage"},"thumbnailUrl":"https:\/\/intelsynet.com\/wp-content\/uploads\/2024\/04\/Parlamento-Europeo.jpg","datePublished":"2024-04-25T11:03:56+00:00","dateModified":"2024-04-25T11:52:58+00:00","author":{"@id":"https:\/\/intelsynet.com\/es\/#\/schema\/person\/62b4711a8de3423f0f1537cb5daa1748"},"breadcrumb":{"@id":"https:\/\/intelsynet.com\/directiva-aprobada-multas-para-empresas-que-danen-derechos-humanos-y-medio-ambiente\/#breadcrumb"},"inLanguage":"es","potentialAction":[{"@type":"ReadAction","target":["https:\/\/intelsynet.com\/directiva-aprobada-multas-para-empresas-que-danen-derechos-humanos-y-medio-ambiente\/"]}]},{"@type":"ImageObject","inLanguage":"es","@id":"https:\/\/intelsynet.com\/directiva-aprobada-multas-para-empresas-que-danen-derechos-humanos-y-medio-ambiente\/#primaryimage","url":"https:\/\/intelsynet.com\/wp-content\/uploads\/2024\/04\/Parlamento-Europeo.jpg","contentUrl":"https:\/\/intelsynet.com\/wp-content\/uploads\/2024\/04\/Parlamento-Europeo.jpg","width":1200,"height":655},{"@type":"BreadcrumbList","@id":"https:\/\/intelsynet.com\/directiva-aprobada-multas-para-empresas-que-danen-derechos-humanos-y-medio-ambiente\/#breadcrumb","itemListElement":[{"@type":"ListItem","position":1,"name":"Portada","item":"https:\/\/intelsynet.com\/"},{"@type":"ListItem","position":2,"name":"Directiva aprobada: Multas para empresas que da\u00f1en derechos humanos y medio ambiente"}]},{"@type":"WebSite","@id":"https:\/\/intelsynet.com\/es\/#website","url":"https:\/\/intelsynet.com\/es\/","name":"Intelsynet","description":"Advisory Services","potentialAction":[{"@type":"SearchAction","target":{"@type":"EntryPoint","urlTemplate":"https:\/\/intelsynet.com\/es\/?s={search_term_string}"},"query-input":{"@type":"PropertyValueSpecification","valueRequired":true,"valueName":"search_term_string"}}],"inLanguage":"es"},{"@type":"Person","@id":"https:\/\/intelsynet.com\/es\/#\/schema\/person\/62b4711a8de3423f0f1537cb5daa1748","name":"produccion","image":{"@type":"ImageObject","inLanguage":"es","@id":"https:\/\/secure.gravatar.com\/avatar\/bbda47eeca6a4d008c3cda344ed3cf00b82bd1a9f9fb41804c887c2ac269b8ec?s=96&d=mm&r=g","url":"https:\/\/secure.gravatar.com\/avatar\/bbda47eeca6a4d008c3cda344ed3cf00b82bd1a9f9fb41804c887c2ac269b8ec?s=96&d=mm&r=g","contentUrl":"https:\/\/secure.gravatar.com\/avatar\/bbda47eeca6a4d008c3cda344ed3cf00b82bd1a9f9fb41804c887c2ac269b8ec?s=96&d=mm&r=g","caption":"produccion"},"url":"https:\/\/intelsynet.com\/es\/author\/produccion\/"}]}},"_links":{"self":[{"href":"https:\/\/intelsynet.com\/es\/wp-json\/wp\/v2\/posts\/3269","targetHints":{"allow":["GET"]}}],"collection":[{"href":"https:\/\/intelsynet.com\/es\/wp-json\/wp\/v2\/posts"}],"about":[{"href":"https:\/\/intelsynet.com\/es\/wp-json\/wp\/v2\/types\/post"}],"author":[{"embeddable":true,"href":"https:\/\/intelsynet.com\/es\/wp-json\/wp\/v2\/users\/1"}],"replies":[{"embeddable":true,"href":"https:\/\/intelsynet.com\/es\/wp-json\/wp\/v2\/comments?post=3269"}],"version-history":[{"count":2,"href":"https:\/\/intelsynet.com\/es\/wp-json\/wp\/v2\/posts\/3269\/revisions"}],"predecessor-version":[{"id":3272,"href":"https:\/\/intelsynet.com\/es\/wp-json\/wp\/v2\/posts\/3269\/revisions\/3272"}],"wp:featuredmedia":[{"embeddable":true,"href":"https:\/\/intelsynet.com\/es\/wp-json\/wp\/v2\/media\/3270"}],"wp:attachment":[{"href":"https:\/\/intelsynet.com\/es\/wp-json\/wp\/v2\/media?parent=3269"}],"wp:term":[{"taxonomy":"category","embeddable":true,"href":"https:\/\/intelsynet.com\/es\/wp-json\/wp\/v2\/categories?post=3269"},{"taxonomy":"post_tag","embeddable":true,"href":"https:\/\/intelsynet.com\/es\/wp-json\/wp\/v2\/tags?post=3269"}],"curies":[{"name":"wp","href":"https:\/\/api.w.org\/{rel}","templated":true}]}}