{"id":3261,"date":"2023-06-01T10:59:16","date_gmt":"2023-06-01T10:59:16","guid":{"rendered":"https:\/\/intelsynet.com\/?p=3261"},"modified":"2023-11-16T11:00:20","modified_gmt":"2023-11-16T11:00:20","slug":"el-parlamento-europeo-avanza-en-la-regulacion-de-la-inteligencia-artificial","status":"publish","type":"post","link":"https:\/\/intelsynet.com\/es\/el-parlamento-europeo-avanza-en-la-regulacion-de-la-inteligencia-artificial\/","title":{"rendered":"El Parlamento Europeo avanza en la regulaci\u00f3n de la Inteligencia Artificial"},"content":{"rendered":"<div class=\"fusion-fullwidth fullwidth-box fusion-builder-row-1 fusion-flex-container nonhundred-percent-fullwidth non-hundred-percent-height-scrolling\" style=\"background-color: rgba(255,255,255,0);background-position: center center;background-repeat: no-repeat;border-width: 0px 0px 0px 0px;border-color:rgba(97,158,133,0);border-style:solid;\" ><div class=\"fusion-builder-row fusion-row fusion-flex-align-items-flex-start\" style=\"max-width:1216.8px;margin-left: calc(-4% \/ 2 );margin-right: calc(-4% \/ 2 );\"><div class=\"fusion-layout-column fusion_builder_column fusion-builder-column-0 fusion_builder_column_1_1 1_1 fusion-flex-column\"><div class=\"fusion-column-wrapper fusion-flex-justify-content-flex-start fusion-content-layout-column\" style=\"background-position:left top;background-repeat:no-repeat;-webkit-background-size:cover;-moz-background-size:cover;-o-background-size:cover;background-size:cover;padding: 0px 0px 0px 0px;\"><div class=\"fusion-text fusion-text-1\"><p>La Comisi\u00f3n de Mercado Interior (IMCO) y la Comisi\u00f3n de Libertades Civiles (LIBE) del Parlamento Europeo han aprob\u00f3 el pasado 11 de mayo un proyecto de mandato de negociaci\u00f3n sobre la Ley de Inteligencia Artificial (IA). En el marco de la ciberseguridad de los sistemas de IA, la Uni\u00f3n Europea busca asegurar que estos sistemas sean resistentes ante intentos de manipulaci\u00f3n por agentes malintencionados que buscan explotar vulnerabilidades. Se pretende que los sistemas de IA de alto riesgo cumplan con est\u00e1ndares adecuados de ciberseguridad a lo largo de su ciclo de vida, incluyendo la certificaci\u00f3n o declaraci\u00f3n de conformidad seg\u00fan la Ley de Ciberseguridad de la UE de 2019, y que los implementadores adopten medidas t\u00e9cnicas y organizativas para garantizar su solidez, supervisando y ajustando peri\u00f3dicamente las medidas de ciberseguridad.<\/p>\n<p>Puedes ampliar m\u00e1s informaci\u00f3n acerca de la noticia en el siguiente enlace: <a href=\"https:\/\/www.europarl.europa.eu\/news\/en\/press-room\/20230505IPR84904\/ai-act-a-step-closer-to-the-first-rules-on-artificial-intelligence\" target=\"_blank\" rel=\"noopener\"><strong>AI Act, un paso m\u00e1s hacia las primeras normas sobre Inteligencia Artificial<\/strong><\/a><\/p>\n<\/div><\/div><style type=\"text\/css\">.fusion-body .fusion-builder-column-0{width:100% !important;margin-top : 0px;margin-bottom : 20px;}.fusion-builder-column-0 > .fusion-column-wrapper {padding-top : 0px !important;padding-right : 0px !important;margin-right : 1.92%;padding-bottom : 0px !important;padding-left : 0px !important;margin-left : 1.92%;}@media only screen and (max-width:1024px) {.fusion-body .fusion-builder-column-0{width:100% !important;order : 0;}.fusion-builder-column-0 > .fusion-column-wrapper {margin-right : 1.92%;margin-left : 1.92%;}}@media only screen and (max-width:640px) {.fusion-body .fusion-builder-column-0{width:100% !important;order : 0;}.fusion-builder-column-0 > .fusion-column-wrapper {margin-right : 1.92%;margin-left : 1.92%;}}<\/style><\/div><\/div><style type=\"text\/css\">.fusion-body .fusion-flex-container.fusion-builder-row-1{ padding-top : 0px;margin-top : 0px;padding-right : 0px;padding-bottom : 0px;margin-bottom : 0px;padding-left : 0px;}<\/style><\/div>\n","protected":false},"excerpt":{"rendered":"","protected":false},"author":1,"featured_media":3262,"comment_status":"open","ping_status":"open","sticky":false,"template":"","format":"standard","meta":{"footnotes":""},"categories":[2,118],"tags":[87,143,142,4,106,100],"class_list":["post-3261","post","type-post","status-publish","format-standard","has-post-thumbnail","hentry","category-nuestros-articulos","category-gestion-de-riesgos","tag-europa","tag-ia","tag-inteligencia-artificial","tag-technology","tag-tecnologia","tag-union-europea"],"yoast_head":"<!-- This site is optimized with the Yoast SEO plugin v27.5 - https:\/\/yoast.com\/product\/yoast-seo-wordpress\/ -->\n<title>El Parlamento Europeo avanza en la regulaci\u00f3n de la Inteligencia Artificial - Intelsynet<\/title>\n<meta name=\"robots\" content=\"index, follow, max-snippet:-1, max-image-preview:large, max-video-preview:-1\" \/>\n<link rel=\"canonical\" href=\"https:\/\/intelsynet.com\/el-parlamento-europeo-avanza-en-la-regulacion-de-la-inteligencia-artificial\/\" \/>\n<meta property=\"og:locale\" content=\"es_ES\" \/>\n<meta property=\"og:type\" content=\"article\" \/>\n<meta property=\"og:title\" content=\"El Parlamento Europeo avanza en la regulaci\u00f3n de la Inteligencia Artificial - Intelsynet\" \/>\n<meta property=\"og:url\" content=\"https:\/\/intelsynet.com\/el-parlamento-europeo-avanza-en-la-regulacion-de-la-inteligencia-artificial\/\" \/>\n<meta property=\"og:site_name\" content=\"Intelsynet\" \/>\n<meta property=\"article:published_time\" content=\"2023-06-01T10:59:16+00:00\" \/>\n<meta property=\"article:modified_time\" content=\"2023-11-16T11:00:20+00:00\" \/>\n<meta property=\"og:image\" content=\"https:\/\/intelsynet.com\/wp-content\/uploads\/2023\/11\/El-Parlamento-Europeo-avanza-en-la-regulacion-de-la-Inteligencia-Artificial.jpg\" \/>\n\t<meta property=\"og:image:width\" content=\"580\" \/>\n\t<meta property=\"og:image:height\" content=\"330\" \/>\n\t<meta property=\"og:image:type\" content=\"image\/jpeg\" \/>\n<meta name=\"author\" content=\"produccion\" \/>\n<meta name=\"twitter:card\" content=\"summary_large_image\" \/>\n<meta name=\"twitter:label1\" content=\"Escrito por\" \/>\n\t<meta name=\"twitter:data1\" content=\"produccion\" \/>\n\t<meta name=\"twitter:label2\" content=\"Tiempo de lectura\" \/>\n\t<meta name=\"twitter:data2\" content=\"2 minutos\" \/>\n<script type=\"application\/ld+json\" class=\"yoast-schema-graph\">{\"@context\":\"https:\\\/\\\/schema.org\",\"@graph\":[{\"@type\":\"Article\",\"@id\":\"https:\\\/\\\/intelsynet.com\\\/el-parlamento-europeo-avanza-en-la-regulacion-de-la-inteligencia-artificial\\\/#article\",\"isPartOf\":{\"@id\":\"https:\\\/\\\/intelsynet.com\\\/el-parlamento-europeo-avanza-en-la-regulacion-de-la-inteligencia-artificial\\\/\"},\"author\":{\"name\":\"produccion\",\"@id\":\"https:\\\/\\\/intelsynet.com\\\/es\\\/#\\\/schema\\\/person\\\/62b4711a8de3423f0f1537cb5daa1748\"},\"headline\":\"El Parlamento Europeo avanza en la regulaci\u00f3n de la Inteligencia Artificial\",\"datePublished\":\"2023-06-01T10:59:16+00:00\",\"dateModified\":\"2023-11-16T11:00:20+00:00\",\"mainEntityOfPage\":{\"@id\":\"https:\\\/\\\/intelsynet.com\\\/el-parlamento-europeo-avanza-en-la-regulacion-de-la-inteligencia-artificial\\\/\"},\"wordCount\":802,\"commentCount\":0,\"image\":{\"@id\":\"https:\\\/\\\/intelsynet.com\\\/el-parlamento-europeo-avanza-en-la-regulacion-de-la-inteligencia-artificial\\\/#primaryimage\"},\"thumbnailUrl\":\"https:\\\/\\\/intelsynet.com\\\/wp-content\\\/uploads\\\/2023\\\/11\\\/El-Parlamento-Europeo-avanza-en-la-regulacion-de-la-Inteligencia-Artificial.jpg\",\"keywords\":[\"Europa\",\"IA\",\"inteligencia artificial\",\"Technology\",\"tecnolog\u00eda\",\"Uni\u00f3n Europea\"],\"articleSection\":[\"Art\u00edculos\",\"Gesti\u00f3n de riesgos\"],\"inLanguage\":\"es\",\"potentialAction\":[{\"@type\":\"CommentAction\",\"name\":\"Comment\",\"target\":[\"https:\\\/\\\/intelsynet.com\\\/el-parlamento-europeo-avanza-en-la-regulacion-de-la-inteligencia-artificial\\\/#respond\"]}]},{\"@type\":\"WebPage\",\"@id\":\"https:\\\/\\\/intelsynet.com\\\/el-parlamento-europeo-avanza-en-la-regulacion-de-la-inteligencia-artificial\\\/\",\"url\":\"https:\\\/\\\/intelsynet.com\\\/el-parlamento-europeo-avanza-en-la-regulacion-de-la-inteligencia-artificial\\\/\",\"name\":\"El Parlamento Europeo avanza en la regulaci\u00f3n de la Inteligencia Artificial - Intelsynet\",\"isPartOf\":{\"@id\":\"https:\\\/\\\/intelsynet.com\\\/es\\\/#website\"},\"primaryImageOfPage\":{\"@id\":\"https:\\\/\\\/intelsynet.com\\\/el-parlamento-europeo-avanza-en-la-regulacion-de-la-inteligencia-artificial\\\/#primaryimage\"},\"image\":{\"@id\":\"https:\\\/\\\/intelsynet.com\\\/el-parlamento-europeo-avanza-en-la-regulacion-de-la-inteligencia-artificial\\\/#primaryimage\"},\"thumbnailUrl\":\"https:\\\/\\\/intelsynet.com\\\/wp-content\\\/uploads\\\/2023\\\/11\\\/El-Parlamento-Europeo-avanza-en-la-regulacion-de-la-Inteligencia-Artificial.jpg\",\"datePublished\":\"2023-06-01T10:59:16+00:00\",\"dateModified\":\"2023-11-16T11:00:20+00:00\",\"author\":{\"@id\":\"https:\\\/\\\/intelsynet.com\\\/es\\\/#\\\/schema\\\/person\\\/62b4711a8de3423f0f1537cb5daa1748\"},\"breadcrumb\":{\"@id\":\"https:\\\/\\\/intelsynet.com\\\/el-parlamento-europeo-avanza-en-la-regulacion-de-la-inteligencia-artificial\\\/#breadcrumb\"},\"inLanguage\":\"es\",\"potentialAction\":[{\"@type\":\"ReadAction\",\"target\":[\"https:\\\/\\\/intelsynet.com\\\/el-parlamento-europeo-avanza-en-la-regulacion-de-la-inteligencia-artificial\\\/\"]}]},{\"@type\":\"ImageObject\",\"inLanguage\":\"es\",\"@id\":\"https:\\\/\\\/intelsynet.com\\\/el-parlamento-europeo-avanza-en-la-regulacion-de-la-inteligencia-artificial\\\/#primaryimage\",\"url\":\"https:\\\/\\\/intelsynet.com\\\/wp-content\\\/uploads\\\/2023\\\/11\\\/El-Parlamento-Europeo-avanza-en-la-regulacion-de-la-Inteligencia-Artificial.jpg\",\"contentUrl\":\"https:\\\/\\\/intelsynet.com\\\/wp-content\\\/uploads\\\/2023\\\/11\\\/El-Parlamento-Europeo-avanza-en-la-regulacion-de-la-Inteligencia-Artificial.jpg\",\"width\":580,\"height\":330,\"caption\":\"El Parlamento Europeo avanza en la regulaci\u00f3n de la Inteligencia Artificial\"},{\"@type\":\"BreadcrumbList\",\"@id\":\"https:\\\/\\\/intelsynet.com\\\/el-parlamento-europeo-avanza-en-la-regulacion-de-la-inteligencia-artificial\\\/#breadcrumb\",\"itemListElement\":[{\"@type\":\"ListItem\",\"position\":1,\"name\":\"Portada\",\"item\":\"https:\\\/\\\/intelsynet.com\\\/\"},{\"@type\":\"ListItem\",\"position\":2,\"name\":\"El Parlamento Europeo avanza en la regulaci\u00f3n de la Inteligencia Artificial\"}]},{\"@type\":\"WebSite\",\"@id\":\"https:\\\/\\\/intelsynet.com\\\/es\\\/#website\",\"url\":\"https:\\\/\\\/intelsynet.com\\\/es\\\/\",\"name\":\"Intelsynet\",\"description\":\"Advisory Services\",\"potentialAction\":[{\"@type\":\"SearchAction\",\"target\":{\"@type\":\"EntryPoint\",\"urlTemplate\":\"https:\\\/\\\/intelsynet.com\\\/es\\\/?s={search_term_string}\"},\"query-input\":{\"@type\":\"PropertyValueSpecification\",\"valueRequired\":true,\"valueName\":\"search_term_string\"}}],\"inLanguage\":\"es\"},{\"@type\":\"Person\",\"@id\":\"https:\\\/\\\/intelsynet.com\\\/es\\\/#\\\/schema\\\/person\\\/62b4711a8de3423f0f1537cb5daa1748\",\"name\":\"produccion\",\"image\":{\"@type\":\"ImageObject\",\"inLanguage\":\"es\",\"@id\":\"https:\\\/\\\/secure.gravatar.com\\\/avatar\\\/bbda47eeca6a4d008c3cda344ed3cf00b82bd1a9f9fb41804c887c2ac269b8ec?s=96&d=mm&r=g\",\"url\":\"https:\\\/\\\/secure.gravatar.com\\\/avatar\\\/bbda47eeca6a4d008c3cda344ed3cf00b82bd1a9f9fb41804c887c2ac269b8ec?s=96&d=mm&r=g\",\"contentUrl\":\"https:\\\/\\\/secure.gravatar.com\\\/avatar\\\/bbda47eeca6a4d008c3cda344ed3cf00b82bd1a9f9fb41804c887c2ac269b8ec?s=96&d=mm&r=g\",\"caption\":\"produccion\"},\"url\":\"https:\\\/\\\/intelsynet.com\\\/es\\\/author\\\/produccion\\\/\"}]}<\/script>\n<!-- \/ Yoast SEO plugin. -->","yoast_head_json":{"title":"El Parlamento Europeo avanza en la regulaci\u00f3n de la Inteligencia Artificial - Intelsynet","robots":{"index":"index","follow":"follow","max-snippet":"max-snippet:-1","max-image-preview":"max-image-preview:large","max-video-preview":"max-video-preview:-1"},"canonical":"https:\/\/intelsynet.com\/el-parlamento-europeo-avanza-en-la-regulacion-de-la-inteligencia-artificial\/","og_locale":"es_ES","og_type":"article","og_title":"El Parlamento Europeo avanza en la regulaci\u00f3n de la Inteligencia Artificial - Intelsynet","og_url":"https:\/\/intelsynet.com\/el-parlamento-europeo-avanza-en-la-regulacion-de-la-inteligencia-artificial\/","og_site_name":"Intelsynet","article_published_time":"2023-06-01T10:59:16+00:00","article_modified_time":"2023-11-16T11:00:20+00:00","og_image":[{"width":580,"height":330,"url":"https:\/\/intelsynet.com\/wp-content\/uploads\/2023\/11\/El-Parlamento-Europeo-avanza-en-la-regulacion-de-la-Inteligencia-Artificial.jpg","type":"image\/jpeg"}],"author":"produccion","twitter_card":"summary_large_image","twitter_misc":{"Escrito por":"produccion","Tiempo de lectura":"2 minutos"},"schema":{"@context":"https:\/\/schema.org","@graph":[{"@type":"Article","@id":"https:\/\/intelsynet.com\/el-parlamento-europeo-avanza-en-la-regulacion-de-la-inteligencia-artificial\/#article","isPartOf":{"@id":"https:\/\/intelsynet.com\/el-parlamento-europeo-avanza-en-la-regulacion-de-la-inteligencia-artificial\/"},"author":{"name":"produccion","@id":"https:\/\/intelsynet.com\/es\/#\/schema\/person\/62b4711a8de3423f0f1537cb5daa1748"},"headline":"El Parlamento Europeo avanza en la regulaci\u00f3n de la Inteligencia Artificial","datePublished":"2023-06-01T10:59:16+00:00","dateModified":"2023-11-16T11:00:20+00:00","mainEntityOfPage":{"@id":"https:\/\/intelsynet.com\/el-parlamento-europeo-avanza-en-la-regulacion-de-la-inteligencia-artificial\/"},"wordCount":802,"commentCount":0,"image":{"@id":"https:\/\/intelsynet.com\/el-parlamento-europeo-avanza-en-la-regulacion-de-la-inteligencia-artificial\/#primaryimage"},"thumbnailUrl":"https:\/\/intelsynet.com\/wp-content\/uploads\/2023\/11\/El-Parlamento-Europeo-avanza-en-la-regulacion-de-la-Inteligencia-Artificial.jpg","keywords":["Europa","IA","inteligencia artificial","Technology","tecnolog\u00eda","Uni\u00f3n Europea"],"articleSection":["Art\u00edculos","Gesti\u00f3n de riesgos"],"inLanguage":"es","potentialAction":[{"@type":"CommentAction","name":"Comment","target":["https:\/\/intelsynet.com\/el-parlamento-europeo-avanza-en-la-regulacion-de-la-inteligencia-artificial\/#respond"]}]},{"@type":"WebPage","@id":"https:\/\/intelsynet.com\/el-parlamento-europeo-avanza-en-la-regulacion-de-la-inteligencia-artificial\/","url":"https:\/\/intelsynet.com\/el-parlamento-europeo-avanza-en-la-regulacion-de-la-inteligencia-artificial\/","name":"El Parlamento Europeo avanza en la regulaci\u00f3n de la Inteligencia Artificial - Intelsynet","isPartOf":{"@id":"https:\/\/intelsynet.com\/es\/#website"},"primaryImageOfPage":{"@id":"https:\/\/intelsynet.com\/el-parlamento-europeo-avanza-en-la-regulacion-de-la-inteligencia-artificial\/#primaryimage"},"image":{"@id":"https:\/\/intelsynet.com\/el-parlamento-europeo-avanza-en-la-regulacion-de-la-inteligencia-artificial\/#primaryimage"},"thumbnailUrl":"https:\/\/intelsynet.com\/wp-content\/uploads\/2023\/11\/El-Parlamento-Europeo-avanza-en-la-regulacion-de-la-Inteligencia-Artificial.jpg","datePublished":"2023-06-01T10:59:16+00:00","dateModified":"2023-11-16T11:00:20+00:00","author":{"@id":"https:\/\/intelsynet.com\/es\/#\/schema\/person\/62b4711a8de3423f0f1537cb5daa1748"},"breadcrumb":{"@id":"https:\/\/intelsynet.com\/el-parlamento-europeo-avanza-en-la-regulacion-de-la-inteligencia-artificial\/#breadcrumb"},"inLanguage":"es","potentialAction":[{"@type":"ReadAction","target":["https:\/\/intelsynet.com\/el-parlamento-europeo-avanza-en-la-regulacion-de-la-inteligencia-artificial\/"]}]},{"@type":"ImageObject","inLanguage":"es","@id":"https:\/\/intelsynet.com\/el-parlamento-europeo-avanza-en-la-regulacion-de-la-inteligencia-artificial\/#primaryimage","url":"https:\/\/intelsynet.com\/wp-content\/uploads\/2023\/11\/El-Parlamento-Europeo-avanza-en-la-regulacion-de-la-Inteligencia-Artificial.jpg","contentUrl":"https:\/\/intelsynet.com\/wp-content\/uploads\/2023\/11\/El-Parlamento-Europeo-avanza-en-la-regulacion-de-la-Inteligencia-Artificial.jpg","width":580,"height":330,"caption":"El Parlamento Europeo avanza en la regulaci\u00f3n de la Inteligencia Artificial"},{"@type":"BreadcrumbList","@id":"https:\/\/intelsynet.com\/el-parlamento-europeo-avanza-en-la-regulacion-de-la-inteligencia-artificial\/#breadcrumb","itemListElement":[{"@type":"ListItem","position":1,"name":"Portada","item":"https:\/\/intelsynet.com\/"},{"@type":"ListItem","position":2,"name":"El Parlamento Europeo avanza en la regulaci\u00f3n de la Inteligencia Artificial"}]},{"@type":"WebSite","@id":"https:\/\/intelsynet.com\/es\/#website","url":"https:\/\/intelsynet.com\/es\/","name":"Intelsynet","description":"Advisory Services","potentialAction":[{"@type":"SearchAction","target":{"@type":"EntryPoint","urlTemplate":"https:\/\/intelsynet.com\/es\/?s={search_term_string}"},"query-input":{"@type":"PropertyValueSpecification","valueRequired":true,"valueName":"search_term_string"}}],"inLanguage":"es"},{"@type":"Person","@id":"https:\/\/intelsynet.com\/es\/#\/schema\/person\/62b4711a8de3423f0f1537cb5daa1748","name":"produccion","image":{"@type":"ImageObject","inLanguage":"es","@id":"https:\/\/secure.gravatar.com\/avatar\/bbda47eeca6a4d008c3cda344ed3cf00b82bd1a9f9fb41804c887c2ac269b8ec?s=96&d=mm&r=g","url":"https:\/\/secure.gravatar.com\/avatar\/bbda47eeca6a4d008c3cda344ed3cf00b82bd1a9f9fb41804c887c2ac269b8ec?s=96&d=mm&r=g","contentUrl":"https:\/\/secure.gravatar.com\/avatar\/bbda47eeca6a4d008c3cda344ed3cf00b82bd1a9f9fb41804c887c2ac269b8ec?s=96&d=mm&r=g","caption":"produccion"},"url":"https:\/\/intelsynet.com\/es\/author\/produccion\/"}]}},"_links":{"self":[{"href":"https:\/\/intelsynet.com\/es\/wp-json\/wp\/v2\/posts\/3261","targetHints":{"allow":["GET"]}}],"collection":[{"href":"https:\/\/intelsynet.com\/es\/wp-json\/wp\/v2\/posts"}],"about":[{"href":"https:\/\/intelsynet.com\/es\/wp-json\/wp\/v2\/types\/post"}],"author":[{"embeddable":true,"href":"https:\/\/intelsynet.com\/es\/wp-json\/wp\/v2\/users\/1"}],"replies":[{"embeddable":true,"href":"https:\/\/intelsynet.com\/es\/wp-json\/wp\/v2\/comments?post=3261"}],"version-history":[{"count":2,"href":"https:\/\/intelsynet.com\/es\/wp-json\/wp\/v2\/posts\/3261\/revisions"}],"predecessor-version":[{"id":3264,"href":"https:\/\/intelsynet.com\/es\/wp-json\/wp\/v2\/posts\/3261\/revisions\/3264"}],"wp:featuredmedia":[{"embeddable":true,"href":"https:\/\/intelsynet.com\/es\/wp-json\/wp\/v2\/media\/3262"}],"wp:attachment":[{"href":"https:\/\/intelsynet.com\/es\/wp-json\/wp\/v2\/media?parent=3261"}],"wp:term":[{"taxonomy":"category","embeddable":true,"href":"https:\/\/intelsynet.com\/es\/wp-json\/wp\/v2\/categories?post=3261"},{"taxonomy":"post_tag","embeddable":true,"href":"https:\/\/intelsynet.com\/es\/wp-json\/wp\/v2\/tags?post=3261"}],"curies":[{"name":"wp","href":"https:\/\/api.w.org\/{rel}","templated":true}]}}