{"id":3256,"date":"2023-08-19T10:38:30","date_gmt":"2023-08-19T10:38:30","guid":{"rendered":"https:\/\/intelsynet.com\/?p=3256"},"modified":"2023-11-16T11:01:02","modified_gmt":"2023-11-16T11:01:02","slug":"francisco-calomarde-lider-de-la-aimpr-sobre-el-escenario-inicial-del-ano-y-los-desafios-en-el-sector-ceramico","status":"publish","type":"post","link":"https:\/\/intelsynet.com\/es\/francisco-calomarde-lider-de-la-aimpr-sobre-el-escenario-inicial-del-ano-y-los-desafios-en-el-sector-ceramico\/","title":{"rendered":"Francisco Calomarde, l\u00edder de la AIMPR, sobre el Escenario inicial del a\u00f1o y los desaf\u00edos en el sector cer\u00e1mico"},"content":{"rendered":"<div class=\"fusion-fullwidth fullwidth-box fusion-builder-row-1 fusion-flex-container nonhundred-percent-fullwidth non-hundred-percent-height-scrolling\" style=\"background-color: rgba(255,255,255,0);background-position: center center;background-repeat: no-repeat;border-width: 0px 0px 0px 0px;border-color:rgba(97,158,133,0);border-style:solid;\" ><div class=\"fusion-builder-row fusion-row fusion-flex-align-items-flex-start\" style=\"max-width:1216.8px;margin-left: calc(-4% \/ 2 );margin-right: calc(-4% \/ 2 );\"><div class=\"fusion-layout-column fusion_builder_column fusion-builder-column-0 fusion_builder_column_1_1 1_1 fusion-flex-column\"><div class=\"fusion-column-wrapper fusion-flex-justify-content-flex-start fusion-content-layout-column\" style=\"background-position:left top;background-repeat:no-repeat;-webkit-background-size:cover;-moz-background-size:cover;-o-background-size:cover;background-size:cover;padding: 0px 0px 0px 0px;\"><div class=\"fusion-text fusion-text-1\"><p>En una entrevista \u00fanica, el Director General y actual Presidente de la Asociaci\u00f3n Nacional de Importadores de Materias Primas (AIMPR), Francisco Calomarde, nos ofrece una visi\u00f3n detallada acerca de los acontecimientos iniciales de este a\u00f1o y las complejidades que est\u00e1n impactando significativamente en el sector cer\u00e1mico en su conjunto.<\/p>\n<p>Calomarde inicia compartiendo su perspectiva sobre el comienzo de este a\u00f1o, destacando los aspectos clave que est\u00e1n definiendo el panorama para los importadores de materias primas. Su an\u00e1lisis se centra en las tendencias emergentes, los desaf\u00edos previsibles y las oportunidades que se vislumbran en el horizonte.<\/p>\n<p>En cuanto a la situaci\u00f3n de las materias primas, el l\u00edder de la AIMPR ofrece un an\u00e1lisis profundo de la oferta y la demanda en el mercado actual. Examina las fluctuaciones de los precios, los factores geopol\u00edticos que podr\u00edan influir en la disponibilidad de ciertos recursos y c\u00f3mo estas din\u00e1micas afectan a los miembros de la asociaci\u00f3n y, por extensi\u00f3n, al sector cer\u00e1mico en general.<\/p>\n<p>Adem\u00e1s, Calomarde aborda las diversas circunstancias que est\u00e1n ejerciendo presi\u00f3n sobre el sector cer\u00e1mico. Desde cambios normativos hasta factores medioambientales, explora c\u00f3mo estas variables est\u00e1n dando forma a los desaf\u00edos y las oportunidades para las empresas en el \u00e1mbito de la cer\u00e1mica.<\/p>\n<p>Puedes ampliar informaci\u00f3n sobre la noticia en el siguiente enlace: <a href=\"https:\/\/castellonplaza.com\/calomarde-hemos-notado-una-caida-importante-de-la-industria-de-esmaltes-por-la-deslocalizacion\" target=\"_blank\" rel=\"noopener\"><strong>Calomarde: \u00abHemos notado una ca\u00edda importante de la industria de esmaltes por la deslocalizaci\u00f3n\u00bb<\/strong><\/a><\/p>\n<\/div><\/div><style type=\"text\/css\">.fusion-body .fusion-builder-column-0{width:100% !important;margin-top : 0px;margin-bottom : 20px;}.fusion-builder-column-0 > .fusion-column-wrapper {padding-top : 0px !important;padding-right : 0px !important;margin-right : 1.92%;padding-bottom : 0px !important;padding-left : 0px !important;margin-left : 1.92%;}@media only screen and (max-width:1024px) {.fusion-body .fusion-builder-column-0{width:100% !important;order : 0;}.fusion-builder-column-0 > .fusion-column-wrapper {margin-right : 1.92%;margin-left : 1.92%;}}@media only screen and (max-width:640px) {.fusion-body .fusion-builder-column-0{width:100% !important;order : 0;}.fusion-builder-column-0 > .fusion-column-wrapper {margin-right : 1.92%;margin-left : 1.92%;}}<\/style><\/div><\/div><style type=\"text\/css\">.fusion-body .fusion-flex-container.fusion-builder-row-1{ padding-top : 0px;margin-top : 0px;padding-right : 0px;padding-bottom : 0px;margin-bottom : 0px;padding-left : 0px;}<\/style><\/div>\n","protected":false},"excerpt":{"rendered":"","protected":false},"author":1,"featured_media":3258,"comment_status":"open","ping_status":"open","sticky":false,"template":"","format":"standard","meta":{"footnotes":""},"categories":[2,119,117],"tags":[167,139,116,90],"class_list":["post-3256","post","type-post","status-publish","format-standard","has-post-thumbnail","hentry","category-nuestros-articulos","category-geopolitica","category-sostenibilidad","tag-aimpr","tag-geopolitica","tag-materiasprimas","tag-sostenibilidad"],"yoast_head":"<!-- This site is optimized with the Yoast SEO plugin v27.4 - https:\/\/yoast.com\/product\/yoast-seo-wordpress\/ -->\n<title>Francisco Calomarde, l\u00edder de la AIMPR, sobre el Escenario inicial del a\u00f1o y los desaf\u00edos en el sector cer\u00e1mico - Intelsynet<\/title>\n<meta name=\"robots\" content=\"index, follow, max-snippet:-1, max-image-preview:large, max-video-preview:-1\" \/>\n<link rel=\"canonical\" href=\"https:\/\/intelsynet.com\/francisco-calomarde-lider-de-la-aimpr-sobre-el-escenario-inicial-del-ano-y-los-desafios-en-el-sector-ceramico\/\" \/>\n<meta property=\"og:locale\" content=\"es_ES\" \/>\n<meta property=\"og:type\" content=\"article\" \/>\n<meta property=\"og:title\" content=\"Francisco Calomarde, l\u00edder de la AIMPR, sobre el Escenario inicial del a\u00f1o y los desaf\u00edos en el sector cer\u00e1mico - Intelsynet\" \/>\n<meta property=\"og:url\" content=\"https:\/\/intelsynet.com\/francisco-calomarde-lider-de-la-aimpr-sobre-el-escenario-inicial-del-ano-y-los-desafios-en-el-sector-ceramico\/\" \/>\n<meta property=\"og:site_name\" content=\"Intelsynet\" \/>\n<meta property=\"article:published_time\" content=\"2023-08-19T10:38:30+00:00\" \/>\n<meta property=\"article:modified_time\" content=\"2023-11-16T11:01:02+00:00\" \/>\n<meta property=\"og:image\" content=\"https:\/\/intelsynet.com\/wp-content\/uploads\/2023\/11\/AIMPR-e1700131037137.jpg\" \/>\n\t<meta property=\"og:image:width\" content=\"768\" \/>\n\t<meta property=\"og:image:height\" content=\"464\" \/>\n\t<meta property=\"og:image:type\" content=\"image\/jpeg\" \/>\n<meta name=\"author\" content=\"produccion\" \/>\n<meta name=\"twitter:card\" content=\"summary_large_image\" \/>\n<meta name=\"twitter:label1\" content=\"Escrito por\" \/>\n\t<meta name=\"twitter:data1\" content=\"produccion\" \/>\n\t<meta name=\"twitter:label2\" content=\"Tiempo de lectura\" \/>\n\t<meta name=\"twitter:data2\" content=\"3 minutos\" \/>\n<script type=\"application\/ld+json\" class=\"yoast-schema-graph\">{\"@context\":\"https:\\\/\\\/schema.org\",\"@graph\":[{\"@type\":\"Article\",\"@id\":\"https:\\\/\\\/intelsynet.com\\\/francisco-calomarde-lider-de-la-aimpr-sobre-el-escenario-inicial-del-ano-y-los-desafios-en-el-sector-ceramico\\\/#article\",\"isPartOf\":{\"@id\":\"https:\\\/\\\/intelsynet.com\\\/francisco-calomarde-lider-de-la-aimpr-sobre-el-escenario-inicial-del-ano-y-los-desafios-en-el-sector-ceramico\\\/\"},\"author\":{\"name\":\"produccion\",\"@id\":\"https:\\\/\\\/intelsynet.com\\\/es\\\/#\\\/schema\\\/person\\\/62b4711a8de3423f0f1537cb5daa1748\"},\"headline\":\"Francisco Calomarde, l\u00edder de la AIMPR, sobre el Escenario inicial del a\u00f1o y los desaf\u00edos en el sector cer\u00e1mico\",\"datePublished\":\"2023-08-19T10:38:30+00:00\",\"dateModified\":\"2023-11-16T11:01:02+00:00\",\"mainEntityOfPage\":{\"@id\":\"https:\\\/\\\/intelsynet.com\\\/francisco-calomarde-lider-de-la-aimpr-sobre-el-escenario-inicial-del-ano-y-los-desafios-en-el-sector-ceramico\\\/\"},\"wordCount\":903,\"commentCount\":0,\"image\":{\"@id\":\"https:\\\/\\\/intelsynet.com\\\/francisco-calomarde-lider-de-la-aimpr-sobre-el-escenario-inicial-del-ano-y-los-desafios-en-el-sector-ceramico\\\/#primaryimage\"},\"thumbnailUrl\":\"https:\\\/\\\/intelsynet.com\\\/wp-content\\\/uploads\\\/2023\\\/11\\\/AIMPR-e1700131037137.jpg\",\"keywords\":[\"AIMPR\",\"geopol\u00edtica\",\"materias primas\",\"sostenibilidad\"],\"articleSection\":[\"Art\u00edculos\",\"Geopol\u00edtica\",\"Sostenibilidad\"],\"inLanguage\":\"es\",\"potentialAction\":[{\"@type\":\"CommentAction\",\"name\":\"Comment\",\"target\":[\"https:\\\/\\\/intelsynet.com\\\/francisco-calomarde-lider-de-la-aimpr-sobre-el-escenario-inicial-del-ano-y-los-desafios-en-el-sector-ceramico\\\/#respond\"]}]},{\"@type\":\"WebPage\",\"@id\":\"https:\\\/\\\/intelsynet.com\\\/francisco-calomarde-lider-de-la-aimpr-sobre-el-escenario-inicial-del-ano-y-los-desafios-en-el-sector-ceramico\\\/\",\"url\":\"https:\\\/\\\/intelsynet.com\\\/francisco-calomarde-lider-de-la-aimpr-sobre-el-escenario-inicial-del-ano-y-los-desafios-en-el-sector-ceramico\\\/\",\"name\":\"Francisco Calomarde, l\u00edder de la AIMPR, sobre el Escenario inicial del a\u00f1o y los desaf\u00edos en el sector cer\u00e1mico - Intelsynet\",\"isPartOf\":{\"@id\":\"https:\\\/\\\/intelsynet.com\\\/es\\\/#website\"},\"primaryImageOfPage\":{\"@id\":\"https:\\\/\\\/intelsynet.com\\\/francisco-calomarde-lider-de-la-aimpr-sobre-el-escenario-inicial-del-ano-y-los-desafios-en-el-sector-ceramico\\\/#primaryimage\"},\"image\":{\"@id\":\"https:\\\/\\\/intelsynet.com\\\/francisco-calomarde-lider-de-la-aimpr-sobre-el-escenario-inicial-del-ano-y-los-desafios-en-el-sector-ceramico\\\/#primaryimage\"},\"thumbnailUrl\":\"https:\\\/\\\/intelsynet.com\\\/wp-content\\\/uploads\\\/2023\\\/11\\\/AIMPR-e1700131037137.jpg\",\"datePublished\":\"2023-08-19T10:38:30+00:00\",\"dateModified\":\"2023-11-16T11:01:02+00:00\",\"author\":{\"@id\":\"https:\\\/\\\/intelsynet.com\\\/es\\\/#\\\/schema\\\/person\\\/62b4711a8de3423f0f1537cb5daa1748\"},\"breadcrumb\":{\"@id\":\"https:\\\/\\\/intelsynet.com\\\/francisco-calomarde-lider-de-la-aimpr-sobre-el-escenario-inicial-del-ano-y-los-desafios-en-el-sector-ceramico\\\/#breadcrumb\"},\"inLanguage\":\"es\",\"potentialAction\":[{\"@type\":\"ReadAction\",\"target\":[\"https:\\\/\\\/intelsynet.com\\\/francisco-calomarde-lider-de-la-aimpr-sobre-el-escenario-inicial-del-ano-y-los-desafios-en-el-sector-ceramico\\\/\"]}]},{\"@type\":\"ImageObject\",\"inLanguage\":\"es\",\"@id\":\"https:\\\/\\\/intelsynet.com\\\/francisco-calomarde-lider-de-la-aimpr-sobre-el-escenario-inicial-del-ano-y-los-desafios-en-el-sector-ceramico\\\/#primaryimage\",\"url\":\"https:\\\/\\\/intelsynet.com\\\/wp-content\\\/uploads\\\/2023\\\/11\\\/AIMPR-e1700131037137.jpg\",\"contentUrl\":\"https:\\\/\\\/intelsynet.com\\\/wp-content\\\/uploads\\\/2023\\\/11\\\/AIMPR-e1700131037137.jpg\",\"width\":768,\"height\":464,\"caption\":\"AIMPR\"},{\"@type\":\"BreadcrumbList\",\"@id\":\"https:\\\/\\\/intelsynet.com\\\/francisco-calomarde-lider-de-la-aimpr-sobre-el-escenario-inicial-del-ano-y-los-desafios-en-el-sector-ceramico\\\/#breadcrumb\",\"itemListElement\":[{\"@type\":\"ListItem\",\"position\":1,\"name\":\"Portada\",\"item\":\"https:\\\/\\\/intelsynet.com\\\/\"},{\"@type\":\"ListItem\",\"position\":2,\"name\":\"Francisco Calomarde, l\u00edder de la AIMPR, sobre el Escenario inicial del a\u00f1o y los desaf\u00edos en el sector cer\u00e1mico\"}]},{\"@type\":\"WebSite\",\"@id\":\"https:\\\/\\\/intelsynet.com\\\/es\\\/#website\",\"url\":\"https:\\\/\\\/intelsynet.com\\\/es\\\/\",\"name\":\"Intelsynet\",\"description\":\"Advisory Services\",\"potentialAction\":[{\"@type\":\"SearchAction\",\"target\":{\"@type\":\"EntryPoint\",\"urlTemplate\":\"https:\\\/\\\/intelsynet.com\\\/es\\\/?s={search_term_string}\"},\"query-input\":{\"@type\":\"PropertyValueSpecification\",\"valueRequired\":true,\"valueName\":\"search_term_string\"}}],\"inLanguage\":\"es\"},{\"@type\":\"Person\",\"@id\":\"https:\\\/\\\/intelsynet.com\\\/es\\\/#\\\/schema\\\/person\\\/62b4711a8de3423f0f1537cb5daa1748\",\"name\":\"produccion\",\"image\":{\"@type\":\"ImageObject\",\"inLanguage\":\"es\",\"@id\":\"https:\\\/\\\/secure.gravatar.com\\\/avatar\\\/bbda47eeca6a4d008c3cda344ed3cf00b82bd1a9f9fb41804c887c2ac269b8ec?s=96&d=mm&r=g\",\"url\":\"https:\\\/\\\/secure.gravatar.com\\\/avatar\\\/bbda47eeca6a4d008c3cda344ed3cf00b82bd1a9f9fb41804c887c2ac269b8ec?s=96&d=mm&r=g\",\"contentUrl\":\"https:\\\/\\\/secure.gravatar.com\\\/avatar\\\/bbda47eeca6a4d008c3cda344ed3cf00b82bd1a9f9fb41804c887c2ac269b8ec?s=96&d=mm&r=g\",\"caption\":\"produccion\"},\"url\":\"https:\\\/\\\/intelsynet.com\\\/es\\\/author\\\/produccion\\\/\"}]}<\/script>\n<!-- \/ Yoast SEO plugin. -->","yoast_head_json":{"title":"Francisco Calomarde, l\u00edder de la AIMPR, sobre el Escenario inicial del a\u00f1o y los desaf\u00edos en el sector cer\u00e1mico - Intelsynet","robots":{"index":"index","follow":"follow","max-snippet":"max-snippet:-1","max-image-preview":"max-image-preview:large","max-video-preview":"max-video-preview:-1"},"canonical":"https:\/\/intelsynet.com\/francisco-calomarde-lider-de-la-aimpr-sobre-el-escenario-inicial-del-ano-y-los-desafios-en-el-sector-ceramico\/","og_locale":"es_ES","og_type":"article","og_title":"Francisco Calomarde, l\u00edder de la AIMPR, sobre el Escenario inicial del a\u00f1o y los desaf\u00edos en el sector cer\u00e1mico - Intelsynet","og_url":"https:\/\/intelsynet.com\/francisco-calomarde-lider-de-la-aimpr-sobre-el-escenario-inicial-del-ano-y-los-desafios-en-el-sector-ceramico\/","og_site_name":"Intelsynet","article_published_time":"2023-08-19T10:38:30+00:00","article_modified_time":"2023-11-16T11:01:02+00:00","og_image":[{"width":768,"height":464,"url":"https:\/\/intelsynet.com\/wp-content\/uploads\/2023\/11\/AIMPR-e1700131037137.jpg","type":"image\/jpeg"}],"author":"produccion","twitter_card":"summary_large_image","twitter_misc":{"Escrito por":"produccion","Tiempo de lectura":"3 minutos"},"schema":{"@context":"https:\/\/schema.org","@graph":[{"@type":"Article","@id":"https:\/\/intelsynet.com\/francisco-calomarde-lider-de-la-aimpr-sobre-el-escenario-inicial-del-ano-y-los-desafios-en-el-sector-ceramico\/#article","isPartOf":{"@id":"https:\/\/intelsynet.com\/francisco-calomarde-lider-de-la-aimpr-sobre-el-escenario-inicial-del-ano-y-los-desafios-en-el-sector-ceramico\/"},"author":{"name":"produccion","@id":"https:\/\/intelsynet.com\/es\/#\/schema\/person\/62b4711a8de3423f0f1537cb5daa1748"},"headline":"Francisco Calomarde, l\u00edder de la AIMPR, sobre el Escenario inicial del a\u00f1o y los desaf\u00edos en el sector cer\u00e1mico","datePublished":"2023-08-19T10:38:30+00:00","dateModified":"2023-11-16T11:01:02+00:00","mainEntityOfPage":{"@id":"https:\/\/intelsynet.com\/francisco-calomarde-lider-de-la-aimpr-sobre-el-escenario-inicial-del-ano-y-los-desafios-en-el-sector-ceramico\/"},"wordCount":903,"commentCount":0,"image":{"@id":"https:\/\/intelsynet.com\/francisco-calomarde-lider-de-la-aimpr-sobre-el-escenario-inicial-del-ano-y-los-desafios-en-el-sector-ceramico\/#primaryimage"},"thumbnailUrl":"https:\/\/intelsynet.com\/wp-content\/uploads\/2023\/11\/AIMPR-e1700131037137.jpg","keywords":["AIMPR","geopol\u00edtica","materias primas","sostenibilidad"],"articleSection":["Art\u00edculos","Geopol\u00edtica","Sostenibilidad"],"inLanguage":"es","potentialAction":[{"@type":"CommentAction","name":"Comment","target":["https:\/\/intelsynet.com\/francisco-calomarde-lider-de-la-aimpr-sobre-el-escenario-inicial-del-ano-y-los-desafios-en-el-sector-ceramico\/#respond"]}]},{"@type":"WebPage","@id":"https:\/\/intelsynet.com\/francisco-calomarde-lider-de-la-aimpr-sobre-el-escenario-inicial-del-ano-y-los-desafios-en-el-sector-ceramico\/","url":"https:\/\/intelsynet.com\/francisco-calomarde-lider-de-la-aimpr-sobre-el-escenario-inicial-del-ano-y-los-desafios-en-el-sector-ceramico\/","name":"Francisco Calomarde, l\u00edder de la AIMPR, sobre el Escenario inicial del a\u00f1o y los desaf\u00edos en el sector cer\u00e1mico - Intelsynet","isPartOf":{"@id":"https:\/\/intelsynet.com\/es\/#website"},"primaryImageOfPage":{"@id":"https:\/\/intelsynet.com\/francisco-calomarde-lider-de-la-aimpr-sobre-el-escenario-inicial-del-ano-y-los-desafios-en-el-sector-ceramico\/#primaryimage"},"image":{"@id":"https:\/\/intelsynet.com\/francisco-calomarde-lider-de-la-aimpr-sobre-el-escenario-inicial-del-ano-y-los-desafios-en-el-sector-ceramico\/#primaryimage"},"thumbnailUrl":"https:\/\/intelsynet.com\/wp-content\/uploads\/2023\/11\/AIMPR-e1700131037137.jpg","datePublished":"2023-08-19T10:38:30+00:00","dateModified":"2023-11-16T11:01:02+00:00","author":{"@id":"https:\/\/intelsynet.com\/es\/#\/schema\/person\/62b4711a8de3423f0f1537cb5daa1748"},"breadcrumb":{"@id":"https:\/\/intelsynet.com\/francisco-calomarde-lider-de-la-aimpr-sobre-el-escenario-inicial-del-ano-y-los-desafios-en-el-sector-ceramico\/#breadcrumb"},"inLanguage":"es","potentialAction":[{"@type":"ReadAction","target":["https:\/\/intelsynet.com\/francisco-calomarde-lider-de-la-aimpr-sobre-el-escenario-inicial-del-ano-y-los-desafios-en-el-sector-ceramico\/"]}]},{"@type":"ImageObject","inLanguage":"es","@id":"https:\/\/intelsynet.com\/francisco-calomarde-lider-de-la-aimpr-sobre-el-escenario-inicial-del-ano-y-los-desafios-en-el-sector-ceramico\/#primaryimage","url":"https:\/\/intelsynet.com\/wp-content\/uploads\/2023\/11\/AIMPR-e1700131037137.jpg","contentUrl":"https:\/\/intelsynet.com\/wp-content\/uploads\/2023\/11\/AIMPR-e1700131037137.jpg","width":768,"height":464,"caption":"AIMPR"},{"@type":"BreadcrumbList","@id":"https:\/\/intelsynet.com\/francisco-calomarde-lider-de-la-aimpr-sobre-el-escenario-inicial-del-ano-y-los-desafios-en-el-sector-ceramico\/#breadcrumb","itemListElement":[{"@type":"ListItem","position":1,"name":"Portada","item":"https:\/\/intelsynet.com\/"},{"@type":"ListItem","position":2,"name":"Francisco Calomarde, l\u00edder de la AIMPR, sobre el Escenario inicial del a\u00f1o y los desaf\u00edos en el sector cer\u00e1mico"}]},{"@type":"WebSite","@id":"https:\/\/intelsynet.com\/es\/#website","url":"https:\/\/intelsynet.com\/es\/","name":"Intelsynet","description":"Advisory Services","potentialAction":[{"@type":"SearchAction","target":{"@type":"EntryPoint","urlTemplate":"https:\/\/intelsynet.com\/es\/?s={search_term_string}"},"query-input":{"@type":"PropertyValueSpecification","valueRequired":true,"valueName":"search_term_string"}}],"inLanguage":"es"},{"@type":"Person","@id":"https:\/\/intelsynet.com\/es\/#\/schema\/person\/62b4711a8de3423f0f1537cb5daa1748","name":"produccion","image":{"@type":"ImageObject","inLanguage":"es","@id":"https:\/\/secure.gravatar.com\/avatar\/bbda47eeca6a4d008c3cda344ed3cf00b82bd1a9f9fb41804c887c2ac269b8ec?s=96&d=mm&r=g","url":"https:\/\/secure.gravatar.com\/avatar\/bbda47eeca6a4d008c3cda344ed3cf00b82bd1a9f9fb41804c887c2ac269b8ec?s=96&d=mm&r=g","contentUrl":"https:\/\/secure.gravatar.com\/avatar\/bbda47eeca6a4d008c3cda344ed3cf00b82bd1a9f9fb41804c887c2ac269b8ec?s=96&d=mm&r=g","caption":"produccion"},"url":"https:\/\/intelsynet.com\/es\/author\/produccion\/"}]}},"_links":{"self":[{"href":"https:\/\/intelsynet.com\/es\/wp-json\/wp\/v2\/posts\/3256","targetHints":{"allow":["GET"]}}],"collection":[{"href":"https:\/\/intelsynet.com\/es\/wp-json\/wp\/v2\/posts"}],"about":[{"href":"https:\/\/intelsynet.com\/es\/wp-json\/wp\/v2\/types\/post"}],"author":[{"embeddable":true,"href":"https:\/\/intelsynet.com\/es\/wp-json\/wp\/v2\/users\/1"}],"replies":[{"embeddable":true,"href":"https:\/\/intelsynet.com\/es\/wp-json\/wp\/v2\/comments?post=3256"}],"version-history":[{"count":2,"href":"https:\/\/intelsynet.com\/es\/wp-json\/wp\/v2\/posts\/3256\/revisions"}],"predecessor-version":[{"id":3260,"href":"https:\/\/intelsynet.com\/es\/wp-json\/wp\/v2\/posts\/3256\/revisions\/3260"}],"wp:featuredmedia":[{"embeddable":true,"href":"https:\/\/intelsynet.com\/es\/wp-json\/wp\/v2\/media\/3258"}],"wp:attachment":[{"href":"https:\/\/intelsynet.com\/es\/wp-json\/wp\/v2\/media?parent=3256"}],"wp:term":[{"taxonomy":"category","embeddable":true,"href":"https:\/\/intelsynet.com\/es\/wp-json\/wp\/v2\/categories?post=3256"},{"taxonomy":"post_tag","embeddable":true,"href":"https:\/\/intelsynet.com\/es\/wp-json\/wp\/v2\/tags?post=3256"}],"curies":[{"name":"wp","href":"https:\/\/api.w.org\/{rel}","templated":true}]}}