{"id":3186,"date":"2022-08-04T13:40:26","date_gmt":"2022-08-04T13:40:26","guid":{"rendered":"https:\/\/intelsynet.com\/?p=3186"},"modified":"2022-11-22T13:42:12","modified_gmt":"2022-11-22T13:42:12","slug":"un-informe-reciente-de-oliver-wyman-evalua-y-compara-el-grado-de-sostenibilidad-ambiental-del-sistema-economico-de-29-paises-europeos","status":"publish","type":"post","link":"https:\/\/intelsynet.com\/es\/un-informe-reciente-de-oliver-wyman-evalua-y-compara-el-grado-de-sostenibilidad-ambiental-del-sistema-economico-de-29-paises-europeos\/","title":{"rendered":"Un informe reciente de Oliver Wyman eval\u00faa y compara el grado de sostenibilidad ambiental del sistema econ\u00f3mico de 29 pa\u00edses europeos"},"content":{"rendered":"<div class=\"fusion-fullwidth fullwidth-box fusion-builder-row-1 fusion-flex-container nonhundred-percent-fullwidth non-hundred-percent-height-scrolling\" style=\"background-color: rgba(255,255,255,0);background-position: center center;background-repeat: no-repeat;border-width: 0px 0px 0px 0px;border-color:rgba(97,158,133,0);border-style:solid;\" ><div class=\"fusion-builder-row fusion-row fusion-flex-align-items-flex-start\" style=\"max-width:1216.8px;margin-left: calc(-4% \/ 2 );margin-right: calc(-4% \/ 2 );\"><div class=\"fusion-layout-column fusion_builder_column fusion-builder-column-0 fusion_builder_column_1_1 1_1 fusion-flex-column\"><div class=\"fusion-column-wrapper fusion-flex-justify-content-flex-start fusion-content-layout-column\" style=\"background-position:left top;background-repeat:no-repeat;-webkit-background-size:cover;-moz-background-size:cover;-o-background-size:cover;background-size:cover;padding: 0px 0px 0px 0px;\"><div class=\"fusion-text fusion-text-1\"><p>Un informe reciente de\u00a0<a href=\"https:\/\/www.linkedin.com\/company\/oliver-wyman\/\" data-attribute-index=\"0\" data-entity-hovercard-id=\"urn:li:fs_miniCompany:2454\" data-entity-type=\"MINI_COMPANY\">Oliver Wyman<\/a>\u00a0eval\u00faa y compara el grado de\u00a0<a href=\"https:\/\/www.linkedin.com\/feed\/hashtag\/?keywords=sostenibilidadambiental&amp;highlightedUpdateUrns=urn%3Ali%3Aactivity%3A6953598241586184193\" data-attribute-index=\"2\">#sostenibilidadambiental<\/a>\u00a0del sistema econ\u00f3mico de 29 pa\u00edses europeos (los 27 de la\u00a0<a href=\"https:\/\/www.linkedin.com\/company\/european-union\/\" data-attribute-index=\"3\" data-entity-hovercard-id=\"urn:li:fs_miniCompany:1815\" data-entity-type=\"MINI_COMPANY\">European Union<\/a> m\u00e1s Reino Unido y Noruega) y se centra en distintos aspectos elegidos sobre la base de las principales fuentes de emisiones en la econom\u00eda europea, como fabricaci\u00f3n, electricidad y gas (Utilidades), grado de circularidad en materia de gesti\u00f3n de residuos,transporte, conservaci\u00f3n de la naturaleza y calefacci\u00f3n y refrigeraci\u00f3n de edificios que representaron acumulativamente el 61% de las emisiones totales de GEI en los 27 pa\u00edses de la Uni\u00f3n Europea (EU-27) en 2020.<\/p>\n<p>Espa\u00f1a seg\u00fan este informe ocupa el puesto 14 en el \u00edndice general y deja clara la necesidad de mejorar en lo referente a proyectos de almacenamiento de energ\u00eda, de\u00a0<a href=\"https:\/\/www.linkedin.com\/feed\/hashtag\/?keywords=captura&amp;highlightedUpdateUrns=urn%3Ali%3Aactivity%3A6953598241586184193\" data-attribute-index=\"5\">#captura<\/a> y almacenaje de CO2, gesti\u00f3n de residuos (puesto 23) y de grado de sostenibilidad del transporte (22).<\/p>\n<\/div><\/div><style type=\"text\/css\">.fusion-body .fusion-builder-column-0{width:100% !important;margin-top : 0px;margin-bottom : 20px;}.fusion-builder-column-0 > .fusion-column-wrapper {padding-top : 0px !important;padding-right : 0px !important;margin-right : 1.92%;padding-bottom : 0px !important;padding-left : 0px !important;margin-left : 1.92%;}@media only screen and (max-width:1024px) {.fusion-body .fusion-builder-column-0{width:100% !important;order : 0;}.fusion-builder-column-0 > .fusion-column-wrapper {margin-right : 1.92%;margin-left : 1.92%;}}@media only screen and (max-width:640px) {.fusion-body .fusion-builder-column-0{width:100% !important;order : 0;}.fusion-builder-column-0 > .fusion-column-wrapper {margin-right : 1.92%;margin-left : 1.92%;}}<\/style><\/div><\/div><style type=\"text\/css\">.fusion-body .fusion-flex-container.fusion-builder-row-1{ padding-top : 0px;margin-top : 0px;padding-right : 0px;padding-bottom : 0px;margin-bottom : 0px;padding-left : 0px;}<\/style><\/div>\n","protected":false},"excerpt":{"rendered":"","protected":false},"author":1,"featured_media":3187,"comment_status":"open","ping_status":"open","sticky":false,"template":"","format":"standard","meta":{"footnotes":""},"categories":[117],"tags":[144,158,108,105,109,161,125],"class_list":["post-3186","post","type-post","status-publish","format-standard","has-post-thumbnail","hentry","category-sostenibilidad","tag-economia","tag-emisiones","tag-emobility","tag-energia","tag-logicaeconomica","tag-plan-de-transicion","tag-transporte"],"yoast_head":"<!-- This site is optimized with the Yoast SEO plugin v27.5 - https:\/\/yoast.com\/product\/yoast-seo-wordpress\/ -->\n<title>Un informe reciente de Oliver Wyman eval\u00faa y compara el grado de sostenibilidad ambiental del sistema econ\u00f3mico de 29 pa\u00edses europeos - Intelsynet<\/title>\n<meta name=\"robots\" content=\"index, follow, max-snippet:-1, max-image-preview:large, max-video-preview:-1\" \/>\n<link rel=\"canonical\" href=\"https:\/\/intelsynet.com\/un-informe-reciente-de-oliver-wyman-evalua-y-compara-el-grado-de-sostenibilidad-ambiental-del-sistema-economico-de-29-paises-europeos\/\" \/>\n<meta property=\"og:locale\" content=\"es_ES\" \/>\n<meta property=\"og:type\" content=\"article\" \/>\n<meta property=\"og:title\" content=\"Un informe reciente de Oliver Wyman eval\u00faa y compara el grado de sostenibilidad ambiental del sistema econ\u00f3mico de 29 pa\u00edses europeos - Intelsynet\" \/>\n<meta property=\"og:url\" content=\"https:\/\/intelsynet.com\/un-informe-reciente-de-oliver-wyman-evalua-y-compara-el-grado-de-sostenibilidad-ambiental-del-sistema-economico-de-29-paises-europeos\/\" \/>\n<meta property=\"og:site_name\" content=\"Intelsynet\" \/>\n<meta property=\"article:published_time\" content=\"2022-08-04T13:40:26+00:00\" \/>\n<meta property=\"article:modified_time\" content=\"2022-11-22T13:42:12+00:00\" \/>\n<meta property=\"og:image\" content=\"https:\/\/intelsynet.com\/wp-content\/uploads\/2022\/11\/Grado-de-sostenibilidad-ambiental.jpg\" \/>\n\t<meta property=\"og:image:width\" content=\"1241\" \/>\n\t<meta property=\"og:image:height\" content=\"783\" \/>\n\t<meta property=\"og:image:type\" content=\"image\/jpeg\" \/>\n<meta name=\"author\" content=\"produccion\" \/>\n<meta name=\"twitter:card\" content=\"summary_large_image\" \/>\n<meta name=\"twitter:label1\" content=\"Escrito por\" \/>\n\t<meta name=\"twitter:data1\" content=\"produccion\" \/>\n\t<meta name=\"twitter:label2\" content=\"Tiempo de lectura\" \/>\n\t<meta name=\"twitter:data2\" content=\"2 minutos\" \/>\n<script type=\"application\/ld+json\" class=\"yoast-schema-graph\">{\"@context\":\"https:\\\/\\\/schema.org\",\"@graph\":[{\"@type\":\"Article\",\"@id\":\"https:\\\/\\\/intelsynet.com\\\/un-informe-reciente-de-oliver-wyman-evalua-y-compara-el-grado-de-sostenibilidad-ambiental-del-sistema-economico-de-29-paises-europeos\\\/#article\",\"isPartOf\":{\"@id\":\"https:\\\/\\\/intelsynet.com\\\/un-informe-reciente-de-oliver-wyman-evalua-y-compara-el-grado-de-sostenibilidad-ambiental-del-sistema-economico-de-29-paises-europeos\\\/\"},\"author\":{\"name\":\"produccion\",\"@id\":\"https:\\\/\\\/intelsynet.com\\\/es\\\/#\\\/schema\\\/person\\\/62b4711a8de3423f0f1537cb5daa1748\"},\"headline\":\"Un informe reciente de Oliver Wyman eval\u00faa y compara el grado de sostenibilidad ambiental del sistema econ\u00f3mico de 29 pa\u00edses europeos\",\"datePublished\":\"2022-08-04T13:40:26+00:00\",\"dateModified\":\"2022-11-22T13:42:12+00:00\",\"mainEntityOfPage\":{\"@id\":\"https:\\\/\\\/intelsynet.com\\\/un-informe-reciente-de-oliver-wyman-evalua-y-compara-el-grado-de-sostenibilidad-ambiental-del-sistema-economico-de-29-paises-europeos\\\/\"},\"wordCount\":801,\"commentCount\":0,\"image\":{\"@id\":\"https:\\\/\\\/intelsynet.com\\\/un-informe-reciente-de-oliver-wyman-evalua-y-compara-el-grado-de-sostenibilidad-ambiental-del-sistema-economico-de-29-paises-europeos\\\/#primaryimage\"},\"thumbnailUrl\":\"https:\\\/\\\/intelsynet.com\\\/wp-content\\\/uploads\\\/2022\\\/11\\\/Grado-de-sostenibilidad-ambiental.jpg\",\"keywords\":[\"econom\u00eda\",\"emisiones\",\"emobility\",\"energ\u00eda\",\"l\u00f3gica econ\u00f3mica\",\"plan de transici\u00f3n\",\"transporte\"],\"articleSection\":[\"Sostenibilidad\"],\"inLanguage\":\"es\",\"potentialAction\":[{\"@type\":\"CommentAction\",\"name\":\"Comment\",\"target\":[\"https:\\\/\\\/intelsynet.com\\\/un-informe-reciente-de-oliver-wyman-evalua-y-compara-el-grado-de-sostenibilidad-ambiental-del-sistema-economico-de-29-paises-europeos\\\/#respond\"]}]},{\"@type\":\"WebPage\",\"@id\":\"https:\\\/\\\/intelsynet.com\\\/un-informe-reciente-de-oliver-wyman-evalua-y-compara-el-grado-de-sostenibilidad-ambiental-del-sistema-economico-de-29-paises-europeos\\\/\",\"url\":\"https:\\\/\\\/intelsynet.com\\\/un-informe-reciente-de-oliver-wyman-evalua-y-compara-el-grado-de-sostenibilidad-ambiental-del-sistema-economico-de-29-paises-europeos\\\/\",\"name\":\"Un informe reciente de Oliver Wyman eval\u00faa y compara el grado de sostenibilidad ambiental del sistema econ\u00f3mico de 29 pa\u00edses europeos - Intelsynet\",\"isPartOf\":{\"@id\":\"https:\\\/\\\/intelsynet.com\\\/es\\\/#website\"},\"primaryImageOfPage\":{\"@id\":\"https:\\\/\\\/intelsynet.com\\\/un-informe-reciente-de-oliver-wyman-evalua-y-compara-el-grado-de-sostenibilidad-ambiental-del-sistema-economico-de-29-paises-europeos\\\/#primaryimage\"},\"image\":{\"@id\":\"https:\\\/\\\/intelsynet.com\\\/un-informe-reciente-de-oliver-wyman-evalua-y-compara-el-grado-de-sostenibilidad-ambiental-del-sistema-economico-de-29-paises-europeos\\\/#primaryimage\"},\"thumbnailUrl\":\"https:\\\/\\\/intelsynet.com\\\/wp-content\\\/uploads\\\/2022\\\/11\\\/Grado-de-sostenibilidad-ambiental.jpg\",\"datePublished\":\"2022-08-04T13:40:26+00:00\",\"dateModified\":\"2022-11-22T13:42:12+00:00\",\"author\":{\"@id\":\"https:\\\/\\\/intelsynet.com\\\/es\\\/#\\\/schema\\\/person\\\/62b4711a8de3423f0f1537cb5daa1748\"},\"breadcrumb\":{\"@id\":\"https:\\\/\\\/intelsynet.com\\\/un-informe-reciente-de-oliver-wyman-evalua-y-compara-el-grado-de-sostenibilidad-ambiental-del-sistema-economico-de-29-paises-europeos\\\/#breadcrumb\"},\"inLanguage\":\"es\",\"potentialAction\":[{\"@type\":\"ReadAction\",\"target\":[\"https:\\\/\\\/intelsynet.com\\\/un-informe-reciente-de-oliver-wyman-evalua-y-compara-el-grado-de-sostenibilidad-ambiental-del-sistema-economico-de-29-paises-europeos\\\/\"]}]},{\"@type\":\"ImageObject\",\"inLanguage\":\"es\",\"@id\":\"https:\\\/\\\/intelsynet.com\\\/un-informe-reciente-de-oliver-wyman-evalua-y-compara-el-grado-de-sostenibilidad-ambiental-del-sistema-economico-de-29-paises-europeos\\\/#primaryimage\",\"url\":\"https:\\\/\\\/intelsynet.com\\\/wp-content\\\/uploads\\\/2022\\\/11\\\/Grado-de-sostenibilidad-ambiental.jpg\",\"contentUrl\":\"https:\\\/\\\/intelsynet.com\\\/wp-content\\\/uploads\\\/2022\\\/11\\\/Grado-de-sostenibilidad-ambiental.jpg\",\"width\":1241,\"height\":783},{\"@type\":\"BreadcrumbList\",\"@id\":\"https:\\\/\\\/intelsynet.com\\\/un-informe-reciente-de-oliver-wyman-evalua-y-compara-el-grado-de-sostenibilidad-ambiental-del-sistema-economico-de-29-paises-europeos\\\/#breadcrumb\",\"itemListElement\":[{\"@type\":\"ListItem\",\"position\":1,\"name\":\"Portada\",\"item\":\"https:\\\/\\\/intelsynet.com\\\/\"},{\"@type\":\"ListItem\",\"position\":2,\"name\":\"Un informe reciente de Oliver Wyman eval\u00faa y compara el grado de sostenibilidad ambiental del sistema econ\u00f3mico de 29 pa\u00edses europeos\"}]},{\"@type\":\"WebSite\",\"@id\":\"https:\\\/\\\/intelsynet.com\\\/es\\\/#website\",\"url\":\"https:\\\/\\\/intelsynet.com\\\/es\\\/\",\"name\":\"Intelsynet\",\"description\":\"Advisory Services\",\"potentialAction\":[{\"@type\":\"SearchAction\",\"target\":{\"@type\":\"EntryPoint\",\"urlTemplate\":\"https:\\\/\\\/intelsynet.com\\\/es\\\/?s={search_term_string}\"},\"query-input\":{\"@type\":\"PropertyValueSpecification\",\"valueRequired\":true,\"valueName\":\"search_term_string\"}}],\"inLanguage\":\"es\"},{\"@type\":\"Person\",\"@id\":\"https:\\\/\\\/intelsynet.com\\\/es\\\/#\\\/schema\\\/person\\\/62b4711a8de3423f0f1537cb5daa1748\",\"name\":\"produccion\",\"image\":{\"@type\":\"ImageObject\",\"inLanguage\":\"es\",\"@id\":\"https:\\\/\\\/secure.gravatar.com\\\/avatar\\\/bbda47eeca6a4d008c3cda344ed3cf00b82bd1a9f9fb41804c887c2ac269b8ec?s=96&d=mm&r=g\",\"url\":\"https:\\\/\\\/secure.gravatar.com\\\/avatar\\\/bbda47eeca6a4d008c3cda344ed3cf00b82bd1a9f9fb41804c887c2ac269b8ec?s=96&d=mm&r=g\",\"contentUrl\":\"https:\\\/\\\/secure.gravatar.com\\\/avatar\\\/bbda47eeca6a4d008c3cda344ed3cf00b82bd1a9f9fb41804c887c2ac269b8ec?s=96&d=mm&r=g\",\"caption\":\"produccion\"},\"url\":\"https:\\\/\\\/intelsynet.com\\\/es\\\/author\\\/produccion\\\/\"}]}<\/script>\n<!-- \/ Yoast SEO plugin. -->","yoast_head_json":{"title":"Un informe reciente de Oliver Wyman eval\u00faa y compara el grado de sostenibilidad ambiental del sistema econ\u00f3mico de 29 pa\u00edses europeos - Intelsynet","robots":{"index":"index","follow":"follow","max-snippet":"max-snippet:-1","max-image-preview":"max-image-preview:large","max-video-preview":"max-video-preview:-1"},"canonical":"https:\/\/intelsynet.com\/un-informe-reciente-de-oliver-wyman-evalua-y-compara-el-grado-de-sostenibilidad-ambiental-del-sistema-economico-de-29-paises-europeos\/","og_locale":"es_ES","og_type":"article","og_title":"Un informe reciente de Oliver Wyman eval\u00faa y compara el grado de sostenibilidad ambiental del sistema econ\u00f3mico de 29 pa\u00edses europeos - Intelsynet","og_url":"https:\/\/intelsynet.com\/un-informe-reciente-de-oliver-wyman-evalua-y-compara-el-grado-de-sostenibilidad-ambiental-del-sistema-economico-de-29-paises-europeos\/","og_site_name":"Intelsynet","article_published_time":"2022-08-04T13:40:26+00:00","article_modified_time":"2022-11-22T13:42:12+00:00","og_image":[{"width":1241,"height":783,"url":"https:\/\/intelsynet.com\/wp-content\/uploads\/2022\/11\/Grado-de-sostenibilidad-ambiental.jpg","type":"image\/jpeg"}],"author":"produccion","twitter_card":"summary_large_image","twitter_misc":{"Escrito por":"produccion","Tiempo de lectura":"2 minutos"},"schema":{"@context":"https:\/\/schema.org","@graph":[{"@type":"Article","@id":"https:\/\/intelsynet.com\/un-informe-reciente-de-oliver-wyman-evalua-y-compara-el-grado-de-sostenibilidad-ambiental-del-sistema-economico-de-29-paises-europeos\/#article","isPartOf":{"@id":"https:\/\/intelsynet.com\/un-informe-reciente-de-oliver-wyman-evalua-y-compara-el-grado-de-sostenibilidad-ambiental-del-sistema-economico-de-29-paises-europeos\/"},"author":{"name":"produccion","@id":"https:\/\/intelsynet.com\/es\/#\/schema\/person\/62b4711a8de3423f0f1537cb5daa1748"},"headline":"Un informe reciente de Oliver Wyman eval\u00faa y compara el grado de sostenibilidad ambiental del sistema econ\u00f3mico de 29 pa\u00edses europeos","datePublished":"2022-08-04T13:40:26+00:00","dateModified":"2022-11-22T13:42:12+00:00","mainEntityOfPage":{"@id":"https:\/\/intelsynet.com\/un-informe-reciente-de-oliver-wyman-evalua-y-compara-el-grado-de-sostenibilidad-ambiental-del-sistema-economico-de-29-paises-europeos\/"},"wordCount":801,"commentCount":0,"image":{"@id":"https:\/\/intelsynet.com\/un-informe-reciente-de-oliver-wyman-evalua-y-compara-el-grado-de-sostenibilidad-ambiental-del-sistema-economico-de-29-paises-europeos\/#primaryimage"},"thumbnailUrl":"https:\/\/intelsynet.com\/wp-content\/uploads\/2022\/11\/Grado-de-sostenibilidad-ambiental.jpg","keywords":["econom\u00eda","emisiones","emobility","energ\u00eda","l\u00f3gica econ\u00f3mica","plan de transici\u00f3n","transporte"],"articleSection":["Sostenibilidad"],"inLanguage":"es","potentialAction":[{"@type":"CommentAction","name":"Comment","target":["https:\/\/intelsynet.com\/un-informe-reciente-de-oliver-wyman-evalua-y-compara-el-grado-de-sostenibilidad-ambiental-del-sistema-economico-de-29-paises-europeos\/#respond"]}]},{"@type":"WebPage","@id":"https:\/\/intelsynet.com\/un-informe-reciente-de-oliver-wyman-evalua-y-compara-el-grado-de-sostenibilidad-ambiental-del-sistema-economico-de-29-paises-europeos\/","url":"https:\/\/intelsynet.com\/un-informe-reciente-de-oliver-wyman-evalua-y-compara-el-grado-de-sostenibilidad-ambiental-del-sistema-economico-de-29-paises-europeos\/","name":"Un informe reciente de Oliver Wyman eval\u00faa y compara el grado de sostenibilidad ambiental del sistema econ\u00f3mico de 29 pa\u00edses europeos - Intelsynet","isPartOf":{"@id":"https:\/\/intelsynet.com\/es\/#website"},"primaryImageOfPage":{"@id":"https:\/\/intelsynet.com\/un-informe-reciente-de-oliver-wyman-evalua-y-compara-el-grado-de-sostenibilidad-ambiental-del-sistema-economico-de-29-paises-europeos\/#primaryimage"},"image":{"@id":"https:\/\/intelsynet.com\/un-informe-reciente-de-oliver-wyman-evalua-y-compara-el-grado-de-sostenibilidad-ambiental-del-sistema-economico-de-29-paises-europeos\/#primaryimage"},"thumbnailUrl":"https:\/\/intelsynet.com\/wp-content\/uploads\/2022\/11\/Grado-de-sostenibilidad-ambiental.jpg","datePublished":"2022-08-04T13:40:26+00:00","dateModified":"2022-11-22T13:42:12+00:00","author":{"@id":"https:\/\/intelsynet.com\/es\/#\/schema\/person\/62b4711a8de3423f0f1537cb5daa1748"},"breadcrumb":{"@id":"https:\/\/intelsynet.com\/un-informe-reciente-de-oliver-wyman-evalua-y-compara-el-grado-de-sostenibilidad-ambiental-del-sistema-economico-de-29-paises-europeos\/#breadcrumb"},"inLanguage":"es","potentialAction":[{"@type":"ReadAction","target":["https:\/\/intelsynet.com\/un-informe-reciente-de-oliver-wyman-evalua-y-compara-el-grado-de-sostenibilidad-ambiental-del-sistema-economico-de-29-paises-europeos\/"]}]},{"@type":"ImageObject","inLanguage":"es","@id":"https:\/\/intelsynet.com\/un-informe-reciente-de-oliver-wyman-evalua-y-compara-el-grado-de-sostenibilidad-ambiental-del-sistema-economico-de-29-paises-europeos\/#primaryimage","url":"https:\/\/intelsynet.com\/wp-content\/uploads\/2022\/11\/Grado-de-sostenibilidad-ambiental.jpg","contentUrl":"https:\/\/intelsynet.com\/wp-content\/uploads\/2022\/11\/Grado-de-sostenibilidad-ambiental.jpg","width":1241,"height":783},{"@type":"BreadcrumbList","@id":"https:\/\/intelsynet.com\/un-informe-reciente-de-oliver-wyman-evalua-y-compara-el-grado-de-sostenibilidad-ambiental-del-sistema-economico-de-29-paises-europeos\/#breadcrumb","itemListElement":[{"@type":"ListItem","position":1,"name":"Portada","item":"https:\/\/intelsynet.com\/"},{"@type":"ListItem","position":2,"name":"Un informe reciente de Oliver Wyman eval\u00faa y compara el grado de sostenibilidad ambiental del sistema econ\u00f3mico de 29 pa\u00edses europeos"}]},{"@type":"WebSite","@id":"https:\/\/intelsynet.com\/es\/#website","url":"https:\/\/intelsynet.com\/es\/","name":"Intelsynet","description":"Advisory Services","potentialAction":[{"@type":"SearchAction","target":{"@type":"EntryPoint","urlTemplate":"https:\/\/intelsynet.com\/es\/?s={search_term_string}"},"query-input":{"@type":"PropertyValueSpecification","valueRequired":true,"valueName":"search_term_string"}}],"inLanguage":"es"},{"@type":"Person","@id":"https:\/\/intelsynet.com\/es\/#\/schema\/person\/62b4711a8de3423f0f1537cb5daa1748","name":"produccion","image":{"@type":"ImageObject","inLanguage":"es","@id":"https:\/\/secure.gravatar.com\/avatar\/bbda47eeca6a4d008c3cda344ed3cf00b82bd1a9f9fb41804c887c2ac269b8ec?s=96&d=mm&r=g","url":"https:\/\/secure.gravatar.com\/avatar\/bbda47eeca6a4d008c3cda344ed3cf00b82bd1a9f9fb41804c887c2ac269b8ec?s=96&d=mm&r=g","contentUrl":"https:\/\/secure.gravatar.com\/avatar\/bbda47eeca6a4d008c3cda344ed3cf00b82bd1a9f9fb41804c887c2ac269b8ec?s=96&d=mm&r=g","caption":"produccion"},"url":"https:\/\/intelsynet.com\/es\/author\/produccion\/"}]}},"_links":{"self":[{"href":"https:\/\/intelsynet.com\/es\/wp-json\/wp\/v2\/posts\/3186","targetHints":{"allow":["GET"]}}],"collection":[{"href":"https:\/\/intelsynet.com\/es\/wp-json\/wp\/v2\/posts"}],"about":[{"href":"https:\/\/intelsynet.com\/es\/wp-json\/wp\/v2\/types\/post"}],"author":[{"embeddable":true,"href":"https:\/\/intelsynet.com\/es\/wp-json\/wp\/v2\/users\/1"}],"replies":[{"embeddable":true,"href":"https:\/\/intelsynet.com\/es\/wp-json\/wp\/v2\/comments?post=3186"}],"version-history":[{"count":2,"href":"https:\/\/intelsynet.com\/es\/wp-json\/wp\/v2\/posts\/3186\/revisions"}],"predecessor-version":[{"id":3189,"href":"https:\/\/intelsynet.com\/es\/wp-json\/wp\/v2\/posts\/3186\/revisions\/3189"}],"wp:featuredmedia":[{"embeddable":true,"href":"https:\/\/intelsynet.com\/es\/wp-json\/wp\/v2\/media\/3187"}],"wp:attachment":[{"href":"https:\/\/intelsynet.com\/es\/wp-json\/wp\/v2\/media?parent=3186"}],"wp:term":[{"taxonomy":"category","embeddable":true,"href":"https:\/\/intelsynet.com\/es\/wp-json\/wp\/v2\/categories?post=3186"},{"taxonomy":"post_tag","embeddable":true,"href":"https:\/\/intelsynet.com\/es\/wp-json\/wp\/v2\/tags?post=3186"}],"curies":[{"name":"wp","href":"https:\/\/api.w.org\/{rel}","templated":true}]}}