{"id":3177,"date":"2022-08-08T10:47:59","date_gmt":"2022-08-08T10:47:59","guid":{"rendered":"https:\/\/intelsynet.com\/?p=3177"},"modified":"2022-11-07T10:52:10","modified_gmt":"2022-11-07T10:52:10","slug":"casi-la-mitad-de-la-poblacion-de-los-paises-de-bajos-ingresos-enfrenta-un-grave-desabastecimiento-de-alimentos","status":"publish","type":"post","link":"https:\/\/intelsynet.com\/es\/casi-la-mitad-de-la-poblacion-de-los-paises-de-bajos-ingresos-enfrenta-un-grave-desabastecimiento-de-alimentos\/","title":{"rendered":"Casi la mitad de la poblaci\u00f3n de los pa\u00edses de bajos ingresos enfrenta un grave desabastecimiento de alimentos"},"content":{"rendered":"<div class=\"fusion-fullwidth fullwidth-box fusion-builder-row-1 fusion-flex-container nonhundred-percent-fullwidth non-hundred-percent-height-scrolling\" style=\"background-color: rgba(255,255,255,0);background-position: center center;background-repeat: no-repeat;border-width: 0px 0px 0px 0px;border-color:rgba(97,158,133,0);border-style:solid;\" ><div class=\"fusion-builder-row fusion-row fusion-flex-align-items-flex-start\" style=\"max-width:1216.8px;margin-left: calc(-4% \/ 2 );margin-right: calc(-4% \/ 2 );\"><div class=\"fusion-layout-column fusion_builder_column fusion-builder-column-0 fusion_builder_column_1_1 1_1 fusion-flex-column\"><div class=\"fusion-column-wrapper fusion-flex-justify-content-flex-start fusion-content-layout-column\" style=\"background-position:left top;background-repeat:no-repeat;-webkit-background-size:cover;-moz-background-size:cover;-o-background-size:cover;background-size:cover;padding: 0px 0px 0px 0px;\"><div class=\"fusion-text fusion-text-1\"><p>En su \u00faltimo informe de junio de 2022, \u00abPerspectivas Econ\u00f3micas Mundiales\u00bb, el\u00a0<a href=\"https:\/\/www.linkedin.com\/company\/the-world-bank-group\/\" data-attribute-index=\"0\" data-entity-hovercard-id=\"urn:li:fs_miniCompany:3739085\" data-entity-type=\"MINI_COMPANY\">World Bank Group<\/a>\u00a0se\u00f1al\u00f3 que casi la mitad de la poblaci\u00f3n de los pa\u00edses de bajos ingresos enfrenta un grave desabastecimiento de alimentos, con un impacto geopol\u00edtico y humanitario todav\u00eda por definir a nivel global.<\/p>\n<p>El incremento de los precios est\u00e1 provocando nuevas oleadas de proteccionismo. Pa\u00edses como Indonesia, India y Malasia han restringido sus exportaciones de aceite de cocina, trigo y pollo a fin de proteger sus mercados internos. Seg\u00fan datos del Think Tank con sede en Washington DC, <a href=\"https:\/\/www.linkedin.com\/company\/csis\/\" data-attribute-index=\"2\" data-entity-hovercard-id=\"urn:li:fs_miniCompany:9556\" data-entity-type=\"MINI_COMPANY\">Center for Strategic and International Studies (CSIS)<\/a>, alrededor de 20 pa\u00edses tienen alg\u00fan tipo de control de sus exportaciones para reducir el efecto de los elevados precios del sector alimentario.<\/p>\n<p>Parad\u00f3jicamente, en los pa\u00edses m\u00e1s desarrollados estamos a\u00fan discutiendo c\u00f3mo gestionar el desperdicio de alimentos que se ha convertido en un problema global. Desde la <a href=\"https:\/\/www.linkedin.com\/feed\/hashtag\/?keywords=agenda2030&amp;highlightedUpdateUrns=urn%3Ali%3Aactivity%3A6955219806350422016\" data-attribute-index=\"4\">#agenda2030<\/a>\u00a0se contempla este dilema y queda reflejado en el\u00a0<a href=\"https:\/\/www.linkedin.com\/feed\/hashtag\/?keywords=ods12&amp;highlightedUpdateUrns=urn%3Ali%3Aactivity%3A6955219806350422016\" data-attribute-index=\"5\">#ods12<\/a> , el cual establece la aspiraci\u00f3n de \u00abreducir a la mitad el desperdicio de alimentos per c\u00e1pita mundial en la venta al por menor y a nivel de los consumidores y reducir las p\u00e9rdidas de alimentos en las cadenas de producci\u00f3n y suministro, incluidas las p\u00e9rdidas posteriores a la cosecha\u00bb.<\/p>\n<p>En lo que respecta al impacto sobre el cambio clim\u00e1tico, tambi\u00e9n tiene una repercusi\u00f3n directa y con indicadores a tener muy en cuenta.<br \/>\nSeg\u00fan\u00a0<a href=\"https:\/\/www.linkedin.com\/company\/fao\/\" data-attribute-index=\"6\" data-entity-hovercard-id=\"urn:li:fs_miniCompany:163765\" data-entity-type=\"MINI_COMPANY\">FAO<\/a>, (Organizaci\u00f3n de las Naciones Unidas para la Agricultura y la Alimentaci\u00f3n) la huella de carbono del desperdicio de alimentos se estima en 3.300 millones de toneladas equivalentes de CO2 liberadas a la atm\u00f3sfera al a\u00f1o. Si el \u201cdesperdicio de alimentos\u201d fuera un pa\u00eds, ser\u00eda el tercer mayor emisor de CO2 del mundo despu\u00e9s de China y EE. UU.<\/p>\n<p>Datos de la Organizaci\u00f3n de Naciones Unidas (ONU) nos dicen que el sistema alimentario mundial representa hasta el 30% de las emisiones de gases de efecto invernadero, entre un 8% y 10% de las emisiones mundiales de estos gases est\u00e1n relacionadas con los alimentos que no se consumen. Se debe diferenciar entre alimentos perdidos (14%), los que se descartan en el trayecto de la cosecha y a las puertas al comercio minorista, y los desperdiciados, que son los que se desechan en el supermercado (13%), en los restaurantes (26%) o en los hogares (61%).<\/p>\n<p>La concienciaci\u00f3n sobre buenas practicas en los hogares, unida a la necesidad de avanzar con\u00a0<a href=\"https:\/\/www.linkedin.com\/feed\/hashtag\/?keywords=planesdetransici%C3%B3n&amp;highlightedUpdateUrns=urn%3Ali%3Aactivity%3A6955219806350422016\" data-attribute-index=\"8\">#planesdetransici\u00f3n<\/a>\u00a0realistas y eficientes por parte toda la cadena de valor que conforman las empresas del sector alimentario, las comercializadoras de alimentos y las de hosteler\u00eda, deben ser sin duda una prioridad del marco regulatorio y normativo que se espera entre en vigor en Espa\u00f1a en 2023.<\/p>\n<\/div><\/div><style type=\"text\/css\">.fusion-body .fusion-builder-column-0{width:100% !important;margin-top : 0px;margin-bottom : 20px;}.fusion-builder-column-0 > .fusion-column-wrapper {padding-top : 0px !important;padding-right : 0px !important;margin-right : 1.92%;padding-bottom : 0px !important;padding-left : 0px !important;margin-left : 1.92%;}@media only screen and (max-width:1024px) {.fusion-body .fusion-builder-column-0{width:100% !important;order : 0;}.fusion-builder-column-0 > .fusion-column-wrapper {margin-right : 1.92%;margin-left : 1.92%;}}@media only screen and (max-width:640px) {.fusion-body .fusion-builder-column-0{width:100% !important;order : 0;}.fusion-builder-column-0 > .fusion-column-wrapper {margin-right : 1.92%;margin-left : 1.92%;}}<\/style><\/div><\/div><style type=\"text\/css\">.fusion-body .fusion-flex-container.fusion-builder-row-1{ padding-top : 0px;margin-top : 0px;padding-right : 0px;padding-bottom : 0px;margin-bottom : 0px;padding-left : 0px;}<\/style><\/div>\n","protected":false},"excerpt":{"rendered":"","protected":false},"author":1,"featured_media":3178,"comment_status":"open","ping_status":"open","sticky":false,"template":"","format":"standard","meta":{"footnotes":""},"categories":[2,119,117],"tags":[154,127,159,158,108,153,157,109,155,156],"class_list":["post-3177","post","type-post","status-publish","format-standard","has-post-thumbnail","hentry","category-nuestros-articulos","category-geopolitica","category-sostenibilidad","tag-alimentos","tag-comercio","tag-efecto-invernadero","tag-emisiones","tag-emobility","tag-esg","tag-huella-co2","tag-logicaeconomica","tag-transicion-energetica","tag-transicion-medioambiental"],"yoast_head":"<!-- This site is optimized with the Yoast SEO plugin v27.5 - https:\/\/yoast.com\/product\/yoast-seo-wordpress\/ -->\n<title>Casi la mitad de la poblaci\u00f3n de los pa\u00edses de bajos ingresos enfrenta un grave desabastecimiento de alimentos - Intelsynet<\/title>\n<meta name=\"robots\" content=\"index, follow, max-snippet:-1, max-image-preview:large, max-video-preview:-1\" \/>\n<link rel=\"canonical\" href=\"https:\/\/intelsynet.com\/casi-la-mitad-de-la-poblacion-de-los-paises-de-bajos-ingresos-enfrenta-un-grave-desabastecimiento-de-alimentos\/\" \/>\n<meta property=\"og:locale\" content=\"es_ES\" \/>\n<meta property=\"og:type\" content=\"article\" \/>\n<meta property=\"og:title\" content=\"Casi la mitad de la poblaci\u00f3n de los pa\u00edses de bajos ingresos enfrenta un grave desabastecimiento de alimentos - Intelsynet\" \/>\n<meta property=\"og:url\" content=\"https:\/\/intelsynet.com\/casi-la-mitad-de-la-poblacion-de-los-paises-de-bajos-ingresos-enfrenta-un-grave-desabastecimiento-de-alimentos\/\" \/>\n<meta property=\"og:site_name\" content=\"Intelsynet\" \/>\n<meta property=\"article:published_time\" content=\"2022-08-08T10:47:59+00:00\" \/>\n<meta property=\"article:modified_time\" content=\"2022-11-07T10:52:10+00:00\" \/>\n<meta property=\"og:image\" content=\"https:\/\/intelsynet.com\/wp-content\/uploads\/2022\/11\/Escasez-alimentos-paises-bajos-ingresos.jpg\" \/>\n\t<meta property=\"og:image:width\" content=\"800\" \/>\n\t<meta property=\"og:image:height\" content=\"451\" \/>\n\t<meta property=\"og:image:type\" content=\"image\/jpeg\" \/>\n<meta name=\"author\" content=\"produccion\" \/>\n<meta name=\"twitter:card\" content=\"summary_large_image\" \/>\n<meta name=\"twitter:label1\" content=\"Escrito por\" \/>\n\t<meta name=\"twitter:data1\" content=\"produccion\" \/>\n<script type=\"application\/ld+json\" class=\"yoast-schema-graph\">{\"@context\":\"https:\\\/\\\/schema.org\",\"@graph\":[{\"@type\":\"Article\",\"@id\":\"https:\\\/\\\/intelsynet.com\\\/casi-la-mitad-de-la-poblacion-de-los-paises-de-bajos-ingresos-enfrenta-un-grave-desabastecimiento-de-alimentos\\\/#article\",\"isPartOf\":{\"@id\":\"https:\\\/\\\/intelsynet.com\\\/casi-la-mitad-de-la-poblacion-de-los-paises-de-bajos-ingresos-enfrenta-un-grave-desabastecimiento-de-alimentos\\\/\"},\"author\":{\"name\":\"produccion\",\"@id\":\"https:\\\/\\\/intelsynet.com\\\/es\\\/#\\\/schema\\\/person\\\/62b4711a8de3423f0f1537cb5daa1748\"},\"headline\":\"Casi la mitad de la poblaci\u00f3n de los pa\u00edses de bajos ingresos enfrenta un grave desabastecimiento de alimentos\",\"datePublished\":\"2022-08-08T10:47:59+00:00\",\"dateModified\":\"2022-11-07T10:52:10+00:00\",\"mainEntityOfPage\":{\"@id\":\"https:\\\/\\\/intelsynet.com\\\/casi-la-mitad-de-la-poblacion-de-los-paises-de-bajos-ingresos-enfrenta-un-grave-desabastecimiento-de-alimentos\\\/\"},\"wordCount\":1113,\"commentCount\":0,\"image\":{\"@id\":\"https:\\\/\\\/intelsynet.com\\\/casi-la-mitad-de-la-poblacion-de-los-paises-de-bajos-ingresos-enfrenta-un-grave-desabastecimiento-de-alimentos\\\/#primaryimage\"},\"thumbnailUrl\":\"https:\\\/\\\/intelsynet.com\\\/wp-content\\\/uploads\\\/2022\\\/11\\\/Escasez-alimentos-paises-bajos-ingresos.jpg\",\"keywords\":[\"alimentos\",\"comercio\",\"efecto invernadero\",\"emisiones\",\"emobility\",\"ESG\",\"huella CO2\",\"l\u00f3gica econ\u00f3mica\",\"transici\u00f3n energ\u00e9tica\",\"transici\u00f3n medioambiental\"],\"articleSection\":[\"Art\u00edculos\",\"Geopol\u00edtica\",\"Sostenibilidad\"],\"inLanguage\":\"es\",\"potentialAction\":[{\"@type\":\"CommentAction\",\"name\":\"Comment\",\"target\":[\"https:\\\/\\\/intelsynet.com\\\/casi-la-mitad-de-la-poblacion-de-los-paises-de-bajos-ingresos-enfrenta-un-grave-desabastecimiento-de-alimentos\\\/#respond\"]}]},{\"@type\":\"WebPage\",\"@id\":\"https:\\\/\\\/intelsynet.com\\\/casi-la-mitad-de-la-poblacion-de-los-paises-de-bajos-ingresos-enfrenta-un-grave-desabastecimiento-de-alimentos\\\/\",\"url\":\"https:\\\/\\\/intelsynet.com\\\/casi-la-mitad-de-la-poblacion-de-los-paises-de-bajos-ingresos-enfrenta-un-grave-desabastecimiento-de-alimentos\\\/\",\"name\":\"Casi la mitad de la poblaci\u00f3n de los pa\u00edses de bajos ingresos enfrenta un grave desabastecimiento de alimentos - Intelsynet\",\"isPartOf\":{\"@id\":\"https:\\\/\\\/intelsynet.com\\\/es\\\/#website\"},\"primaryImageOfPage\":{\"@id\":\"https:\\\/\\\/intelsynet.com\\\/casi-la-mitad-de-la-poblacion-de-los-paises-de-bajos-ingresos-enfrenta-un-grave-desabastecimiento-de-alimentos\\\/#primaryimage\"},\"image\":{\"@id\":\"https:\\\/\\\/intelsynet.com\\\/casi-la-mitad-de-la-poblacion-de-los-paises-de-bajos-ingresos-enfrenta-un-grave-desabastecimiento-de-alimentos\\\/#primaryimage\"},\"thumbnailUrl\":\"https:\\\/\\\/intelsynet.com\\\/wp-content\\\/uploads\\\/2022\\\/11\\\/Escasez-alimentos-paises-bajos-ingresos.jpg\",\"datePublished\":\"2022-08-08T10:47:59+00:00\",\"dateModified\":\"2022-11-07T10:52:10+00:00\",\"author\":{\"@id\":\"https:\\\/\\\/intelsynet.com\\\/es\\\/#\\\/schema\\\/person\\\/62b4711a8de3423f0f1537cb5daa1748\"},\"breadcrumb\":{\"@id\":\"https:\\\/\\\/intelsynet.com\\\/casi-la-mitad-de-la-poblacion-de-los-paises-de-bajos-ingresos-enfrenta-un-grave-desabastecimiento-de-alimentos\\\/#breadcrumb\"},\"inLanguage\":\"es\",\"potentialAction\":[{\"@type\":\"ReadAction\",\"target\":[\"https:\\\/\\\/intelsynet.com\\\/casi-la-mitad-de-la-poblacion-de-los-paises-de-bajos-ingresos-enfrenta-un-grave-desabastecimiento-de-alimentos\\\/\"]}]},{\"@type\":\"ImageObject\",\"inLanguage\":\"es\",\"@id\":\"https:\\\/\\\/intelsynet.com\\\/casi-la-mitad-de-la-poblacion-de-los-paises-de-bajos-ingresos-enfrenta-un-grave-desabastecimiento-de-alimentos\\\/#primaryimage\",\"url\":\"https:\\\/\\\/intelsynet.com\\\/wp-content\\\/uploads\\\/2022\\\/11\\\/Escasez-alimentos-paises-bajos-ingresos.jpg\",\"contentUrl\":\"https:\\\/\\\/intelsynet.com\\\/wp-content\\\/uploads\\\/2022\\\/11\\\/Escasez-alimentos-paises-bajos-ingresos.jpg\",\"width\":800,\"height\":451,\"caption\":\"Escasez alimentos paises bajos ingresos\"},{\"@type\":\"BreadcrumbList\",\"@id\":\"https:\\\/\\\/intelsynet.com\\\/casi-la-mitad-de-la-poblacion-de-los-paises-de-bajos-ingresos-enfrenta-un-grave-desabastecimiento-de-alimentos\\\/#breadcrumb\",\"itemListElement\":[{\"@type\":\"ListItem\",\"position\":1,\"name\":\"Portada\",\"item\":\"https:\\\/\\\/intelsynet.com\\\/\"},{\"@type\":\"ListItem\",\"position\":2,\"name\":\"Casi la mitad de la poblaci\u00f3n de los pa\u00edses de bajos ingresos enfrenta un grave desabastecimiento de alimentos\"}]},{\"@type\":\"WebSite\",\"@id\":\"https:\\\/\\\/intelsynet.com\\\/es\\\/#website\",\"url\":\"https:\\\/\\\/intelsynet.com\\\/es\\\/\",\"name\":\"Intelsynet\",\"description\":\"Advisory Services\",\"potentialAction\":[{\"@type\":\"SearchAction\",\"target\":{\"@type\":\"EntryPoint\",\"urlTemplate\":\"https:\\\/\\\/intelsynet.com\\\/es\\\/?s={search_term_string}\"},\"query-input\":{\"@type\":\"PropertyValueSpecification\",\"valueRequired\":true,\"valueName\":\"search_term_string\"}}],\"inLanguage\":\"es\"},{\"@type\":\"Person\",\"@id\":\"https:\\\/\\\/intelsynet.com\\\/es\\\/#\\\/schema\\\/person\\\/62b4711a8de3423f0f1537cb5daa1748\",\"name\":\"produccion\",\"image\":{\"@type\":\"ImageObject\",\"inLanguage\":\"es\",\"@id\":\"https:\\\/\\\/secure.gravatar.com\\\/avatar\\\/bbda47eeca6a4d008c3cda344ed3cf00b82bd1a9f9fb41804c887c2ac269b8ec?s=96&d=mm&r=g\",\"url\":\"https:\\\/\\\/secure.gravatar.com\\\/avatar\\\/bbda47eeca6a4d008c3cda344ed3cf00b82bd1a9f9fb41804c887c2ac269b8ec?s=96&d=mm&r=g\",\"contentUrl\":\"https:\\\/\\\/secure.gravatar.com\\\/avatar\\\/bbda47eeca6a4d008c3cda344ed3cf00b82bd1a9f9fb41804c887c2ac269b8ec?s=96&d=mm&r=g\",\"caption\":\"produccion\"},\"url\":\"https:\\\/\\\/intelsynet.com\\\/es\\\/author\\\/produccion\\\/\"}]}<\/script>\n<!-- \/ Yoast SEO plugin. -->","yoast_head_json":{"title":"Casi la mitad de la poblaci\u00f3n de los pa\u00edses de bajos ingresos enfrenta un grave desabastecimiento de alimentos - Intelsynet","robots":{"index":"index","follow":"follow","max-snippet":"max-snippet:-1","max-image-preview":"max-image-preview:large","max-video-preview":"max-video-preview:-1"},"canonical":"https:\/\/intelsynet.com\/casi-la-mitad-de-la-poblacion-de-los-paises-de-bajos-ingresos-enfrenta-un-grave-desabastecimiento-de-alimentos\/","og_locale":"es_ES","og_type":"article","og_title":"Casi la mitad de la poblaci\u00f3n de los pa\u00edses de bajos ingresos enfrenta un grave desabastecimiento de alimentos - Intelsynet","og_url":"https:\/\/intelsynet.com\/casi-la-mitad-de-la-poblacion-de-los-paises-de-bajos-ingresos-enfrenta-un-grave-desabastecimiento-de-alimentos\/","og_site_name":"Intelsynet","article_published_time":"2022-08-08T10:47:59+00:00","article_modified_time":"2022-11-07T10:52:10+00:00","og_image":[{"width":800,"height":451,"url":"https:\/\/intelsynet.com\/wp-content\/uploads\/2022\/11\/Escasez-alimentos-paises-bajos-ingresos.jpg","type":"image\/jpeg"}],"author":"produccion","twitter_card":"summary_large_image","twitter_misc":{"Escrito por":"produccion"},"schema":{"@context":"https:\/\/schema.org","@graph":[{"@type":"Article","@id":"https:\/\/intelsynet.com\/casi-la-mitad-de-la-poblacion-de-los-paises-de-bajos-ingresos-enfrenta-un-grave-desabastecimiento-de-alimentos\/#article","isPartOf":{"@id":"https:\/\/intelsynet.com\/casi-la-mitad-de-la-poblacion-de-los-paises-de-bajos-ingresos-enfrenta-un-grave-desabastecimiento-de-alimentos\/"},"author":{"name":"produccion","@id":"https:\/\/intelsynet.com\/es\/#\/schema\/person\/62b4711a8de3423f0f1537cb5daa1748"},"headline":"Casi la mitad de la poblaci\u00f3n de los pa\u00edses de bajos ingresos enfrenta un grave desabastecimiento de alimentos","datePublished":"2022-08-08T10:47:59+00:00","dateModified":"2022-11-07T10:52:10+00:00","mainEntityOfPage":{"@id":"https:\/\/intelsynet.com\/casi-la-mitad-de-la-poblacion-de-los-paises-de-bajos-ingresos-enfrenta-un-grave-desabastecimiento-de-alimentos\/"},"wordCount":1113,"commentCount":0,"image":{"@id":"https:\/\/intelsynet.com\/casi-la-mitad-de-la-poblacion-de-los-paises-de-bajos-ingresos-enfrenta-un-grave-desabastecimiento-de-alimentos\/#primaryimage"},"thumbnailUrl":"https:\/\/intelsynet.com\/wp-content\/uploads\/2022\/11\/Escasez-alimentos-paises-bajos-ingresos.jpg","keywords":["alimentos","comercio","efecto invernadero","emisiones","emobility","ESG","huella CO2","l\u00f3gica econ\u00f3mica","transici\u00f3n energ\u00e9tica","transici\u00f3n medioambiental"],"articleSection":["Art\u00edculos","Geopol\u00edtica","Sostenibilidad"],"inLanguage":"es","potentialAction":[{"@type":"CommentAction","name":"Comment","target":["https:\/\/intelsynet.com\/casi-la-mitad-de-la-poblacion-de-los-paises-de-bajos-ingresos-enfrenta-un-grave-desabastecimiento-de-alimentos\/#respond"]}]},{"@type":"WebPage","@id":"https:\/\/intelsynet.com\/casi-la-mitad-de-la-poblacion-de-los-paises-de-bajos-ingresos-enfrenta-un-grave-desabastecimiento-de-alimentos\/","url":"https:\/\/intelsynet.com\/casi-la-mitad-de-la-poblacion-de-los-paises-de-bajos-ingresos-enfrenta-un-grave-desabastecimiento-de-alimentos\/","name":"Casi la mitad de la poblaci\u00f3n de los pa\u00edses de bajos ingresos enfrenta un grave desabastecimiento de alimentos - Intelsynet","isPartOf":{"@id":"https:\/\/intelsynet.com\/es\/#website"},"primaryImageOfPage":{"@id":"https:\/\/intelsynet.com\/casi-la-mitad-de-la-poblacion-de-los-paises-de-bajos-ingresos-enfrenta-un-grave-desabastecimiento-de-alimentos\/#primaryimage"},"image":{"@id":"https:\/\/intelsynet.com\/casi-la-mitad-de-la-poblacion-de-los-paises-de-bajos-ingresos-enfrenta-un-grave-desabastecimiento-de-alimentos\/#primaryimage"},"thumbnailUrl":"https:\/\/intelsynet.com\/wp-content\/uploads\/2022\/11\/Escasez-alimentos-paises-bajos-ingresos.jpg","datePublished":"2022-08-08T10:47:59+00:00","dateModified":"2022-11-07T10:52:10+00:00","author":{"@id":"https:\/\/intelsynet.com\/es\/#\/schema\/person\/62b4711a8de3423f0f1537cb5daa1748"},"breadcrumb":{"@id":"https:\/\/intelsynet.com\/casi-la-mitad-de-la-poblacion-de-los-paises-de-bajos-ingresos-enfrenta-un-grave-desabastecimiento-de-alimentos\/#breadcrumb"},"inLanguage":"es","potentialAction":[{"@type":"ReadAction","target":["https:\/\/intelsynet.com\/casi-la-mitad-de-la-poblacion-de-los-paises-de-bajos-ingresos-enfrenta-un-grave-desabastecimiento-de-alimentos\/"]}]},{"@type":"ImageObject","inLanguage":"es","@id":"https:\/\/intelsynet.com\/casi-la-mitad-de-la-poblacion-de-los-paises-de-bajos-ingresos-enfrenta-un-grave-desabastecimiento-de-alimentos\/#primaryimage","url":"https:\/\/intelsynet.com\/wp-content\/uploads\/2022\/11\/Escasez-alimentos-paises-bajos-ingresos.jpg","contentUrl":"https:\/\/intelsynet.com\/wp-content\/uploads\/2022\/11\/Escasez-alimentos-paises-bajos-ingresos.jpg","width":800,"height":451,"caption":"Escasez alimentos paises bajos ingresos"},{"@type":"BreadcrumbList","@id":"https:\/\/intelsynet.com\/casi-la-mitad-de-la-poblacion-de-los-paises-de-bajos-ingresos-enfrenta-un-grave-desabastecimiento-de-alimentos\/#breadcrumb","itemListElement":[{"@type":"ListItem","position":1,"name":"Portada","item":"https:\/\/intelsynet.com\/"},{"@type":"ListItem","position":2,"name":"Casi la mitad de la poblaci\u00f3n de los pa\u00edses de bajos ingresos enfrenta un grave desabastecimiento de alimentos"}]},{"@type":"WebSite","@id":"https:\/\/intelsynet.com\/es\/#website","url":"https:\/\/intelsynet.com\/es\/","name":"Intelsynet","description":"Advisory Services","potentialAction":[{"@type":"SearchAction","target":{"@type":"EntryPoint","urlTemplate":"https:\/\/intelsynet.com\/es\/?s={search_term_string}"},"query-input":{"@type":"PropertyValueSpecification","valueRequired":true,"valueName":"search_term_string"}}],"inLanguage":"es"},{"@type":"Person","@id":"https:\/\/intelsynet.com\/es\/#\/schema\/person\/62b4711a8de3423f0f1537cb5daa1748","name":"produccion","image":{"@type":"ImageObject","inLanguage":"es","@id":"https:\/\/secure.gravatar.com\/avatar\/bbda47eeca6a4d008c3cda344ed3cf00b82bd1a9f9fb41804c887c2ac269b8ec?s=96&d=mm&r=g","url":"https:\/\/secure.gravatar.com\/avatar\/bbda47eeca6a4d008c3cda344ed3cf00b82bd1a9f9fb41804c887c2ac269b8ec?s=96&d=mm&r=g","contentUrl":"https:\/\/secure.gravatar.com\/avatar\/bbda47eeca6a4d008c3cda344ed3cf00b82bd1a9f9fb41804c887c2ac269b8ec?s=96&d=mm&r=g","caption":"produccion"},"url":"https:\/\/intelsynet.com\/es\/author\/produccion\/"}]}},"_links":{"self":[{"href":"https:\/\/intelsynet.com\/es\/wp-json\/wp\/v2\/posts\/3177","targetHints":{"allow":["GET"]}}],"collection":[{"href":"https:\/\/intelsynet.com\/es\/wp-json\/wp\/v2\/posts"}],"about":[{"href":"https:\/\/intelsynet.com\/es\/wp-json\/wp\/v2\/types\/post"}],"author":[{"embeddable":true,"href":"https:\/\/intelsynet.com\/es\/wp-json\/wp\/v2\/users\/1"}],"replies":[{"embeddable":true,"href":"https:\/\/intelsynet.com\/es\/wp-json\/wp\/v2\/comments?post=3177"}],"version-history":[{"count":1,"href":"https:\/\/intelsynet.com\/es\/wp-json\/wp\/v2\/posts\/3177\/revisions"}],"predecessor-version":[{"id":3179,"href":"https:\/\/intelsynet.com\/es\/wp-json\/wp\/v2\/posts\/3177\/revisions\/3179"}],"wp:featuredmedia":[{"embeddable":true,"href":"https:\/\/intelsynet.com\/es\/wp-json\/wp\/v2\/media\/3178"}],"wp:attachment":[{"href":"https:\/\/intelsynet.com\/es\/wp-json\/wp\/v2\/media?parent=3177"}],"wp:term":[{"taxonomy":"category","embeddable":true,"href":"https:\/\/intelsynet.com\/es\/wp-json\/wp\/v2\/categories?post=3177"},{"taxonomy":"post_tag","embeddable":true,"href":"https:\/\/intelsynet.com\/es\/wp-json\/wp\/v2\/tags?post=3177"}],"curies":[{"name":"wp","href":"https:\/\/api.w.org\/{rel}","templated":true}]}}