{"id":3168,"date":"2022-08-18T10:23:56","date_gmt":"2022-08-18T10:23:56","guid":{"rendered":"https:\/\/intelsynet.com\/?p=3168"},"modified":"2022-11-07T10:45:13","modified_gmt":"2022-11-07T10:45:13","slug":"grupo-air-products-participa-en-la-iniciativa-del-sector-ceramico-espanol-que-sigue-avanzando-en-su-proceso-de-descarbonizacion","status":"publish","type":"post","link":"https:\/\/intelsynet.com\/es\/grupo-air-products-participa-en-la-iniciativa-del-sector-ceramico-espanol-que-sigue-avanzando-en-su-proceso-de-descarbonizacion\/","title":{"rendered":"Grupo Air Products participa en la iniciativa del sector cer\u00e1mico espa\u00f1ol que sigue avanzando en su proceso de descarbonizaci\u00f3n"},"content":{"rendered":"<div class=\"fusion-fullwidth fullwidth-box fusion-builder-row-1 fusion-flex-container nonhundred-percent-fullwidth non-hundred-percent-height-scrolling\" style=\"background-color: rgba(255,255,255,0);background-position: center center;background-repeat: no-repeat;border-width: 0px 0px 0px 0px;border-color:rgba(97,158,133,0);border-style:solid;\" ><div class=\"fusion-builder-row fusion-row fusion-flex-align-items-flex-start\" style=\"max-width:1216.8px;margin-left: calc(-4% \/ 2 );margin-right: calc(-4% \/ 2 );\"><div class=\"fusion-layout-column fusion_builder_column fusion-builder-column-0 fusion_builder_column_1_1 1_1 fusion-flex-column\"><div class=\"fusion-column-wrapper fusion-flex-justify-content-flex-start fusion-content-layout-column\" style=\"background-position:left top;background-repeat:no-repeat;-webkit-background-size:cover;-moz-background-size:cover;-o-background-size:cover;background-size:cover;padding: 0px 0px 0px 0px;\"><div class=\"fusion-text fusion-text-1\"><p>El Grupo\u00a0<a href=\"https:\/\/www.linkedin.com\/company\/air-products\/\" data-attribute-index=\"0\" data-entity-hovercard-id=\"urn:li:fs_miniCompany:4156\" data-entity-type=\"MINI_COMPANY\">Air Products<\/a>, a trav\u00e9s de su compa\u00f1\u00eda\u00a0<a href=\"https:\/\/www.linkedin.com\/company\/carburos-metalicos\/\" data-attribute-index=\"2\" data-entity-hovercard-id=\"urn:li:fs_miniCompany:137378\" data-entity-type=\"MINI_COMPANY\">Carburos Met\u00e1licos<\/a>, compa\u00f1\u00eda l\u00edder en el sector de gases industriales y medicinales en Espa\u00f1a , ha concluido con \u00e9xito su participaci\u00f3n en una iniciativa pionera para acompa\u00f1ar al sector cer\u00e1mico espa\u00f1ol que sigue avanzando en su proceso de\u00a0<a href=\"https:\/\/www.linkedin.com\/feed\/hashtag\/?keywords=descarbonizaci%C3%B3n&amp;highlightedUpdateUrns=urn%3Ali%3Aactivity%3A6958343224625115136\" data-attribute-index=\"4\">#descarbonizaci\u00f3n<\/a>. Uno de los grandes retos a los que se enfrenta el sector es la la transici\u00f3n a las mezclas de gas natural e hidr\u00f3geno en los hornos de cocci\u00f3n de baldosas cer\u00e1micas, as\u00ed como en los de fusi\u00f3n de fritas. El\u00a0<a href=\"https:\/\/www.linkedin.com\/company\/instituto-de-tecnolog-a-cer-mica\/\" data-attribute-index=\"5\" data-entity-hovercard-id=\"urn:li:fs_miniCompany:857729\" data-entity-type=\"MINI_COMPANY\">ITC &#8211; Instituto de Tecnolog\u00eda Cer\u00e1mica<\/a>\u00a0(ITC-AICE) de Castell\u00f3n, referente en este campo en Espa\u00f1a, lidera un estudio que forma parte del proyecto denominado \u2018Estudio experimental a escala de laboratorio de la cocci\u00f3n de cer\u00e1mica utilizando hidr\u00f3geno como combustible (Hidroker)\u2019. Dicho estudio, financiado a trav\u00e9s del del\u00a0<a href=\"https:\/\/www.linkedin.com\/company\/instituto-valenciano-de-competitividad-empresarial---ivace\/\" data-attribute-index=\"7\" data-entity-hovercard-id=\"urn:li:fs_miniCompany:2947355\" data-entity-type=\"MINI_COMPANY\">Instituto Valenciano de Competitividad Empresarial &#8211; IVACE (Generalitat Valenciana)\u00a0<\/a>se centra en el uso del hidr\u00f3geno como fuente directa de energ\u00eda t\u00e9rmica por combusti\u00f3n en los procesos de secado y cocci\u00f3n.<\/p>\n<p>El equipo de combusti\u00f3n de\u00a0<a href=\"https:\/\/www.linkedin.com\/feed\/hashtag\/?keywords=carburosmet%C3%A1licos&amp;highlightedUpdateUrns=urn%3Ali%3Aactivity%3A6958343224625115136\" data-attribute-index=\"9\">#CarburosMet\u00e1licos<\/a>\u00a0y\u00a0<a href=\"https:\/\/www.linkedin.com\/feed\/hashtag\/?keywords=airproducts&amp;highlightedUpdateUrns=urn%3Ali%3Aactivity%3A6958343224625115136\" data-attribute-index=\"10\">#AirProducts<\/a> ha sido el encargado de aportar el panel de mezcla y la combinaci\u00f3n precisa de gas natural e hidr\u00f3geno que ha ayudado a lograr una combusti\u00f3n controlada con quemadores convencionales y hasta un 20% de hidr\u00f3geno, todo un hito en la industria cer\u00e1mica.<\/p>\n<p>El objetivo inmediato es prolongar esta colaboraci\u00f3n con el\u00a0<a href=\"https:\/\/www.linkedin.com\/feed\/hashtag\/?keywords=itc&amp;highlightedUpdateUrns=urn%3Ali%3Aactivity%3A6958343224625115136\" data-attribute-index=\"11\">#ITC<\/a>\u00a0de forma que se logren porcentajes de\u00a0<a href=\"https:\/\/www.linkedin.com\/feed\/hashtag\/?keywords=hidr%C3%B3geno&amp;highlightedUpdateUrns=urn%3Ali%3Aactivity%3A6958343224625115136\" data-attribute-index=\"12\">#hidr\u00f3geno<\/a>\u00a0cada vez m\u00e1s altos que requerir\u00e1n, a su vez, la adaptaci\u00f3n de los sistemas de combusti\u00f3n y quemadores actuales, con la vista puesta en lograr el 100% de este gas en un futuro pr\u00f3ximo.<\/p>\n<p>Fuente: <a href=\"http:\/\/www.carburos.com\/\" data-attribute-index=\"22\">www.carburos.com<\/a><\/p>\n<\/div><\/div><style type=\"text\/css\">.fusion-body .fusion-builder-column-0{width:100% !important;margin-top : 0px;margin-bottom : 20px;}.fusion-builder-column-0 > .fusion-column-wrapper {padding-top : 0px !important;padding-right : 0px !important;margin-right : 1.92%;padding-bottom : 0px !important;padding-left : 0px !important;margin-left : 1.92%;}@media only screen and (max-width:1024px) {.fusion-body .fusion-builder-column-0{width:100% !important;order : 0;}.fusion-builder-column-0 > .fusion-column-wrapper {margin-right : 1.92%;margin-left : 1.92%;}}@media only screen and (max-width:640px) {.fusion-body .fusion-builder-column-0{width:100% !important;order : 0;}.fusion-builder-column-0 > .fusion-column-wrapper {margin-right : 1.92%;margin-left : 1.92%;}}<\/style><\/div><\/div><style type=\"text\/css\">.fusion-body .fusion-flex-container.fusion-builder-row-1{ padding-top : 0px;margin-top : 0px;padding-right : 0px;padding-bottom : 0px;margin-bottom : 0px;padding-left : 0px;}<\/style><\/div>\n","protected":false},"excerpt":{"rendered":"","protected":false},"author":1,"featured_media":3172,"comment_status":"open","ping_status":"open","sticky":false,"template":"","format":"standard","meta":{"footnotes":""},"categories":[2,117],"tags":[124,108,105,132,151,109,152,90,112,106],"class_list":["post-3168","post","type-post","status-publish","format-standard","has-post-thumbnail","hentry","category-nuestros-articulos","category-sostenibilidad","tag-colaboracion","tag-emobility","tag-energia","tag-gas","tag-industrias","tag-logicaeconomica","tag-sector-ceramico","tag-sostenibilidad","tag-sostenibilidadambiental","tag-tecnologia"],"yoast_head":"<!-- This site is optimized with the Yoast SEO plugin v27.5 - https:\/\/yoast.com\/product\/yoast-seo-wordpress\/ -->\n<title>Grupo Air Products participa en la iniciativa del sector cer\u00e1mico espa\u00f1ol que sigue avanzando en su proceso de descarbonizaci\u00f3n - Intelsynet<\/title>\n<meta name=\"robots\" content=\"index, follow, max-snippet:-1, max-image-preview:large, max-video-preview:-1\" \/>\n<link rel=\"canonical\" href=\"https:\/\/intelsynet.com\/grupo-air-products-participa-en-la-iniciativa-del-sector-ceramico-espanol-que-sigue-avanzando-en-su-proceso-de-descarbonizacion\/\" \/>\n<meta property=\"og:locale\" content=\"es_ES\" \/>\n<meta property=\"og:type\" content=\"article\" \/>\n<meta property=\"og:title\" content=\"Grupo Air Products participa en la iniciativa del sector cer\u00e1mico espa\u00f1ol que sigue avanzando en su proceso de descarbonizaci\u00f3n - Intelsynet\" \/>\n<meta property=\"og:url\" content=\"https:\/\/intelsynet.com\/grupo-air-products-participa-en-la-iniciativa-del-sector-ceramico-espanol-que-sigue-avanzando-en-su-proceso-de-descarbonizacion\/\" \/>\n<meta property=\"og:site_name\" content=\"Intelsynet\" \/>\n<meta property=\"article:published_time\" content=\"2022-08-18T10:23:56+00:00\" \/>\n<meta property=\"article:modified_time\" content=\"2022-11-07T10:45:13+00:00\" \/>\n<meta property=\"og:image\" content=\"https:\/\/intelsynet.com\/wp-content\/uploads\/2022\/08\/instituto-tecnologico-de-la-ceramica-colaboracion.jpg\" \/>\n\t<meta property=\"og:image:width\" content=\"913\" \/>\n\t<meta property=\"og:image:height\" content=\"724\" \/>\n\t<meta property=\"og:image:type\" content=\"image\/jpeg\" \/>\n<meta name=\"author\" content=\"produccion\" \/>\n<meta name=\"twitter:card\" content=\"summary_large_image\" \/>\n<meta name=\"twitter:label1\" content=\"Escrito por\" \/>\n\t<meta name=\"twitter:data1\" content=\"produccion\" \/>\n\t<meta name=\"twitter:label2\" content=\"Tiempo de lectura\" \/>\n\t<meta name=\"twitter:data2\" content=\"3 minutos\" \/>\n<script type=\"application\/ld+json\" class=\"yoast-schema-graph\">{\"@context\":\"https:\\\/\\\/schema.org\",\"@graph\":[{\"@type\":\"Article\",\"@id\":\"https:\\\/\\\/intelsynet.com\\\/grupo-air-products-participa-en-la-iniciativa-del-sector-ceramico-espanol-que-sigue-avanzando-en-su-proceso-de-descarbonizacion\\\/#article\",\"isPartOf\":{\"@id\":\"https:\\\/\\\/intelsynet.com\\\/grupo-air-products-participa-en-la-iniciativa-del-sector-ceramico-espanol-que-sigue-avanzando-en-su-proceso-de-descarbonizacion\\\/\"},\"author\":{\"name\":\"produccion\",\"@id\":\"https:\\\/\\\/intelsynet.com\\\/es\\\/#\\\/schema\\\/person\\\/62b4711a8de3423f0f1537cb5daa1748\"},\"headline\":\"Grupo Air Products participa en la iniciativa del sector cer\u00e1mico espa\u00f1ol que sigue avanzando en su proceso de descarbonizaci\u00f3n\",\"datePublished\":\"2022-08-18T10:23:56+00:00\",\"dateModified\":\"2022-11-07T10:45:13+00:00\",\"mainEntityOfPage\":{\"@id\":\"https:\\\/\\\/intelsynet.com\\\/grupo-air-products-participa-en-la-iniciativa-del-sector-ceramico-espanol-que-sigue-avanzando-en-su-proceso-de-descarbonizacion\\\/\"},\"wordCount\":960,\"commentCount\":0,\"image\":{\"@id\":\"https:\\\/\\\/intelsynet.com\\\/grupo-air-products-participa-en-la-iniciativa-del-sector-ceramico-espanol-que-sigue-avanzando-en-su-proceso-de-descarbonizacion\\\/#primaryimage\"},\"thumbnailUrl\":\"https:\\\/\\\/intelsynet.com\\\/wp-content\\\/uploads\\\/2022\\\/08\\\/instituto-tecnologico-de-la-ceramica-colaboracion.jpg\",\"keywords\":[\"colaboraci\u00f3n\",\"emobility\",\"energ\u00eda\",\"gas\",\"industrias\",\"l\u00f3gica econ\u00f3mica\",\"sector cer\u00e1mico\",\"sostenibilidad\",\"sostenibilidad ambiental\",\"tecnolog\u00eda\"],\"articleSection\":[\"Art\u00edculos\",\"Sostenibilidad\"],\"inLanguage\":\"es\",\"potentialAction\":[{\"@type\":\"CommentAction\",\"name\":\"Comment\",\"target\":[\"https:\\\/\\\/intelsynet.com\\\/grupo-air-products-participa-en-la-iniciativa-del-sector-ceramico-espanol-que-sigue-avanzando-en-su-proceso-de-descarbonizacion\\\/#respond\"]}]},{\"@type\":\"WebPage\",\"@id\":\"https:\\\/\\\/intelsynet.com\\\/grupo-air-products-participa-en-la-iniciativa-del-sector-ceramico-espanol-que-sigue-avanzando-en-su-proceso-de-descarbonizacion\\\/\",\"url\":\"https:\\\/\\\/intelsynet.com\\\/grupo-air-products-participa-en-la-iniciativa-del-sector-ceramico-espanol-que-sigue-avanzando-en-su-proceso-de-descarbonizacion\\\/\",\"name\":\"Grupo Air Products participa en la iniciativa del sector cer\u00e1mico espa\u00f1ol que sigue avanzando en su proceso de descarbonizaci\u00f3n - Intelsynet\",\"isPartOf\":{\"@id\":\"https:\\\/\\\/intelsynet.com\\\/es\\\/#website\"},\"primaryImageOfPage\":{\"@id\":\"https:\\\/\\\/intelsynet.com\\\/grupo-air-products-participa-en-la-iniciativa-del-sector-ceramico-espanol-que-sigue-avanzando-en-su-proceso-de-descarbonizacion\\\/#primaryimage\"},\"image\":{\"@id\":\"https:\\\/\\\/intelsynet.com\\\/grupo-air-products-participa-en-la-iniciativa-del-sector-ceramico-espanol-que-sigue-avanzando-en-su-proceso-de-descarbonizacion\\\/#primaryimage\"},\"thumbnailUrl\":\"https:\\\/\\\/intelsynet.com\\\/wp-content\\\/uploads\\\/2022\\\/08\\\/instituto-tecnologico-de-la-ceramica-colaboracion.jpg\",\"datePublished\":\"2022-08-18T10:23:56+00:00\",\"dateModified\":\"2022-11-07T10:45:13+00:00\",\"author\":{\"@id\":\"https:\\\/\\\/intelsynet.com\\\/es\\\/#\\\/schema\\\/person\\\/62b4711a8de3423f0f1537cb5daa1748\"},\"breadcrumb\":{\"@id\":\"https:\\\/\\\/intelsynet.com\\\/grupo-air-products-participa-en-la-iniciativa-del-sector-ceramico-espanol-que-sigue-avanzando-en-su-proceso-de-descarbonizacion\\\/#breadcrumb\"},\"inLanguage\":\"es\",\"potentialAction\":[{\"@type\":\"ReadAction\",\"target\":[\"https:\\\/\\\/intelsynet.com\\\/grupo-air-products-participa-en-la-iniciativa-del-sector-ceramico-espanol-que-sigue-avanzando-en-su-proceso-de-descarbonizacion\\\/\"]}]},{\"@type\":\"ImageObject\",\"inLanguage\":\"es\",\"@id\":\"https:\\\/\\\/intelsynet.com\\\/grupo-air-products-participa-en-la-iniciativa-del-sector-ceramico-espanol-que-sigue-avanzando-en-su-proceso-de-descarbonizacion\\\/#primaryimage\",\"url\":\"https:\\\/\\\/intelsynet.com\\\/wp-content\\\/uploads\\\/2022\\\/08\\\/instituto-tecnologico-de-la-ceramica-colaboracion.jpg\",\"contentUrl\":\"https:\\\/\\\/intelsynet.com\\\/wp-content\\\/uploads\\\/2022\\\/08\\\/instituto-tecnologico-de-la-ceramica-colaboracion.jpg\",\"width\":913,\"height\":724,\"caption\":\"instituto-tecnol\u00f3gico-de-la-cer\u00e1mica-colaboraci\u00f3n\"},{\"@type\":\"BreadcrumbList\",\"@id\":\"https:\\\/\\\/intelsynet.com\\\/grupo-air-products-participa-en-la-iniciativa-del-sector-ceramico-espanol-que-sigue-avanzando-en-su-proceso-de-descarbonizacion\\\/#breadcrumb\",\"itemListElement\":[{\"@type\":\"ListItem\",\"position\":1,\"name\":\"Portada\",\"item\":\"https:\\\/\\\/intelsynet.com\\\/\"},{\"@type\":\"ListItem\",\"position\":2,\"name\":\"Grupo Air Products participa en la iniciativa del sector cer\u00e1mico espa\u00f1ol que sigue avanzando en su proceso de descarbonizaci\u00f3n\"}]},{\"@type\":\"WebSite\",\"@id\":\"https:\\\/\\\/intelsynet.com\\\/es\\\/#website\",\"url\":\"https:\\\/\\\/intelsynet.com\\\/es\\\/\",\"name\":\"Intelsynet\",\"description\":\"Advisory Services\",\"potentialAction\":[{\"@type\":\"SearchAction\",\"target\":{\"@type\":\"EntryPoint\",\"urlTemplate\":\"https:\\\/\\\/intelsynet.com\\\/es\\\/?s={search_term_string}\"},\"query-input\":{\"@type\":\"PropertyValueSpecification\",\"valueRequired\":true,\"valueName\":\"search_term_string\"}}],\"inLanguage\":\"es\"},{\"@type\":\"Person\",\"@id\":\"https:\\\/\\\/intelsynet.com\\\/es\\\/#\\\/schema\\\/person\\\/62b4711a8de3423f0f1537cb5daa1748\",\"name\":\"produccion\",\"image\":{\"@type\":\"ImageObject\",\"inLanguage\":\"es\",\"@id\":\"https:\\\/\\\/secure.gravatar.com\\\/avatar\\\/bbda47eeca6a4d008c3cda344ed3cf00b82bd1a9f9fb41804c887c2ac269b8ec?s=96&d=mm&r=g\",\"url\":\"https:\\\/\\\/secure.gravatar.com\\\/avatar\\\/bbda47eeca6a4d008c3cda344ed3cf00b82bd1a9f9fb41804c887c2ac269b8ec?s=96&d=mm&r=g\",\"contentUrl\":\"https:\\\/\\\/secure.gravatar.com\\\/avatar\\\/bbda47eeca6a4d008c3cda344ed3cf00b82bd1a9f9fb41804c887c2ac269b8ec?s=96&d=mm&r=g\",\"caption\":\"produccion\"},\"url\":\"https:\\\/\\\/intelsynet.com\\\/es\\\/author\\\/produccion\\\/\"}]}<\/script>\n<!-- \/ Yoast SEO plugin. -->","yoast_head_json":{"title":"Grupo Air Products participa en la iniciativa del sector cer\u00e1mico espa\u00f1ol que sigue avanzando en su proceso de descarbonizaci\u00f3n - Intelsynet","robots":{"index":"index","follow":"follow","max-snippet":"max-snippet:-1","max-image-preview":"max-image-preview:large","max-video-preview":"max-video-preview:-1"},"canonical":"https:\/\/intelsynet.com\/grupo-air-products-participa-en-la-iniciativa-del-sector-ceramico-espanol-que-sigue-avanzando-en-su-proceso-de-descarbonizacion\/","og_locale":"es_ES","og_type":"article","og_title":"Grupo Air Products participa en la iniciativa del sector cer\u00e1mico espa\u00f1ol que sigue avanzando en su proceso de descarbonizaci\u00f3n - Intelsynet","og_url":"https:\/\/intelsynet.com\/grupo-air-products-participa-en-la-iniciativa-del-sector-ceramico-espanol-que-sigue-avanzando-en-su-proceso-de-descarbonizacion\/","og_site_name":"Intelsynet","article_published_time":"2022-08-18T10:23:56+00:00","article_modified_time":"2022-11-07T10:45:13+00:00","og_image":[{"width":913,"height":724,"url":"https:\/\/intelsynet.com\/wp-content\/uploads\/2022\/08\/instituto-tecnologico-de-la-ceramica-colaboracion.jpg","type":"image\/jpeg"}],"author":"produccion","twitter_card":"summary_large_image","twitter_misc":{"Escrito por":"produccion","Tiempo de lectura":"3 minutos"},"schema":{"@context":"https:\/\/schema.org","@graph":[{"@type":"Article","@id":"https:\/\/intelsynet.com\/grupo-air-products-participa-en-la-iniciativa-del-sector-ceramico-espanol-que-sigue-avanzando-en-su-proceso-de-descarbonizacion\/#article","isPartOf":{"@id":"https:\/\/intelsynet.com\/grupo-air-products-participa-en-la-iniciativa-del-sector-ceramico-espanol-que-sigue-avanzando-en-su-proceso-de-descarbonizacion\/"},"author":{"name":"produccion","@id":"https:\/\/intelsynet.com\/es\/#\/schema\/person\/62b4711a8de3423f0f1537cb5daa1748"},"headline":"Grupo Air Products participa en la iniciativa del sector cer\u00e1mico espa\u00f1ol que sigue avanzando en su proceso de descarbonizaci\u00f3n","datePublished":"2022-08-18T10:23:56+00:00","dateModified":"2022-11-07T10:45:13+00:00","mainEntityOfPage":{"@id":"https:\/\/intelsynet.com\/grupo-air-products-participa-en-la-iniciativa-del-sector-ceramico-espanol-que-sigue-avanzando-en-su-proceso-de-descarbonizacion\/"},"wordCount":960,"commentCount":0,"image":{"@id":"https:\/\/intelsynet.com\/grupo-air-products-participa-en-la-iniciativa-del-sector-ceramico-espanol-que-sigue-avanzando-en-su-proceso-de-descarbonizacion\/#primaryimage"},"thumbnailUrl":"https:\/\/intelsynet.com\/wp-content\/uploads\/2022\/08\/instituto-tecnologico-de-la-ceramica-colaboracion.jpg","keywords":["colaboraci\u00f3n","emobility","energ\u00eda","gas","industrias","l\u00f3gica econ\u00f3mica","sector cer\u00e1mico","sostenibilidad","sostenibilidad ambiental","tecnolog\u00eda"],"articleSection":["Art\u00edculos","Sostenibilidad"],"inLanguage":"es","potentialAction":[{"@type":"CommentAction","name":"Comment","target":["https:\/\/intelsynet.com\/grupo-air-products-participa-en-la-iniciativa-del-sector-ceramico-espanol-que-sigue-avanzando-en-su-proceso-de-descarbonizacion\/#respond"]}]},{"@type":"WebPage","@id":"https:\/\/intelsynet.com\/grupo-air-products-participa-en-la-iniciativa-del-sector-ceramico-espanol-que-sigue-avanzando-en-su-proceso-de-descarbonizacion\/","url":"https:\/\/intelsynet.com\/grupo-air-products-participa-en-la-iniciativa-del-sector-ceramico-espanol-que-sigue-avanzando-en-su-proceso-de-descarbonizacion\/","name":"Grupo Air Products participa en la iniciativa del sector cer\u00e1mico espa\u00f1ol que sigue avanzando en su proceso de descarbonizaci\u00f3n - Intelsynet","isPartOf":{"@id":"https:\/\/intelsynet.com\/es\/#website"},"primaryImageOfPage":{"@id":"https:\/\/intelsynet.com\/grupo-air-products-participa-en-la-iniciativa-del-sector-ceramico-espanol-que-sigue-avanzando-en-su-proceso-de-descarbonizacion\/#primaryimage"},"image":{"@id":"https:\/\/intelsynet.com\/grupo-air-products-participa-en-la-iniciativa-del-sector-ceramico-espanol-que-sigue-avanzando-en-su-proceso-de-descarbonizacion\/#primaryimage"},"thumbnailUrl":"https:\/\/intelsynet.com\/wp-content\/uploads\/2022\/08\/instituto-tecnologico-de-la-ceramica-colaboracion.jpg","datePublished":"2022-08-18T10:23:56+00:00","dateModified":"2022-11-07T10:45:13+00:00","author":{"@id":"https:\/\/intelsynet.com\/es\/#\/schema\/person\/62b4711a8de3423f0f1537cb5daa1748"},"breadcrumb":{"@id":"https:\/\/intelsynet.com\/grupo-air-products-participa-en-la-iniciativa-del-sector-ceramico-espanol-que-sigue-avanzando-en-su-proceso-de-descarbonizacion\/#breadcrumb"},"inLanguage":"es","potentialAction":[{"@type":"ReadAction","target":["https:\/\/intelsynet.com\/grupo-air-products-participa-en-la-iniciativa-del-sector-ceramico-espanol-que-sigue-avanzando-en-su-proceso-de-descarbonizacion\/"]}]},{"@type":"ImageObject","inLanguage":"es","@id":"https:\/\/intelsynet.com\/grupo-air-products-participa-en-la-iniciativa-del-sector-ceramico-espanol-que-sigue-avanzando-en-su-proceso-de-descarbonizacion\/#primaryimage","url":"https:\/\/intelsynet.com\/wp-content\/uploads\/2022\/08\/instituto-tecnologico-de-la-ceramica-colaboracion.jpg","contentUrl":"https:\/\/intelsynet.com\/wp-content\/uploads\/2022\/08\/instituto-tecnologico-de-la-ceramica-colaboracion.jpg","width":913,"height":724,"caption":"instituto-tecnol\u00f3gico-de-la-cer\u00e1mica-colaboraci\u00f3n"},{"@type":"BreadcrumbList","@id":"https:\/\/intelsynet.com\/grupo-air-products-participa-en-la-iniciativa-del-sector-ceramico-espanol-que-sigue-avanzando-en-su-proceso-de-descarbonizacion\/#breadcrumb","itemListElement":[{"@type":"ListItem","position":1,"name":"Portada","item":"https:\/\/intelsynet.com\/"},{"@type":"ListItem","position":2,"name":"Grupo Air Products participa en la iniciativa del sector cer\u00e1mico espa\u00f1ol que sigue avanzando en su proceso de descarbonizaci\u00f3n"}]},{"@type":"WebSite","@id":"https:\/\/intelsynet.com\/es\/#website","url":"https:\/\/intelsynet.com\/es\/","name":"Intelsynet","description":"Advisory Services","potentialAction":[{"@type":"SearchAction","target":{"@type":"EntryPoint","urlTemplate":"https:\/\/intelsynet.com\/es\/?s={search_term_string}"},"query-input":{"@type":"PropertyValueSpecification","valueRequired":true,"valueName":"search_term_string"}}],"inLanguage":"es"},{"@type":"Person","@id":"https:\/\/intelsynet.com\/es\/#\/schema\/person\/62b4711a8de3423f0f1537cb5daa1748","name":"produccion","image":{"@type":"ImageObject","inLanguage":"es","@id":"https:\/\/secure.gravatar.com\/avatar\/bbda47eeca6a4d008c3cda344ed3cf00b82bd1a9f9fb41804c887c2ac269b8ec?s=96&d=mm&r=g","url":"https:\/\/secure.gravatar.com\/avatar\/bbda47eeca6a4d008c3cda344ed3cf00b82bd1a9f9fb41804c887c2ac269b8ec?s=96&d=mm&r=g","contentUrl":"https:\/\/secure.gravatar.com\/avatar\/bbda47eeca6a4d008c3cda344ed3cf00b82bd1a9f9fb41804c887c2ac269b8ec?s=96&d=mm&r=g","caption":"produccion"},"url":"https:\/\/intelsynet.com\/es\/author\/produccion\/"}]}},"_links":{"self":[{"href":"https:\/\/intelsynet.com\/es\/wp-json\/wp\/v2\/posts\/3168","targetHints":{"allow":["GET"]}}],"collection":[{"href":"https:\/\/intelsynet.com\/es\/wp-json\/wp\/v2\/posts"}],"about":[{"href":"https:\/\/intelsynet.com\/es\/wp-json\/wp\/v2\/types\/post"}],"author":[{"embeddable":true,"href":"https:\/\/intelsynet.com\/es\/wp-json\/wp\/v2\/users\/1"}],"replies":[{"embeddable":true,"href":"https:\/\/intelsynet.com\/es\/wp-json\/wp\/v2\/comments?post=3168"}],"version-history":[{"count":2,"href":"https:\/\/intelsynet.com\/es\/wp-json\/wp\/v2\/posts\/3168\/revisions"}],"predecessor-version":[{"id":3174,"href":"https:\/\/intelsynet.com\/es\/wp-json\/wp\/v2\/posts\/3168\/revisions\/3174"}],"wp:featuredmedia":[{"embeddable":true,"href":"https:\/\/intelsynet.com\/es\/wp-json\/wp\/v2\/media\/3172"}],"wp:attachment":[{"href":"https:\/\/intelsynet.com\/es\/wp-json\/wp\/v2\/media?parent=3168"}],"wp:term":[{"taxonomy":"category","embeddable":true,"href":"https:\/\/intelsynet.com\/es\/wp-json\/wp\/v2\/categories?post=3168"},{"taxonomy":"post_tag","embeddable":true,"href":"https:\/\/intelsynet.com\/es\/wp-json\/wp\/v2\/tags?post=3168"}],"curies":[{"name":"wp","href":"https:\/\/api.w.org\/{rel}","templated":true}]}}