{"id":3144,"date":"2022-09-27T08:34:11","date_gmt":"2022-09-27T08:34:11","guid":{"rendered":"https:\/\/intelsynet.com\/?p=3144"},"modified":"2022-10-17T08:35:37","modified_gmt":"2022-10-17T08:35:37","slug":"la-demanda-de-acero-verde-ese-dispara-a-nivel-mundial-liderada-por-los-fabricantes-de-automoviles-europeos","status":"publish","type":"post","link":"https:\/\/intelsynet.com\/es\/la-demanda-de-acero-verde-ese-dispara-a-nivel-mundial-liderada-por-los-fabricantes-de-automoviles-europeos\/","title":{"rendered":"La demanda de acero verde ese dispara a nivel mundial, liderada por los fabricantes de autom\u00f3viles europeos"},"content":{"rendered":"<div class=\"fusion-fullwidth fullwidth-box fusion-builder-row-1 fusion-flex-container nonhundred-percent-fullwidth non-hundred-percent-height-scrolling\" style=\"background-color: rgba(255,255,255,0);background-position: center center;background-repeat: no-repeat;border-width: 0px 0px 0px 0px;border-color:rgba(97,158,133,0);border-style:solid;\" ><div class=\"fusion-builder-row fusion-row fusion-flex-align-items-flex-start\" style=\"max-width:1216.8px;margin-left: calc(-4% \/ 2 );margin-right: calc(-4% \/ 2 );\"><div class=\"fusion-layout-column fusion_builder_column fusion-builder-column-0 fusion_builder_column_1_1 1_1 fusion-flex-column\"><div class=\"fusion-column-wrapper fusion-flex-justify-content-flex-start fusion-content-layout-column\" style=\"background-position:left top;background-repeat:no-repeat;-webkit-background-size:cover;-moz-background-size:cover;-o-background-size:cover;background-size:cover;padding: 0px 0px 0px 0px;\"><div class=\"fusion-text fusion-text-1\"><p>La demanda de acero verde est\u00e1 aumentando a nivel mundial, liderada por los fabricantes de autom\u00f3viles europeos.<br \/>\nA medida que la industria sider\u00fargica mundial contempla cambiar a la producci\u00f3n de hierro de reducci\u00f3n directa (DRI) y usar\u00a0<a href=\"https:\/\/www.linkedin.com\/feed\/hashtag\/?keywords=hidr%C3%B3geno&amp;highlightedUpdateUrns=urn%3Ali%3Aactivity%3A6977897456340467713\" data-attribute-index=\"0\">#hidr\u00f3geno<\/a>\u00a0verde para reducir las emisiones, la regi\u00f3n de Medio Oriente y \u00c1frica del Norte (MENA) se encuentra en una posici\u00f3n privilegiada para comenzar a producir carbono- acero neutro o verde, seg\u00fan un\u00a0nuevo informe\u00a0del\u00a0<a href=\"https:\/\/www.linkedin.com\/company\/institute-for-energy-economics-and-financial-analysis\/\" data-attribute-index=\"1\" data-entity-hovercard-id=\"urn:li:fs_miniCompany:10217784\" data-entity-type=\"MINI_COMPANY\">Institute for Energy Economics and Financial Analysis (IEEFA)<\/a>.<\/p>\n<p>En su camino para cumplir con las exigencias que impone la transici\u00f3n energ\u00e9tica, el sector de la regi\u00f3n est\u00e1 dominado por la tecnolog\u00eda de horno de arco el\u00e9ctrico de hierro de reducci\u00f3n directa (DRI-EAF), que emite menos emisiones que el proceso cada vez m\u00e1s obsoleto de alto horno alimentado con carb\u00f3n y horno de ox\u00edgeno b\u00e1sico (BF-BOF) utilizado en el 71% de producci\u00f3n mundial de acero crudo en 2021.<\/p>\n<p>La\u00a0<a href=\"https:\/\/www.linkedin.com\/company\/international-energy-agency\/\" data-attribute-index=\"3\" data-entity-hovercard-id=\"urn:li:fs_miniCompany:26952\" data-entity-type=\"MINI_COMPANY\">International Energy Agency (IEA)<\/a>\u00a0en su escenario de Emisiones Netas Cero modela la participaci\u00f3n global de la producci\u00f3n de DRI-EAF a base de hidr\u00f3geno (H2) alcanzando el 29% de la fabricaci\u00f3n de acero primario para 2050.\u00a0<a href=\"https:\/\/www.linkedin.com\/company\/bloombergnef\/\" data-attribute-index=\"5\" data-entity-hovercard-id=\"urn:li:fs_miniCompany:31769\" data-entity-type=\"MINI_COMPANY\">BloombergNEF<\/a>\u00a0estima que el 56% (840 millones de toneladas) del acero primario la producci\u00f3n provendr\u00e1 de H2DRI-EAF para 2050 en un escenario de cero emisiones netas.<\/p>\n<p><a href=\"https:\/\/www.linkedin.com\/company\/the-world-bank\/\" data-attribute-index=\"7\" data-entity-hovercard-id=\"urn:li:fs_miniCompany:166426\" data-entity-type=\"MINI_COMPANY\">The World Bank<\/a>\u00a0descubri\u00f3 que la regi\u00f3n de MENA tiene la capacidad potencial de energ\u00eda fotovoltaica m\u00e1s alta del mundo y, en teor\u00eda, podr\u00eda producir m\u00e1s de 5,8 kilovatios hora (kWh) por metro cuadrado al d\u00eda.\u00a0Se prev\u00e9 que para 2050 se agregar\u00e1n 83 gigavatios (GW) de energ\u00eda e\u00f3lica y 334 GW de energ\u00eda solar, aumentando la participaci\u00f3n de la energ\u00eda e\u00f3lica y solar del 1 % y el 2 %, respectivamente, al 9 % y al 24 %.<\/p>\n<p>Egipto, Arabia Saudita y los Emiratos \u00c1rabes Unidos son los pioneros de MENA en el cambio hacia las energ\u00edas renovables y el hidr\u00f3geno verde.\u00a0La instalaci\u00f3n de hidr\u00f3geno verde anunciada recientemente por\u00a0<a href=\"https:\/\/www.linkedin.com\/company\/fortescue\/\" data-attribute-index=\"9\" data-entity-hovercard-id=\"urn:li:fs_miniCompany:811057\" data-entity-type=\"MINI_COMPANY\">Fortescue Metals Group<\/a>, con una ambiciosa capacidad de 9,2 GW, podr\u00eda ser una de las plantas m\u00e1s grandes de su tipo.\u00a0La inversi\u00f3n de Arabia Saudita para producir hidr\u00f3geno verde a partir del Parque Solar Mohammed bin Rashid Al Maktoum y la inversi\u00f3n conjunta de\u00a0<a href=\"https:\/\/www.linkedin.com\/company\/emirates-steel-company-l.l.c\/\" data-attribute-index=\"11\" data-entity-hovercard-id=\"urn:li:fs_miniCompany:36916843\" data-entity-type=\"MINI_COMPANY\">EMIRATES STEEL COMPANY L.L.C<\/a>\u00a0y\u00a0<a href=\"https:\/\/www.linkedin.com\/company\/industrialization-energy-services-co\/\" data-attribute-index=\"13\" data-entity-hovercard-id=\"urn:li:fs_miniCompany:540261\" data-entity-type=\"MINI_COMPANY\">TAQA (Industrialization &amp; Energy Services Company)<\/a>\u00a0se encuentran entre las decenas de anuncios de proyectos verdes en la regi\u00f3n MENA.<\/p>\n<\/div><\/div><style type=\"text\/css\">.fusion-body .fusion-builder-column-0{width:100% !important;margin-top : 0px;margin-bottom : 20px;}.fusion-builder-column-0 > .fusion-column-wrapper {padding-top : 0px !important;padding-right : 0px !important;margin-right : 1.92%;padding-bottom : 0px !important;padding-left : 0px !important;margin-left : 1.92%;}@media only screen and (max-width:1024px) {.fusion-body .fusion-builder-column-0{width:100% !important;order : 0;}.fusion-builder-column-0 > .fusion-column-wrapper {margin-right : 1.92%;margin-left : 1.92%;}}@media only screen and (max-width:640px) {.fusion-body .fusion-builder-column-0{width:100% !important;order : 0;}.fusion-builder-column-0 > .fusion-column-wrapper {margin-right : 1.92%;margin-left : 1.92%;}}<\/style><\/div><\/div><style type=\"text\/css\">.fusion-body .fusion-flex-container.fusion-builder-row-1{ padding-top : 0px;margin-top : 0px;padding-right : 0px;padding-bottom : 0px;margin-bottom : 0px;padding-left : 0px;}<\/style><\/div>\n","protected":false},"excerpt":{"rendered":"","protected":false},"author":1,"featured_media":3145,"comment_status":"open","ping_status":"open","sticky":false,"template":"","format":"standard","meta":{"footnotes":""},"categories":[2,117],"tags":[138,108,133,123,137,109,112],"class_list":["post-3144","post","type-post","status-publish","format-standard","has-post-thumbnail","hentry","category-nuestros-articulos","category-sostenibilidad","tag-acero-verde","tag-emobility","tag-energias-renovables","tag-energy","tag-fotovoltaica","tag-logicaeconomica","tag-sostenibilidadambiental"],"yoast_head":"<!-- This site is optimized with the Yoast SEO plugin v27.4 - https:\/\/yoast.com\/product\/yoast-seo-wordpress\/ -->\n<title>La demanda de acero verde ese dispara a nivel mundial, liderada por los fabricantes de autom\u00f3viles europeos - Intelsynet<\/title>\n<meta name=\"robots\" content=\"index, follow, max-snippet:-1, max-image-preview:large, max-video-preview:-1\" \/>\n<link rel=\"canonical\" href=\"https:\/\/intelsynet.com\/la-demanda-de-acero-verde-ese-dispara-a-nivel-mundial-liderada-por-los-fabricantes-de-automoviles-europeos\/\" \/>\n<meta property=\"og:locale\" content=\"es_ES\" \/>\n<meta property=\"og:type\" content=\"article\" \/>\n<meta property=\"og:title\" content=\"La demanda de acero verde ese dispara a nivel mundial, liderada por los fabricantes de autom\u00f3viles europeos - Intelsynet\" \/>\n<meta property=\"og:url\" content=\"https:\/\/intelsynet.com\/la-demanda-de-acero-verde-ese-dispara-a-nivel-mundial-liderada-por-los-fabricantes-de-automoviles-europeos\/\" \/>\n<meta property=\"og:site_name\" content=\"Intelsynet\" \/>\n<meta property=\"article:published_time\" content=\"2022-09-27T08:34:11+00:00\" \/>\n<meta property=\"article:modified_time\" content=\"2022-10-17T08:35:37+00:00\" \/>\n<meta property=\"og:image\" content=\"https:\/\/intelsynet.com\/wp-content\/uploads\/2022\/10\/Acero-verde-demanda.jpg\" \/>\n\t<meta property=\"og:image:width\" content=\"957\" \/>\n\t<meta property=\"og:image:height\" content=\"634\" \/>\n\t<meta property=\"og:image:type\" content=\"image\/jpeg\" \/>\n<meta name=\"author\" content=\"produccion\" \/>\n<meta name=\"twitter:card\" content=\"summary_large_image\" \/>\n<meta name=\"twitter:label1\" content=\"Escrito por\" \/>\n\t<meta name=\"twitter:data1\" content=\"produccion\" \/>\n\t<meta name=\"twitter:label2\" content=\"Tiempo de lectura\" \/>\n\t<meta name=\"twitter:data2\" content=\"3 minutos\" \/>\n<script type=\"application\/ld+json\" class=\"yoast-schema-graph\">{\"@context\":\"https:\\\/\\\/schema.org\",\"@graph\":[{\"@type\":\"Article\",\"@id\":\"https:\\\/\\\/intelsynet.com\\\/la-demanda-de-acero-verde-ese-dispara-a-nivel-mundial-liderada-por-los-fabricantes-de-automoviles-europeos\\\/#article\",\"isPartOf\":{\"@id\":\"https:\\\/\\\/intelsynet.com\\\/la-demanda-de-acero-verde-ese-dispara-a-nivel-mundial-liderada-por-los-fabricantes-de-automoviles-europeos\\\/\"},\"author\":{\"name\":\"produccion\",\"@id\":\"https:\\\/\\\/intelsynet.com\\\/es\\\/#\\\/schema\\\/person\\\/62b4711a8de3423f0f1537cb5daa1748\"},\"headline\":\"La demanda de acero verde ese dispara a nivel mundial, liderada por los fabricantes de autom\u00f3viles europeos\",\"datePublished\":\"2022-09-27T08:34:11+00:00\",\"dateModified\":\"2022-10-17T08:35:37+00:00\",\"mainEntityOfPage\":{\"@id\":\"https:\\\/\\\/intelsynet.com\\\/la-demanda-de-acero-verde-ese-dispara-a-nivel-mundial-liderada-por-los-fabricantes-de-automoviles-europeos\\\/\"},\"wordCount\":1067,\"commentCount\":0,\"image\":{\"@id\":\"https:\\\/\\\/intelsynet.com\\\/la-demanda-de-acero-verde-ese-dispara-a-nivel-mundial-liderada-por-los-fabricantes-de-automoviles-europeos\\\/#primaryimage\"},\"thumbnailUrl\":\"https:\\\/\\\/intelsynet.com\\\/wp-content\\\/uploads\\\/2022\\\/10\\\/Acero-verde-demanda.jpg\",\"keywords\":[\"acero verde\",\"emobility\",\"energ\u00edas renovables\",\"energy\",\"fotovoltaica\",\"l\u00f3gica econ\u00f3mica\",\"sostenibilidad ambiental\"],\"articleSection\":[\"Art\u00edculos\",\"Sostenibilidad\"],\"inLanguage\":\"es\",\"potentialAction\":[{\"@type\":\"CommentAction\",\"name\":\"Comment\",\"target\":[\"https:\\\/\\\/intelsynet.com\\\/la-demanda-de-acero-verde-ese-dispara-a-nivel-mundial-liderada-por-los-fabricantes-de-automoviles-europeos\\\/#respond\"]}]},{\"@type\":\"WebPage\",\"@id\":\"https:\\\/\\\/intelsynet.com\\\/la-demanda-de-acero-verde-ese-dispara-a-nivel-mundial-liderada-por-los-fabricantes-de-automoviles-europeos\\\/\",\"url\":\"https:\\\/\\\/intelsynet.com\\\/la-demanda-de-acero-verde-ese-dispara-a-nivel-mundial-liderada-por-los-fabricantes-de-automoviles-europeos\\\/\",\"name\":\"La demanda de acero verde ese dispara a nivel mundial, liderada por los fabricantes de autom\u00f3viles europeos - Intelsynet\",\"isPartOf\":{\"@id\":\"https:\\\/\\\/intelsynet.com\\\/es\\\/#website\"},\"primaryImageOfPage\":{\"@id\":\"https:\\\/\\\/intelsynet.com\\\/la-demanda-de-acero-verde-ese-dispara-a-nivel-mundial-liderada-por-los-fabricantes-de-automoviles-europeos\\\/#primaryimage\"},\"image\":{\"@id\":\"https:\\\/\\\/intelsynet.com\\\/la-demanda-de-acero-verde-ese-dispara-a-nivel-mundial-liderada-por-los-fabricantes-de-automoviles-europeos\\\/#primaryimage\"},\"thumbnailUrl\":\"https:\\\/\\\/intelsynet.com\\\/wp-content\\\/uploads\\\/2022\\\/10\\\/Acero-verde-demanda.jpg\",\"datePublished\":\"2022-09-27T08:34:11+00:00\",\"dateModified\":\"2022-10-17T08:35:37+00:00\",\"author\":{\"@id\":\"https:\\\/\\\/intelsynet.com\\\/es\\\/#\\\/schema\\\/person\\\/62b4711a8de3423f0f1537cb5daa1748\"},\"breadcrumb\":{\"@id\":\"https:\\\/\\\/intelsynet.com\\\/la-demanda-de-acero-verde-ese-dispara-a-nivel-mundial-liderada-por-los-fabricantes-de-automoviles-europeos\\\/#breadcrumb\"},\"inLanguage\":\"es\",\"potentialAction\":[{\"@type\":\"ReadAction\",\"target\":[\"https:\\\/\\\/intelsynet.com\\\/la-demanda-de-acero-verde-ese-dispara-a-nivel-mundial-liderada-por-los-fabricantes-de-automoviles-europeos\\\/\"]}]},{\"@type\":\"ImageObject\",\"inLanguage\":\"es\",\"@id\":\"https:\\\/\\\/intelsynet.com\\\/la-demanda-de-acero-verde-ese-dispara-a-nivel-mundial-liderada-por-los-fabricantes-de-automoviles-europeos\\\/#primaryimage\",\"url\":\"https:\\\/\\\/intelsynet.com\\\/wp-content\\\/uploads\\\/2022\\\/10\\\/Acero-verde-demanda.jpg\",\"contentUrl\":\"https:\\\/\\\/intelsynet.com\\\/wp-content\\\/uploads\\\/2022\\\/10\\\/Acero-verde-demanda.jpg\",\"width\":957,\"height\":634},{\"@type\":\"BreadcrumbList\",\"@id\":\"https:\\\/\\\/intelsynet.com\\\/la-demanda-de-acero-verde-ese-dispara-a-nivel-mundial-liderada-por-los-fabricantes-de-automoviles-europeos\\\/#breadcrumb\",\"itemListElement\":[{\"@type\":\"ListItem\",\"position\":1,\"name\":\"Portada\",\"item\":\"https:\\\/\\\/intelsynet.com\\\/\"},{\"@type\":\"ListItem\",\"position\":2,\"name\":\"La demanda de acero verde ese dispara a nivel mundial, liderada por los fabricantes de autom\u00f3viles europeos\"}]},{\"@type\":\"WebSite\",\"@id\":\"https:\\\/\\\/intelsynet.com\\\/es\\\/#website\",\"url\":\"https:\\\/\\\/intelsynet.com\\\/es\\\/\",\"name\":\"Intelsynet\",\"description\":\"Advisory Services\",\"potentialAction\":[{\"@type\":\"SearchAction\",\"target\":{\"@type\":\"EntryPoint\",\"urlTemplate\":\"https:\\\/\\\/intelsynet.com\\\/es\\\/?s={search_term_string}\"},\"query-input\":{\"@type\":\"PropertyValueSpecification\",\"valueRequired\":true,\"valueName\":\"search_term_string\"}}],\"inLanguage\":\"es\"},{\"@type\":\"Person\",\"@id\":\"https:\\\/\\\/intelsynet.com\\\/es\\\/#\\\/schema\\\/person\\\/62b4711a8de3423f0f1537cb5daa1748\",\"name\":\"produccion\",\"image\":{\"@type\":\"ImageObject\",\"inLanguage\":\"es\",\"@id\":\"https:\\\/\\\/secure.gravatar.com\\\/avatar\\\/bbda47eeca6a4d008c3cda344ed3cf00b82bd1a9f9fb41804c887c2ac269b8ec?s=96&d=mm&r=g\",\"url\":\"https:\\\/\\\/secure.gravatar.com\\\/avatar\\\/bbda47eeca6a4d008c3cda344ed3cf00b82bd1a9f9fb41804c887c2ac269b8ec?s=96&d=mm&r=g\",\"contentUrl\":\"https:\\\/\\\/secure.gravatar.com\\\/avatar\\\/bbda47eeca6a4d008c3cda344ed3cf00b82bd1a9f9fb41804c887c2ac269b8ec?s=96&d=mm&r=g\",\"caption\":\"produccion\"},\"url\":\"https:\\\/\\\/intelsynet.com\\\/es\\\/author\\\/produccion\\\/\"}]}<\/script>\n<!-- \/ Yoast SEO plugin. -->","yoast_head_json":{"title":"La demanda de acero verde ese dispara a nivel mundial, liderada por los fabricantes de autom\u00f3viles europeos - Intelsynet","robots":{"index":"index","follow":"follow","max-snippet":"max-snippet:-1","max-image-preview":"max-image-preview:large","max-video-preview":"max-video-preview:-1"},"canonical":"https:\/\/intelsynet.com\/la-demanda-de-acero-verde-ese-dispara-a-nivel-mundial-liderada-por-los-fabricantes-de-automoviles-europeos\/","og_locale":"es_ES","og_type":"article","og_title":"La demanda de acero verde ese dispara a nivel mundial, liderada por los fabricantes de autom\u00f3viles europeos - Intelsynet","og_url":"https:\/\/intelsynet.com\/la-demanda-de-acero-verde-ese-dispara-a-nivel-mundial-liderada-por-los-fabricantes-de-automoviles-europeos\/","og_site_name":"Intelsynet","article_published_time":"2022-09-27T08:34:11+00:00","article_modified_time":"2022-10-17T08:35:37+00:00","og_image":[{"width":957,"height":634,"url":"https:\/\/intelsynet.com\/wp-content\/uploads\/2022\/10\/Acero-verde-demanda.jpg","type":"image\/jpeg"}],"author":"produccion","twitter_card":"summary_large_image","twitter_misc":{"Escrito por":"produccion","Tiempo de lectura":"3 minutos"},"schema":{"@context":"https:\/\/schema.org","@graph":[{"@type":"Article","@id":"https:\/\/intelsynet.com\/la-demanda-de-acero-verde-ese-dispara-a-nivel-mundial-liderada-por-los-fabricantes-de-automoviles-europeos\/#article","isPartOf":{"@id":"https:\/\/intelsynet.com\/la-demanda-de-acero-verde-ese-dispara-a-nivel-mundial-liderada-por-los-fabricantes-de-automoviles-europeos\/"},"author":{"name":"produccion","@id":"https:\/\/intelsynet.com\/es\/#\/schema\/person\/62b4711a8de3423f0f1537cb5daa1748"},"headline":"La demanda de acero verde ese dispara a nivel mundial, liderada por los fabricantes de autom\u00f3viles europeos","datePublished":"2022-09-27T08:34:11+00:00","dateModified":"2022-10-17T08:35:37+00:00","mainEntityOfPage":{"@id":"https:\/\/intelsynet.com\/la-demanda-de-acero-verde-ese-dispara-a-nivel-mundial-liderada-por-los-fabricantes-de-automoviles-europeos\/"},"wordCount":1067,"commentCount":0,"image":{"@id":"https:\/\/intelsynet.com\/la-demanda-de-acero-verde-ese-dispara-a-nivel-mundial-liderada-por-los-fabricantes-de-automoviles-europeos\/#primaryimage"},"thumbnailUrl":"https:\/\/intelsynet.com\/wp-content\/uploads\/2022\/10\/Acero-verde-demanda.jpg","keywords":["acero verde","emobility","energ\u00edas renovables","energy","fotovoltaica","l\u00f3gica econ\u00f3mica","sostenibilidad ambiental"],"articleSection":["Art\u00edculos","Sostenibilidad"],"inLanguage":"es","potentialAction":[{"@type":"CommentAction","name":"Comment","target":["https:\/\/intelsynet.com\/la-demanda-de-acero-verde-ese-dispara-a-nivel-mundial-liderada-por-los-fabricantes-de-automoviles-europeos\/#respond"]}]},{"@type":"WebPage","@id":"https:\/\/intelsynet.com\/la-demanda-de-acero-verde-ese-dispara-a-nivel-mundial-liderada-por-los-fabricantes-de-automoviles-europeos\/","url":"https:\/\/intelsynet.com\/la-demanda-de-acero-verde-ese-dispara-a-nivel-mundial-liderada-por-los-fabricantes-de-automoviles-europeos\/","name":"La demanda de acero verde ese dispara a nivel mundial, liderada por los fabricantes de autom\u00f3viles europeos - Intelsynet","isPartOf":{"@id":"https:\/\/intelsynet.com\/es\/#website"},"primaryImageOfPage":{"@id":"https:\/\/intelsynet.com\/la-demanda-de-acero-verde-ese-dispara-a-nivel-mundial-liderada-por-los-fabricantes-de-automoviles-europeos\/#primaryimage"},"image":{"@id":"https:\/\/intelsynet.com\/la-demanda-de-acero-verde-ese-dispara-a-nivel-mundial-liderada-por-los-fabricantes-de-automoviles-europeos\/#primaryimage"},"thumbnailUrl":"https:\/\/intelsynet.com\/wp-content\/uploads\/2022\/10\/Acero-verde-demanda.jpg","datePublished":"2022-09-27T08:34:11+00:00","dateModified":"2022-10-17T08:35:37+00:00","author":{"@id":"https:\/\/intelsynet.com\/es\/#\/schema\/person\/62b4711a8de3423f0f1537cb5daa1748"},"breadcrumb":{"@id":"https:\/\/intelsynet.com\/la-demanda-de-acero-verde-ese-dispara-a-nivel-mundial-liderada-por-los-fabricantes-de-automoviles-europeos\/#breadcrumb"},"inLanguage":"es","potentialAction":[{"@type":"ReadAction","target":["https:\/\/intelsynet.com\/la-demanda-de-acero-verde-ese-dispara-a-nivel-mundial-liderada-por-los-fabricantes-de-automoviles-europeos\/"]}]},{"@type":"ImageObject","inLanguage":"es","@id":"https:\/\/intelsynet.com\/la-demanda-de-acero-verde-ese-dispara-a-nivel-mundial-liderada-por-los-fabricantes-de-automoviles-europeos\/#primaryimage","url":"https:\/\/intelsynet.com\/wp-content\/uploads\/2022\/10\/Acero-verde-demanda.jpg","contentUrl":"https:\/\/intelsynet.com\/wp-content\/uploads\/2022\/10\/Acero-verde-demanda.jpg","width":957,"height":634},{"@type":"BreadcrumbList","@id":"https:\/\/intelsynet.com\/la-demanda-de-acero-verde-ese-dispara-a-nivel-mundial-liderada-por-los-fabricantes-de-automoviles-europeos\/#breadcrumb","itemListElement":[{"@type":"ListItem","position":1,"name":"Portada","item":"https:\/\/intelsynet.com\/"},{"@type":"ListItem","position":2,"name":"La demanda de acero verde ese dispara a nivel mundial, liderada por los fabricantes de autom\u00f3viles europeos"}]},{"@type":"WebSite","@id":"https:\/\/intelsynet.com\/es\/#website","url":"https:\/\/intelsynet.com\/es\/","name":"Intelsynet","description":"Advisory Services","potentialAction":[{"@type":"SearchAction","target":{"@type":"EntryPoint","urlTemplate":"https:\/\/intelsynet.com\/es\/?s={search_term_string}"},"query-input":{"@type":"PropertyValueSpecification","valueRequired":true,"valueName":"search_term_string"}}],"inLanguage":"es"},{"@type":"Person","@id":"https:\/\/intelsynet.com\/es\/#\/schema\/person\/62b4711a8de3423f0f1537cb5daa1748","name":"produccion","image":{"@type":"ImageObject","inLanguage":"es","@id":"https:\/\/secure.gravatar.com\/avatar\/bbda47eeca6a4d008c3cda344ed3cf00b82bd1a9f9fb41804c887c2ac269b8ec?s=96&d=mm&r=g","url":"https:\/\/secure.gravatar.com\/avatar\/bbda47eeca6a4d008c3cda344ed3cf00b82bd1a9f9fb41804c887c2ac269b8ec?s=96&d=mm&r=g","contentUrl":"https:\/\/secure.gravatar.com\/avatar\/bbda47eeca6a4d008c3cda344ed3cf00b82bd1a9f9fb41804c887c2ac269b8ec?s=96&d=mm&r=g","caption":"produccion"},"url":"https:\/\/intelsynet.com\/es\/author\/produccion\/"}]}},"_links":{"self":[{"href":"https:\/\/intelsynet.com\/es\/wp-json\/wp\/v2\/posts\/3144","targetHints":{"allow":["GET"]}}],"collection":[{"href":"https:\/\/intelsynet.com\/es\/wp-json\/wp\/v2\/posts"}],"about":[{"href":"https:\/\/intelsynet.com\/es\/wp-json\/wp\/v2\/types\/post"}],"author":[{"embeddable":true,"href":"https:\/\/intelsynet.com\/es\/wp-json\/wp\/v2\/users\/1"}],"replies":[{"embeddable":true,"href":"https:\/\/intelsynet.com\/es\/wp-json\/wp\/v2\/comments?post=3144"}],"version-history":[{"count":2,"href":"https:\/\/intelsynet.com\/es\/wp-json\/wp\/v2\/posts\/3144\/revisions"}],"predecessor-version":[{"id":3147,"href":"https:\/\/intelsynet.com\/es\/wp-json\/wp\/v2\/posts\/3144\/revisions\/3147"}],"wp:featuredmedia":[{"embeddable":true,"href":"https:\/\/intelsynet.com\/es\/wp-json\/wp\/v2\/media\/3145"}],"wp:attachment":[{"href":"https:\/\/intelsynet.com\/es\/wp-json\/wp\/v2\/media?parent=3144"}],"wp:term":[{"taxonomy":"category","embeddable":true,"href":"https:\/\/intelsynet.com\/es\/wp-json\/wp\/v2\/categories?post=3144"},{"taxonomy":"post_tag","embeddable":true,"href":"https:\/\/intelsynet.com\/es\/wp-json\/wp\/v2\/tags?post=3144"}],"curies":[{"name":"wp","href":"https:\/\/api.w.org\/{rel}","templated":true}]}}