{"id":3139,"date":"2022-10-01T08:18:58","date_gmt":"2022-10-01T08:18:58","guid":{"rendered":"https:\/\/intelsynet.com\/?p=3139"},"modified":"2022-10-17T08:31:32","modified_gmt":"2022-10-17T08:31:32","slug":"umicore-y-la-filial-de-volkswagen-ag-unidos-en-joint-venture-jv-para-establecer-una-cadena-de-suministro-a-gran-escala-de-baterias-sostenibles","status":"publish","type":"post","link":"https:\/\/intelsynet.com\/es\/umicore-y-la-filial-de-volkswagen-ag-unidos-en-joint-venture-jv-para-establecer-una-cadena-de-suministro-a-gran-escala-de-baterias-sostenibles\/","title":{"rendered":"Umicore y la filial de\u00a0Volkswagen AG\u00a0unidos en joint venture (JV) para establecer una cadena de suministro a gran escala de bater\u00edas sostenibles"},"content":{"rendered":"<div class=\"fusion-fullwidth fullwidth-box fusion-builder-row-1 fusion-flex-container nonhundred-percent-fullwidth non-hundred-percent-height-scrolling\" style=\"background-color: rgba(255,255,255,0);background-position: center center;background-repeat: no-repeat;border-width: 0px 0px 0px 0px;border-color:rgba(97,158,133,0);border-style:solid;\" ><div class=\"fusion-builder-row fusion-row fusion-flex-align-items-flex-start\" style=\"max-width:1216.8px;margin-left: calc(-4% \/ 2 );margin-right: calc(-4% \/ 2 );\"><div class=\"fusion-layout-column fusion_builder_column fusion-builder-column-0 fusion_builder_column_1_1 1_1 fusion-flex-column\"><div class=\"fusion-column-wrapper fusion-flex-justify-content-flex-start fusion-content-layout-column\" style=\"background-position:left top;background-repeat:no-repeat;-webkit-background-size:cover;-moz-background-size:cover;-o-background-size:cover;background-size:cover;padding: 0px 0px 0px 0px;\"><div class=\"fusion-text fusion-text-1\"><p><a href=\"https:\/\/www.linkedin.com\/company\/umicore\/\" data-attribute-index=\"0\" data-entity-hovercard-id=\"urn:li:fs_miniCompany:166583\" data-entity-type=\"MINI_COMPANY\">Umicore<\/a>\u00a0empresa l\u00edder en tecnolog\u00eda de materiales\u00a0circulares\u00a0con una amplia experiencia en los campos de la ciencia de los materiales, la qu\u00edmica y la metalurgia y la filial de\u00a0<a href=\"https:\/\/www.linkedin.com\/company\/volkswagen-ag\/\" data-attribute-index=\"2\" data-entity-hovercard-id=\"urn:li:fs_miniCompany:3200\" data-entity-type=\"MINI_COMPANY\">Volkswagen AG<\/a>\u00a0especializada en bater\u00edas\u00a0<a href=\"https:\/\/www.linkedin.com\/company\/powerco-se\/\" data-attribute-index=\"4\" data-entity-hovercard-id=\"urn:li:fs_miniCompany:86667539\" data-entity-type=\"MINI_COMPANY\">PowerCo SE<\/a>\u00a0se han unido en joint venture (JV) para establecer una cadena de suministro a gran escala de bater\u00edas sostenibles.<\/p>\n<p>La empresa conjunta, con sede en Bruselas (B\u00e9lgica) invertir\u00e1 3.000 millones de euros y tiene como objetivo la producci\u00f3n de materiales precursores y cat\u00f3dicos en Europa. A partir de 2025, suministrar\u00e1 materiales clave a las f\u00e1bricas europeas de celdas de bater\u00eda de PowerCo. La JV busca producir, para finales de la d\u00e9cada, materiales de c\u00e1todo y sus precursores para una capacidad de celda de 160 GWh por a\u00f1o, lo que se compara con una capacidad de producci\u00f3n anual capaz de impulsar alrededor de 2,2 millones de veh\u00edculos totalmente el\u00e9ctricos. Los materiales activos de c\u00e1todo son elementos clave para una transici\u00f3n exitosa hacia la movilidad el\u00e9ctrica, ya que son el activo tecnol\u00f3gico esencial para el rendimiento de la bater\u00eda, as\u00ed como el mayor contribuyente individual al coste total de la bater\u00eda.<\/p>\n<p>Adem\u00e1s, Umicore y PowerCo colaborar\u00e1n en el abastecimiento sostenible y responsable de materias primas y en una etapa posterior, en elementos de refinaci\u00f3n y reciclaje de bater\u00edas basados \u200b\u200ben la tecnolog\u00eda y el conocimiento de Umicore.<\/p>\n<\/div><\/div><style type=\"text\/css\">.fusion-body .fusion-builder-column-0{width:100% !important;margin-top : 0px;margin-bottom : 20px;}.fusion-builder-column-0 > .fusion-column-wrapper {padding-top : 0px !important;padding-right : 0px !important;margin-right : 1.92%;padding-bottom : 0px !important;padding-left : 0px !important;margin-left : 1.92%;}@media only screen and (max-width:1024px) {.fusion-body .fusion-builder-column-0{width:100% !important;order : 0;}.fusion-builder-column-0 > .fusion-column-wrapper {margin-right : 1.92%;margin-left : 1.92%;}}@media only screen and (max-width:640px) {.fusion-body .fusion-builder-column-0{width:100% !important;order : 0;}.fusion-builder-column-0 > .fusion-column-wrapper {margin-right : 1.92%;margin-left : 1.92%;}}<\/style><\/div><\/div><style type=\"text\/css\">.fusion-body .fusion-flex-container.fusion-builder-row-1{ padding-top : 0px;margin-top : 0px;padding-right : 0px;padding-bottom : 0px;margin-bottom : 0px;padding-left : 0px;}<\/style><\/div>\n","protected":false},"excerpt":{"rendered":"","protected":false},"author":1,"featured_media":3142,"comment_status":"open","ping_status":"open","sticky":false,"template":"","format":"standard","meta":{"footnotes":""},"categories":[2,117],"tags":[124,136,108,109,116,106],"class_list":["post-3139","post","type-post","status-publish","format-standard","has-post-thumbnail","hentry","category-nuestros-articulos","category-sostenibilidad","tag-colaboracion","tag-economia-circular","tag-emobility","tag-logicaeconomica","tag-materiasprimas","tag-tecnologia"],"yoast_head":"<!-- This site is optimized with the Yoast SEO plugin v27.5 - https:\/\/yoast.com\/product\/yoast-seo-wordpress\/ -->\n<title>Umicore y la filial de\u00a0Volkswagen AG\u00a0unidos en joint venture (JV) para establecer una cadena de suministro a gran escala de bater\u00edas sostenibles - Intelsynet<\/title>\n<meta name=\"robots\" content=\"index, follow, max-snippet:-1, max-image-preview:large, max-video-preview:-1\" \/>\n<link rel=\"canonical\" href=\"https:\/\/intelsynet.com\/umicore-y-la-filial-de-volkswagen-ag-unidos-en-joint-venture-jv-para-establecer-una-cadena-de-suministro-a-gran-escala-de-baterias-sostenibles\/\" \/>\n<meta property=\"og:locale\" content=\"es_ES\" \/>\n<meta property=\"og:type\" content=\"article\" \/>\n<meta property=\"og:title\" content=\"Umicore y la filial de\u00a0Volkswagen AG\u00a0unidos en joint venture (JV) para establecer una cadena de suministro a gran escala de bater\u00edas sostenibles - Intelsynet\" \/>\n<meta property=\"og:url\" content=\"https:\/\/intelsynet.com\/umicore-y-la-filial-de-volkswagen-ag-unidos-en-joint-venture-jv-para-establecer-una-cadena-de-suministro-a-gran-escala-de-baterias-sostenibles\/\" \/>\n<meta property=\"og:site_name\" content=\"Intelsynet\" \/>\n<meta property=\"article:published_time\" content=\"2022-10-01T08:18:58+00:00\" \/>\n<meta property=\"article:modified_time\" content=\"2022-10-17T08:31:32+00:00\" \/>\n<meta property=\"og:image\" content=\"https:\/\/intelsynet.com\/wp-content\/uploads\/2022\/10\/Colaboracion2344.jpg\" \/>\n\t<meta property=\"og:image:width\" content=\"1050\" \/>\n\t<meta property=\"og:image:height\" content=\"729\" \/>\n\t<meta property=\"og:image:type\" content=\"image\/jpeg\" \/>\n<meta name=\"author\" content=\"produccion\" \/>\n<meta name=\"twitter:card\" content=\"summary_large_image\" \/>\n<meta name=\"twitter:label1\" content=\"Escrito por\" \/>\n\t<meta name=\"twitter:data1\" content=\"produccion\" \/>\n\t<meta name=\"twitter:label2\" content=\"Tiempo de lectura\" \/>\n\t<meta name=\"twitter:data2\" content=\"3 minutos\" \/>\n<script type=\"application\/ld+json\" class=\"yoast-schema-graph\">{\"@context\":\"https:\\\/\\\/schema.org\",\"@graph\":[{\"@type\":\"Article\",\"@id\":\"https:\\\/\\\/intelsynet.com\\\/umicore-y-la-filial-de-volkswagen-ag-unidos-en-joint-venture-jv-para-establecer-una-cadena-de-suministro-a-gran-escala-de-baterias-sostenibles\\\/#article\",\"isPartOf\":{\"@id\":\"https:\\\/\\\/intelsynet.com\\\/umicore-y-la-filial-de-volkswagen-ag-unidos-en-joint-venture-jv-para-establecer-una-cadena-de-suministro-a-gran-escala-de-baterias-sostenibles\\\/\"},\"author\":{\"name\":\"produccion\",\"@id\":\"https:\\\/\\\/intelsynet.com\\\/es\\\/#\\\/schema\\\/person\\\/62b4711a8de3423f0f1537cb5daa1748\"},\"headline\":\"Umicore y la filial de\u00a0Volkswagen AG\u00a0unidos en joint venture (JV) para establecer una cadena de suministro a gran escala de bater\u00edas sostenibles\",\"datePublished\":\"2022-10-01T08:18:58+00:00\",\"dateModified\":\"2022-10-17T08:31:32+00:00\",\"mainEntityOfPage\":{\"@id\":\"https:\\\/\\\/intelsynet.com\\\/umicore-y-la-filial-de-volkswagen-ag-unidos-en-joint-venture-jv-para-establecer-una-cadena-de-suministro-a-gran-escala-de-baterias-sostenibles\\\/\"},\"wordCount\":894,\"commentCount\":0,\"image\":{\"@id\":\"https:\\\/\\\/intelsynet.com\\\/umicore-y-la-filial-de-volkswagen-ag-unidos-en-joint-venture-jv-para-establecer-una-cadena-de-suministro-a-gran-escala-de-baterias-sostenibles\\\/#primaryimage\"},\"thumbnailUrl\":\"https:\\\/\\\/intelsynet.com\\\/wp-content\\\/uploads\\\/2022\\\/10\\\/Colaboracion2344.jpg\",\"keywords\":[\"colaboraci\u00f3n\",\"econom\u00eda circular\",\"emobility\",\"l\u00f3gica econ\u00f3mica\",\"materias primas\",\"tecnolog\u00eda\"],\"articleSection\":[\"Art\u00edculos\",\"Sostenibilidad\"],\"inLanguage\":\"es\",\"potentialAction\":[{\"@type\":\"CommentAction\",\"name\":\"Comment\",\"target\":[\"https:\\\/\\\/intelsynet.com\\\/umicore-y-la-filial-de-volkswagen-ag-unidos-en-joint-venture-jv-para-establecer-una-cadena-de-suministro-a-gran-escala-de-baterias-sostenibles\\\/#respond\"]}]},{\"@type\":\"WebPage\",\"@id\":\"https:\\\/\\\/intelsynet.com\\\/umicore-y-la-filial-de-volkswagen-ag-unidos-en-joint-venture-jv-para-establecer-una-cadena-de-suministro-a-gran-escala-de-baterias-sostenibles\\\/\",\"url\":\"https:\\\/\\\/intelsynet.com\\\/umicore-y-la-filial-de-volkswagen-ag-unidos-en-joint-venture-jv-para-establecer-una-cadena-de-suministro-a-gran-escala-de-baterias-sostenibles\\\/\",\"name\":\"Umicore y la filial de\u00a0Volkswagen AG\u00a0unidos en joint venture (JV) para establecer una cadena de suministro a gran escala de bater\u00edas sostenibles - Intelsynet\",\"isPartOf\":{\"@id\":\"https:\\\/\\\/intelsynet.com\\\/es\\\/#website\"},\"primaryImageOfPage\":{\"@id\":\"https:\\\/\\\/intelsynet.com\\\/umicore-y-la-filial-de-volkswagen-ag-unidos-en-joint-venture-jv-para-establecer-una-cadena-de-suministro-a-gran-escala-de-baterias-sostenibles\\\/#primaryimage\"},\"image\":{\"@id\":\"https:\\\/\\\/intelsynet.com\\\/umicore-y-la-filial-de-volkswagen-ag-unidos-en-joint-venture-jv-para-establecer-una-cadena-de-suministro-a-gran-escala-de-baterias-sostenibles\\\/#primaryimage\"},\"thumbnailUrl\":\"https:\\\/\\\/intelsynet.com\\\/wp-content\\\/uploads\\\/2022\\\/10\\\/Colaboracion2344.jpg\",\"datePublished\":\"2022-10-01T08:18:58+00:00\",\"dateModified\":\"2022-10-17T08:31:32+00:00\",\"author\":{\"@id\":\"https:\\\/\\\/intelsynet.com\\\/es\\\/#\\\/schema\\\/person\\\/62b4711a8de3423f0f1537cb5daa1748\"},\"breadcrumb\":{\"@id\":\"https:\\\/\\\/intelsynet.com\\\/umicore-y-la-filial-de-volkswagen-ag-unidos-en-joint-venture-jv-para-establecer-una-cadena-de-suministro-a-gran-escala-de-baterias-sostenibles\\\/#breadcrumb\"},\"inLanguage\":\"es\",\"potentialAction\":[{\"@type\":\"ReadAction\",\"target\":[\"https:\\\/\\\/intelsynet.com\\\/umicore-y-la-filial-de-volkswagen-ag-unidos-en-joint-venture-jv-para-establecer-una-cadena-de-suministro-a-gran-escala-de-baterias-sostenibles\\\/\"]}]},{\"@type\":\"ImageObject\",\"inLanguage\":\"es\",\"@id\":\"https:\\\/\\\/intelsynet.com\\\/umicore-y-la-filial-de-volkswagen-ag-unidos-en-joint-venture-jv-para-establecer-una-cadena-de-suministro-a-gran-escala-de-baterias-sostenibles\\\/#primaryimage\",\"url\":\"https:\\\/\\\/intelsynet.com\\\/wp-content\\\/uploads\\\/2022\\\/10\\\/Colaboracion2344.jpg\",\"contentUrl\":\"https:\\\/\\\/intelsynet.com\\\/wp-content\\\/uploads\\\/2022\\\/10\\\/Colaboracion2344.jpg\",\"width\":1050,\"height\":729},{\"@type\":\"BreadcrumbList\",\"@id\":\"https:\\\/\\\/intelsynet.com\\\/umicore-y-la-filial-de-volkswagen-ag-unidos-en-joint-venture-jv-para-establecer-una-cadena-de-suministro-a-gran-escala-de-baterias-sostenibles\\\/#breadcrumb\",\"itemListElement\":[{\"@type\":\"ListItem\",\"position\":1,\"name\":\"Portada\",\"item\":\"https:\\\/\\\/intelsynet.com\\\/\"},{\"@type\":\"ListItem\",\"position\":2,\"name\":\"Umicore y la filial de\u00a0Volkswagen AG\u00a0unidos en joint venture (JV) para establecer una cadena de suministro a gran escala de bater\u00edas sostenibles\"}]},{\"@type\":\"WebSite\",\"@id\":\"https:\\\/\\\/intelsynet.com\\\/es\\\/#website\",\"url\":\"https:\\\/\\\/intelsynet.com\\\/es\\\/\",\"name\":\"Intelsynet\",\"description\":\"Advisory Services\",\"potentialAction\":[{\"@type\":\"SearchAction\",\"target\":{\"@type\":\"EntryPoint\",\"urlTemplate\":\"https:\\\/\\\/intelsynet.com\\\/es\\\/?s={search_term_string}\"},\"query-input\":{\"@type\":\"PropertyValueSpecification\",\"valueRequired\":true,\"valueName\":\"search_term_string\"}}],\"inLanguage\":\"es\"},{\"@type\":\"Person\",\"@id\":\"https:\\\/\\\/intelsynet.com\\\/es\\\/#\\\/schema\\\/person\\\/62b4711a8de3423f0f1537cb5daa1748\",\"name\":\"produccion\",\"image\":{\"@type\":\"ImageObject\",\"inLanguage\":\"es\",\"@id\":\"https:\\\/\\\/secure.gravatar.com\\\/avatar\\\/bbda47eeca6a4d008c3cda344ed3cf00b82bd1a9f9fb41804c887c2ac269b8ec?s=96&d=mm&r=g\",\"url\":\"https:\\\/\\\/secure.gravatar.com\\\/avatar\\\/bbda47eeca6a4d008c3cda344ed3cf00b82bd1a9f9fb41804c887c2ac269b8ec?s=96&d=mm&r=g\",\"contentUrl\":\"https:\\\/\\\/secure.gravatar.com\\\/avatar\\\/bbda47eeca6a4d008c3cda344ed3cf00b82bd1a9f9fb41804c887c2ac269b8ec?s=96&d=mm&r=g\",\"caption\":\"produccion\"},\"url\":\"https:\\\/\\\/intelsynet.com\\\/es\\\/author\\\/produccion\\\/\"}]}<\/script>\n<!-- \/ Yoast SEO plugin. -->","yoast_head_json":{"title":"Umicore y la filial de\u00a0Volkswagen AG\u00a0unidos en joint venture (JV) para establecer una cadena de suministro a gran escala de bater\u00edas sostenibles - Intelsynet","robots":{"index":"index","follow":"follow","max-snippet":"max-snippet:-1","max-image-preview":"max-image-preview:large","max-video-preview":"max-video-preview:-1"},"canonical":"https:\/\/intelsynet.com\/umicore-y-la-filial-de-volkswagen-ag-unidos-en-joint-venture-jv-para-establecer-una-cadena-de-suministro-a-gran-escala-de-baterias-sostenibles\/","og_locale":"es_ES","og_type":"article","og_title":"Umicore y la filial de\u00a0Volkswagen AG\u00a0unidos en joint venture (JV) para establecer una cadena de suministro a gran escala de bater\u00edas sostenibles - Intelsynet","og_url":"https:\/\/intelsynet.com\/umicore-y-la-filial-de-volkswagen-ag-unidos-en-joint-venture-jv-para-establecer-una-cadena-de-suministro-a-gran-escala-de-baterias-sostenibles\/","og_site_name":"Intelsynet","article_published_time":"2022-10-01T08:18:58+00:00","article_modified_time":"2022-10-17T08:31:32+00:00","og_image":[{"width":1050,"height":729,"url":"https:\/\/intelsynet.com\/wp-content\/uploads\/2022\/10\/Colaboracion2344.jpg","type":"image\/jpeg"}],"author":"produccion","twitter_card":"summary_large_image","twitter_misc":{"Escrito por":"produccion","Tiempo de lectura":"3 minutos"},"schema":{"@context":"https:\/\/schema.org","@graph":[{"@type":"Article","@id":"https:\/\/intelsynet.com\/umicore-y-la-filial-de-volkswagen-ag-unidos-en-joint-venture-jv-para-establecer-una-cadena-de-suministro-a-gran-escala-de-baterias-sostenibles\/#article","isPartOf":{"@id":"https:\/\/intelsynet.com\/umicore-y-la-filial-de-volkswagen-ag-unidos-en-joint-venture-jv-para-establecer-una-cadena-de-suministro-a-gran-escala-de-baterias-sostenibles\/"},"author":{"name":"produccion","@id":"https:\/\/intelsynet.com\/es\/#\/schema\/person\/62b4711a8de3423f0f1537cb5daa1748"},"headline":"Umicore y la filial de\u00a0Volkswagen AG\u00a0unidos en joint venture (JV) para establecer una cadena de suministro a gran escala de bater\u00edas sostenibles","datePublished":"2022-10-01T08:18:58+00:00","dateModified":"2022-10-17T08:31:32+00:00","mainEntityOfPage":{"@id":"https:\/\/intelsynet.com\/umicore-y-la-filial-de-volkswagen-ag-unidos-en-joint-venture-jv-para-establecer-una-cadena-de-suministro-a-gran-escala-de-baterias-sostenibles\/"},"wordCount":894,"commentCount":0,"image":{"@id":"https:\/\/intelsynet.com\/umicore-y-la-filial-de-volkswagen-ag-unidos-en-joint-venture-jv-para-establecer-una-cadena-de-suministro-a-gran-escala-de-baterias-sostenibles\/#primaryimage"},"thumbnailUrl":"https:\/\/intelsynet.com\/wp-content\/uploads\/2022\/10\/Colaboracion2344.jpg","keywords":["colaboraci\u00f3n","econom\u00eda circular","emobility","l\u00f3gica econ\u00f3mica","materias primas","tecnolog\u00eda"],"articleSection":["Art\u00edculos","Sostenibilidad"],"inLanguage":"es","potentialAction":[{"@type":"CommentAction","name":"Comment","target":["https:\/\/intelsynet.com\/umicore-y-la-filial-de-volkswagen-ag-unidos-en-joint-venture-jv-para-establecer-una-cadena-de-suministro-a-gran-escala-de-baterias-sostenibles\/#respond"]}]},{"@type":"WebPage","@id":"https:\/\/intelsynet.com\/umicore-y-la-filial-de-volkswagen-ag-unidos-en-joint-venture-jv-para-establecer-una-cadena-de-suministro-a-gran-escala-de-baterias-sostenibles\/","url":"https:\/\/intelsynet.com\/umicore-y-la-filial-de-volkswagen-ag-unidos-en-joint-venture-jv-para-establecer-una-cadena-de-suministro-a-gran-escala-de-baterias-sostenibles\/","name":"Umicore y la filial de\u00a0Volkswagen AG\u00a0unidos en joint venture (JV) para establecer una cadena de suministro a gran escala de bater\u00edas sostenibles - Intelsynet","isPartOf":{"@id":"https:\/\/intelsynet.com\/es\/#website"},"primaryImageOfPage":{"@id":"https:\/\/intelsynet.com\/umicore-y-la-filial-de-volkswagen-ag-unidos-en-joint-venture-jv-para-establecer-una-cadena-de-suministro-a-gran-escala-de-baterias-sostenibles\/#primaryimage"},"image":{"@id":"https:\/\/intelsynet.com\/umicore-y-la-filial-de-volkswagen-ag-unidos-en-joint-venture-jv-para-establecer-una-cadena-de-suministro-a-gran-escala-de-baterias-sostenibles\/#primaryimage"},"thumbnailUrl":"https:\/\/intelsynet.com\/wp-content\/uploads\/2022\/10\/Colaboracion2344.jpg","datePublished":"2022-10-01T08:18:58+00:00","dateModified":"2022-10-17T08:31:32+00:00","author":{"@id":"https:\/\/intelsynet.com\/es\/#\/schema\/person\/62b4711a8de3423f0f1537cb5daa1748"},"breadcrumb":{"@id":"https:\/\/intelsynet.com\/umicore-y-la-filial-de-volkswagen-ag-unidos-en-joint-venture-jv-para-establecer-una-cadena-de-suministro-a-gran-escala-de-baterias-sostenibles\/#breadcrumb"},"inLanguage":"es","potentialAction":[{"@type":"ReadAction","target":["https:\/\/intelsynet.com\/umicore-y-la-filial-de-volkswagen-ag-unidos-en-joint-venture-jv-para-establecer-una-cadena-de-suministro-a-gran-escala-de-baterias-sostenibles\/"]}]},{"@type":"ImageObject","inLanguage":"es","@id":"https:\/\/intelsynet.com\/umicore-y-la-filial-de-volkswagen-ag-unidos-en-joint-venture-jv-para-establecer-una-cadena-de-suministro-a-gran-escala-de-baterias-sostenibles\/#primaryimage","url":"https:\/\/intelsynet.com\/wp-content\/uploads\/2022\/10\/Colaboracion2344.jpg","contentUrl":"https:\/\/intelsynet.com\/wp-content\/uploads\/2022\/10\/Colaboracion2344.jpg","width":1050,"height":729},{"@type":"BreadcrumbList","@id":"https:\/\/intelsynet.com\/umicore-y-la-filial-de-volkswagen-ag-unidos-en-joint-venture-jv-para-establecer-una-cadena-de-suministro-a-gran-escala-de-baterias-sostenibles\/#breadcrumb","itemListElement":[{"@type":"ListItem","position":1,"name":"Portada","item":"https:\/\/intelsynet.com\/"},{"@type":"ListItem","position":2,"name":"Umicore y la filial de\u00a0Volkswagen AG\u00a0unidos en joint venture (JV) para establecer una cadena de suministro a gran escala de bater\u00edas sostenibles"}]},{"@type":"WebSite","@id":"https:\/\/intelsynet.com\/es\/#website","url":"https:\/\/intelsynet.com\/es\/","name":"Intelsynet","description":"Advisory Services","potentialAction":[{"@type":"SearchAction","target":{"@type":"EntryPoint","urlTemplate":"https:\/\/intelsynet.com\/es\/?s={search_term_string}"},"query-input":{"@type":"PropertyValueSpecification","valueRequired":true,"valueName":"search_term_string"}}],"inLanguage":"es"},{"@type":"Person","@id":"https:\/\/intelsynet.com\/es\/#\/schema\/person\/62b4711a8de3423f0f1537cb5daa1748","name":"produccion","image":{"@type":"ImageObject","inLanguage":"es","@id":"https:\/\/secure.gravatar.com\/avatar\/bbda47eeca6a4d008c3cda344ed3cf00b82bd1a9f9fb41804c887c2ac269b8ec?s=96&d=mm&r=g","url":"https:\/\/secure.gravatar.com\/avatar\/bbda47eeca6a4d008c3cda344ed3cf00b82bd1a9f9fb41804c887c2ac269b8ec?s=96&d=mm&r=g","contentUrl":"https:\/\/secure.gravatar.com\/avatar\/bbda47eeca6a4d008c3cda344ed3cf00b82bd1a9f9fb41804c887c2ac269b8ec?s=96&d=mm&r=g","caption":"produccion"},"url":"https:\/\/intelsynet.com\/es\/author\/produccion\/"}]}},"_links":{"self":[{"href":"https:\/\/intelsynet.com\/es\/wp-json\/wp\/v2\/posts\/3139","targetHints":{"allow":["GET"]}}],"collection":[{"href":"https:\/\/intelsynet.com\/es\/wp-json\/wp\/v2\/posts"}],"about":[{"href":"https:\/\/intelsynet.com\/es\/wp-json\/wp\/v2\/types\/post"}],"author":[{"embeddable":true,"href":"https:\/\/intelsynet.com\/es\/wp-json\/wp\/v2\/users\/1"}],"replies":[{"embeddable":true,"href":"https:\/\/intelsynet.com\/es\/wp-json\/wp\/v2\/comments?post=3139"}],"version-history":[{"count":2,"href":"https:\/\/intelsynet.com\/es\/wp-json\/wp\/v2\/posts\/3139\/revisions"}],"predecessor-version":[{"id":3143,"href":"https:\/\/intelsynet.com\/es\/wp-json\/wp\/v2\/posts\/3139\/revisions\/3143"}],"wp:featuredmedia":[{"embeddable":true,"href":"https:\/\/intelsynet.com\/es\/wp-json\/wp\/v2\/media\/3142"}],"wp:attachment":[{"href":"https:\/\/intelsynet.com\/es\/wp-json\/wp\/v2\/media?parent=3139"}],"wp:term":[{"taxonomy":"category","embeddable":true,"href":"https:\/\/intelsynet.com\/es\/wp-json\/wp\/v2\/categories?post=3139"},{"taxonomy":"post_tag","embeddable":true,"href":"https:\/\/intelsynet.com\/es\/wp-json\/wp\/v2\/tags?post=3139"}],"curies":[{"name":"wp","href":"https:\/\/api.w.org\/{rel}","templated":true}]}}