{"id":3067,"date":"2022-09-07T11:44:42","date_gmt":"2022-09-07T11:44:42","guid":{"rendered":"https:\/\/intelsynet.com\/?p=3067"},"modified":"2022-10-14T10:09:49","modified_gmt":"2022-10-14T10:09:49","slug":"inteligencia-artificial-en-el-entorno-laboral","status":"publish","type":"post","link":"https:\/\/intelsynet.com\/es\/inteligencia-artificial-en-el-entorno-laboral\/","title":{"rendered":"Inteligencia Artificial en el entorno laboral"},"content":{"rendered":"<p>Un estudio reciente de la\u00a0<a href=\"https:\/\/www.linkedin.com\/company\/organisation-eco-cooperation-development-organisation-cooperation-developpement-eco\/\" data-attribute-index=\"0\" data-entity-hovercard-id=\"urn:li:fs_miniCompany:165285\" data-entity-type=\"MINI_COMPANY\">OECD &#8211; OCDE<\/a>\u00a0pone sobre la mesa los principales\u00a0<a href=\"https:\/\/www.linkedin.com\/feed\/hashtag\/?keywords=riesgos%C3%A9ticos&amp;highlightedUpdateUrns=urn%3Ali%3Aactivity%3A6970303678289199104\" data-attribute-index=\"2\">#riesgos\u00e9ticos<\/a>\u00a0sobre el uso de la Inteligencia Artificial (IA) en el entorno laboral. El reconocimiento facial (RF) en los procesos de selecci\u00f3n es un ejemplo claro del riesgo \u00e9tico, si se basa la decisi\u00f3n de contrataci\u00f3n en la\u00a0<a href=\"https:\/\/www.linkedin.com\/feed\/hashtag\/?keywords=ia&amp;highlightedUpdateUrns=urn%3Ali%3Aactivity%3A6970303678289199104\" data-attribute-index=\"3\">#IA<\/a>\u00a0que se genera al utilizar soluciones de\u00a0<a href=\"https:\/\/www.linkedin.com\/feed\/hashtag\/?keywords=rf&amp;highlightedUpdateUrns=urn%3Ali%3Aactivity%3A6970303678289199104\" data-attribute-index=\"4\">#RF<\/a> para mejorar el acceso de personal.<\/p>\n<p>Diversos estudios han puesto de manifiesto que el principal riesgo que tiene el uso de esta tecnolog\u00eda y sus algoritmos actuales, es la generaci\u00f3n de sesgos. En EE.UU ya existen sentencias judiciales (en los estados de New York e Ilinois) prohibiendo su uso.<br \/>\nEs indudable que los sistemas\u00a0<a href=\"https:\/\/www.linkedin.com\/feed\/hashtag\/?keywords=ia&amp;highlightedUpdateUrns=urn%3Ali%3Aactivity%3A6970303678289199104\" data-attribute-index=\"5\">#IA<\/a>\u00a0est\u00e1n cambiando los lugares de trabajo y potencialmente los van a mejorar, pero garantizar el uso confiable de la IA en ese entorno tan sensible, significa abordar los riesgos \u00e9ticos que puede generar.\u00a0El estudio de la OCDE revisa los posibles riesgos en t\u00e9rminos de derechos humanos: privacidad, equidad y dignidad;\u00a0transparencia y aplicabilidad;\u00a0robustez, seguridad y protecci\u00f3n y rendici\u00f3n de cuentas.\u00a0El documento tambi\u00e9n revisa la acci\u00f3n que distintos piases, con sus pol\u00edticas en curso, est\u00e1n promoviendo para hacer un uso confiable de la IA en el espacio laboral.\u00a0La legislaci\u00f3n existente para garantizar lugares de trabajo \u00e9ticos debe aplicarse de manera efectiva y servir como base para la nueva pol\u00edtica.\u00a0Las iniciativas sobre IA de la econom\u00eda y la sociedad, como la Ley de IA de la\u00a0<a href=\"https:\/\/www.linkedin.com\/company\/european-commission\/\" data-attribute-index=\"6\" data-entity-hovercard-id=\"urn:li:fs_miniCompany:1809\" data-entity-type=\"MINI_COMPANY\">European Commission<\/a> y el establecimiento de un marco regulado, desempe\u00f1ar\u00e1n un papel importante por las nuevas medidas espec\u00edficas que se van a exigir, y que unido a los convenios colectivos pueden ayudar a llenar los vac\u00edos existentes.<\/p>\n","protected":false},"excerpt":{"rendered":"<p>Un estudio reciente de la\u00a0OECD &#8211; OCDE\u00a0pone sobre la mesa los principales\u00a0#riesgos\u00e9ticos\u00a0sobre el uso de la [&hellip;]<\/p>\n","protected":false},"author":1,"featured_media":3068,"comment_status":"open","ping_status":"open","sticky":false,"template":"","format":"standard","meta":{"footnotes":""},"categories":[2,118],"tags":[],"class_list":["post-3067","post","type-post","status-publish","format-standard","has-post-thumbnail","hentry","category-nuestros-articulos","category-gestion-de-riesgos"],"yoast_head":"<!-- This site is optimized with the Yoast SEO plugin v27.5 - https:\/\/yoast.com\/product\/yoast-seo-wordpress\/ -->\n<title>Inteligencia Artificial en el entorno laboral - Intelsynet<\/title>\n<meta name=\"robots\" content=\"index, follow, max-snippet:-1, max-image-preview:large, max-video-preview:-1\" \/>\n<link rel=\"canonical\" href=\"https:\/\/intelsynet.com\/inteligencia-artificial-en-el-entorno-laboral\/\" \/>\n<meta property=\"og:locale\" content=\"es_ES\" \/>\n<meta property=\"og:type\" content=\"article\" \/>\n<meta property=\"og:title\" content=\"Inteligencia Artificial en el entorno laboral - Intelsynet\" \/>\n<meta property=\"og:description\" content=\"Un estudio reciente de la\u00a0OECD &#8211; OCDE\u00a0pone sobre la mesa los principales\u00a0#riesgos\u00e9ticos\u00a0sobre el uso de la [&hellip;]\" \/>\n<meta property=\"og:url\" content=\"https:\/\/intelsynet.com\/inteligencia-artificial-en-el-entorno-laboral\/\" \/>\n<meta property=\"og:site_name\" content=\"Intelsynet\" \/>\n<meta property=\"article:published_time\" content=\"2022-09-07T11:44:42+00:00\" \/>\n<meta property=\"article:modified_time\" content=\"2022-10-14T10:09:49+00:00\" \/>\n<meta property=\"og:image\" content=\"https:\/\/intelsynet.com\/wp-content\/uploads\/2022\/09\/Reconocimiento-facial_reducida.jpg\" \/>\n\t<meta property=\"og:image:width\" content=\"2000\" \/>\n\t<meta property=\"og:image:height\" content=\"1069\" \/>\n\t<meta property=\"og:image:type\" content=\"image\/jpeg\" \/>\n<meta name=\"author\" content=\"produccion\" \/>\n<meta name=\"twitter:card\" content=\"summary_large_image\" \/>\n<meta name=\"twitter:label1\" content=\"Escrito por\" \/>\n\t<meta name=\"twitter:data1\" content=\"produccion\" \/>\n\t<meta name=\"twitter:label2\" content=\"Tiempo de lectura\" \/>\n\t<meta name=\"twitter:data2\" content=\"2 minutos\" \/>\n<script type=\"application\/ld+json\" class=\"yoast-schema-graph\">{\"@context\":\"https:\\\/\\\/schema.org\",\"@graph\":[{\"@type\":\"Article\",\"@id\":\"https:\\\/\\\/intelsynet.com\\\/inteligencia-artificial-en-el-entorno-laboral\\\/#article\",\"isPartOf\":{\"@id\":\"https:\\\/\\\/intelsynet.com\\\/inteligencia-artificial-en-el-entorno-laboral\\\/\"},\"author\":{\"name\":\"produccion\",\"@id\":\"https:\\\/\\\/intelsynet.com\\\/es\\\/#\\\/schema\\\/person\\\/62b4711a8de3423f0f1537cb5daa1748\"},\"headline\":\"Inteligencia Artificial en el entorno laboral\",\"datePublished\":\"2022-09-07T11:44:42+00:00\",\"dateModified\":\"2022-10-14T10:09:49+00:00\",\"mainEntityOfPage\":{\"@id\":\"https:\\\/\\\/intelsynet.com\\\/inteligencia-artificial-en-el-entorno-laboral\\\/\"},\"wordCount\":310,\"commentCount\":0,\"image\":{\"@id\":\"https:\\\/\\\/intelsynet.com\\\/inteligencia-artificial-en-el-entorno-laboral\\\/#primaryimage\"},\"thumbnailUrl\":\"https:\\\/\\\/intelsynet.com\\\/wp-content\\\/uploads\\\/2022\\\/09\\\/Reconocimiento-facial_reducida.jpg\",\"articleSection\":[\"Art\u00edculos\",\"Gesti\u00f3n de riesgos\"],\"inLanguage\":\"es\",\"potentialAction\":[{\"@type\":\"CommentAction\",\"name\":\"Comment\",\"target\":[\"https:\\\/\\\/intelsynet.com\\\/inteligencia-artificial-en-el-entorno-laboral\\\/#respond\"]}]},{\"@type\":\"WebPage\",\"@id\":\"https:\\\/\\\/intelsynet.com\\\/inteligencia-artificial-en-el-entorno-laboral\\\/\",\"url\":\"https:\\\/\\\/intelsynet.com\\\/inteligencia-artificial-en-el-entorno-laboral\\\/\",\"name\":\"Inteligencia Artificial en el entorno laboral - Intelsynet\",\"isPartOf\":{\"@id\":\"https:\\\/\\\/intelsynet.com\\\/es\\\/#website\"},\"primaryImageOfPage\":{\"@id\":\"https:\\\/\\\/intelsynet.com\\\/inteligencia-artificial-en-el-entorno-laboral\\\/#primaryimage\"},\"image\":{\"@id\":\"https:\\\/\\\/intelsynet.com\\\/inteligencia-artificial-en-el-entorno-laboral\\\/#primaryimage\"},\"thumbnailUrl\":\"https:\\\/\\\/intelsynet.com\\\/wp-content\\\/uploads\\\/2022\\\/09\\\/Reconocimiento-facial_reducida.jpg\",\"datePublished\":\"2022-09-07T11:44:42+00:00\",\"dateModified\":\"2022-10-14T10:09:49+00:00\",\"author\":{\"@id\":\"https:\\\/\\\/intelsynet.com\\\/es\\\/#\\\/schema\\\/person\\\/62b4711a8de3423f0f1537cb5daa1748\"},\"breadcrumb\":{\"@id\":\"https:\\\/\\\/intelsynet.com\\\/inteligencia-artificial-en-el-entorno-laboral\\\/#breadcrumb\"},\"inLanguage\":\"es\",\"potentialAction\":[{\"@type\":\"ReadAction\",\"target\":[\"https:\\\/\\\/intelsynet.com\\\/inteligencia-artificial-en-el-entorno-laboral\\\/\"]}]},{\"@type\":\"ImageObject\",\"inLanguage\":\"es\",\"@id\":\"https:\\\/\\\/intelsynet.com\\\/inteligencia-artificial-en-el-entorno-laboral\\\/#primaryimage\",\"url\":\"https:\\\/\\\/intelsynet.com\\\/wp-content\\\/uploads\\\/2022\\\/09\\\/Reconocimiento-facial_reducida.jpg\",\"contentUrl\":\"https:\\\/\\\/intelsynet.com\\\/wp-content\\\/uploads\\\/2022\\\/09\\\/Reconocimiento-facial_reducida.jpg\",\"width\":2000,\"height\":1069},{\"@type\":\"BreadcrumbList\",\"@id\":\"https:\\\/\\\/intelsynet.com\\\/inteligencia-artificial-en-el-entorno-laboral\\\/#breadcrumb\",\"itemListElement\":[{\"@type\":\"ListItem\",\"position\":1,\"name\":\"Portada\",\"item\":\"https:\\\/\\\/intelsynet.com\\\/\"},{\"@type\":\"ListItem\",\"position\":2,\"name\":\"Inteligencia Artificial en el entorno laboral\"}]},{\"@type\":\"WebSite\",\"@id\":\"https:\\\/\\\/intelsynet.com\\\/es\\\/#website\",\"url\":\"https:\\\/\\\/intelsynet.com\\\/es\\\/\",\"name\":\"Intelsynet\",\"description\":\"Advisory Services\",\"potentialAction\":[{\"@type\":\"SearchAction\",\"target\":{\"@type\":\"EntryPoint\",\"urlTemplate\":\"https:\\\/\\\/intelsynet.com\\\/es\\\/?s={search_term_string}\"},\"query-input\":{\"@type\":\"PropertyValueSpecification\",\"valueRequired\":true,\"valueName\":\"search_term_string\"}}],\"inLanguage\":\"es\"},{\"@type\":\"Person\",\"@id\":\"https:\\\/\\\/intelsynet.com\\\/es\\\/#\\\/schema\\\/person\\\/62b4711a8de3423f0f1537cb5daa1748\",\"name\":\"produccion\",\"image\":{\"@type\":\"ImageObject\",\"inLanguage\":\"es\",\"@id\":\"https:\\\/\\\/secure.gravatar.com\\\/avatar\\\/bbda47eeca6a4d008c3cda344ed3cf00b82bd1a9f9fb41804c887c2ac269b8ec?s=96&d=mm&r=g\",\"url\":\"https:\\\/\\\/secure.gravatar.com\\\/avatar\\\/bbda47eeca6a4d008c3cda344ed3cf00b82bd1a9f9fb41804c887c2ac269b8ec?s=96&d=mm&r=g\",\"contentUrl\":\"https:\\\/\\\/secure.gravatar.com\\\/avatar\\\/bbda47eeca6a4d008c3cda344ed3cf00b82bd1a9f9fb41804c887c2ac269b8ec?s=96&d=mm&r=g\",\"caption\":\"produccion\"},\"url\":\"https:\\\/\\\/intelsynet.com\\\/es\\\/author\\\/produccion\\\/\"}]}<\/script>\n<!-- \/ Yoast SEO plugin. -->","yoast_head_json":{"title":"Inteligencia Artificial en el entorno laboral - Intelsynet","robots":{"index":"index","follow":"follow","max-snippet":"max-snippet:-1","max-image-preview":"max-image-preview:large","max-video-preview":"max-video-preview:-1"},"canonical":"https:\/\/intelsynet.com\/inteligencia-artificial-en-el-entorno-laboral\/","og_locale":"es_ES","og_type":"article","og_title":"Inteligencia Artificial en el entorno laboral - Intelsynet","og_description":"Un estudio reciente de la\u00a0OECD &#8211; OCDE\u00a0pone sobre la mesa los principales\u00a0#riesgos\u00e9ticos\u00a0sobre el uso de la [&hellip;]","og_url":"https:\/\/intelsynet.com\/inteligencia-artificial-en-el-entorno-laboral\/","og_site_name":"Intelsynet","article_published_time":"2022-09-07T11:44:42+00:00","article_modified_time":"2022-10-14T10:09:49+00:00","og_image":[{"width":2000,"height":1069,"url":"https:\/\/intelsynet.com\/wp-content\/uploads\/2022\/09\/Reconocimiento-facial_reducida.jpg","type":"image\/jpeg"}],"author":"produccion","twitter_card":"summary_large_image","twitter_misc":{"Escrito por":"produccion","Tiempo de lectura":"2 minutos"},"schema":{"@context":"https:\/\/schema.org","@graph":[{"@type":"Article","@id":"https:\/\/intelsynet.com\/inteligencia-artificial-en-el-entorno-laboral\/#article","isPartOf":{"@id":"https:\/\/intelsynet.com\/inteligencia-artificial-en-el-entorno-laboral\/"},"author":{"name":"produccion","@id":"https:\/\/intelsynet.com\/es\/#\/schema\/person\/62b4711a8de3423f0f1537cb5daa1748"},"headline":"Inteligencia Artificial en el entorno laboral","datePublished":"2022-09-07T11:44:42+00:00","dateModified":"2022-10-14T10:09:49+00:00","mainEntityOfPage":{"@id":"https:\/\/intelsynet.com\/inteligencia-artificial-en-el-entorno-laboral\/"},"wordCount":310,"commentCount":0,"image":{"@id":"https:\/\/intelsynet.com\/inteligencia-artificial-en-el-entorno-laboral\/#primaryimage"},"thumbnailUrl":"https:\/\/intelsynet.com\/wp-content\/uploads\/2022\/09\/Reconocimiento-facial_reducida.jpg","articleSection":["Art\u00edculos","Gesti\u00f3n de riesgos"],"inLanguage":"es","potentialAction":[{"@type":"CommentAction","name":"Comment","target":["https:\/\/intelsynet.com\/inteligencia-artificial-en-el-entorno-laboral\/#respond"]}]},{"@type":"WebPage","@id":"https:\/\/intelsynet.com\/inteligencia-artificial-en-el-entorno-laboral\/","url":"https:\/\/intelsynet.com\/inteligencia-artificial-en-el-entorno-laboral\/","name":"Inteligencia Artificial en el entorno laboral - Intelsynet","isPartOf":{"@id":"https:\/\/intelsynet.com\/es\/#website"},"primaryImageOfPage":{"@id":"https:\/\/intelsynet.com\/inteligencia-artificial-en-el-entorno-laboral\/#primaryimage"},"image":{"@id":"https:\/\/intelsynet.com\/inteligencia-artificial-en-el-entorno-laboral\/#primaryimage"},"thumbnailUrl":"https:\/\/intelsynet.com\/wp-content\/uploads\/2022\/09\/Reconocimiento-facial_reducida.jpg","datePublished":"2022-09-07T11:44:42+00:00","dateModified":"2022-10-14T10:09:49+00:00","author":{"@id":"https:\/\/intelsynet.com\/es\/#\/schema\/person\/62b4711a8de3423f0f1537cb5daa1748"},"breadcrumb":{"@id":"https:\/\/intelsynet.com\/inteligencia-artificial-en-el-entorno-laboral\/#breadcrumb"},"inLanguage":"es","potentialAction":[{"@type":"ReadAction","target":["https:\/\/intelsynet.com\/inteligencia-artificial-en-el-entorno-laboral\/"]}]},{"@type":"ImageObject","inLanguage":"es","@id":"https:\/\/intelsynet.com\/inteligencia-artificial-en-el-entorno-laboral\/#primaryimage","url":"https:\/\/intelsynet.com\/wp-content\/uploads\/2022\/09\/Reconocimiento-facial_reducida.jpg","contentUrl":"https:\/\/intelsynet.com\/wp-content\/uploads\/2022\/09\/Reconocimiento-facial_reducida.jpg","width":2000,"height":1069},{"@type":"BreadcrumbList","@id":"https:\/\/intelsynet.com\/inteligencia-artificial-en-el-entorno-laboral\/#breadcrumb","itemListElement":[{"@type":"ListItem","position":1,"name":"Portada","item":"https:\/\/intelsynet.com\/"},{"@type":"ListItem","position":2,"name":"Inteligencia Artificial en el entorno laboral"}]},{"@type":"WebSite","@id":"https:\/\/intelsynet.com\/es\/#website","url":"https:\/\/intelsynet.com\/es\/","name":"Intelsynet","description":"Advisory Services","potentialAction":[{"@type":"SearchAction","target":{"@type":"EntryPoint","urlTemplate":"https:\/\/intelsynet.com\/es\/?s={search_term_string}"},"query-input":{"@type":"PropertyValueSpecification","valueRequired":true,"valueName":"search_term_string"}}],"inLanguage":"es"},{"@type":"Person","@id":"https:\/\/intelsynet.com\/es\/#\/schema\/person\/62b4711a8de3423f0f1537cb5daa1748","name":"produccion","image":{"@type":"ImageObject","inLanguage":"es","@id":"https:\/\/secure.gravatar.com\/avatar\/bbda47eeca6a4d008c3cda344ed3cf00b82bd1a9f9fb41804c887c2ac269b8ec?s=96&d=mm&r=g","url":"https:\/\/secure.gravatar.com\/avatar\/bbda47eeca6a4d008c3cda344ed3cf00b82bd1a9f9fb41804c887c2ac269b8ec?s=96&d=mm&r=g","contentUrl":"https:\/\/secure.gravatar.com\/avatar\/bbda47eeca6a4d008c3cda344ed3cf00b82bd1a9f9fb41804c887c2ac269b8ec?s=96&d=mm&r=g","caption":"produccion"},"url":"https:\/\/intelsynet.com\/es\/author\/produccion\/"}]}},"_links":{"self":[{"href":"https:\/\/intelsynet.com\/es\/wp-json\/wp\/v2\/posts\/3067","targetHints":{"allow":["GET"]}}],"collection":[{"href":"https:\/\/intelsynet.com\/es\/wp-json\/wp\/v2\/posts"}],"about":[{"href":"https:\/\/intelsynet.com\/es\/wp-json\/wp\/v2\/types\/post"}],"author":[{"embeddable":true,"href":"https:\/\/intelsynet.com\/es\/wp-json\/wp\/v2\/users\/1"}],"replies":[{"embeddable":true,"href":"https:\/\/intelsynet.com\/es\/wp-json\/wp\/v2\/comments?post=3067"}],"version-history":[{"count":1,"href":"https:\/\/intelsynet.com\/es\/wp-json\/wp\/v2\/posts\/3067\/revisions"}],"predecessor-version":[{"id":3069,"href":"https:\/\/intelsynet.com\/es\/wp-json\/wp\/v2\/posts\/3067\/revisions\/3069"}],"wp:featuredmedia":[{"embeddable":true,"href":"https:\/\/intelsynet.com\/es\/wp-json\/wp\/v2\/media\/3068"}],"wp:attachment":[{"href":"https:\/\/intelsynet.com\/es\/wp-json\/wp\/v2\/media?parent=3067"}],"wp:term":[{"taxonomy":"category","embeddable":true,"href":"https:\/\/intelsynet.com\/es\/wp-json\/wp\/v2\/categories?post=3067"},{"taxonomy":"post_tag","embeddable":true,"href":"https:\/\/intelsynet.com\/es\/wp-json\/wp\/v2\/tags?post=3067"}],"curies":[{"name":"wp","href":"https:\/\/api.w.org\/{rel}","templated":true}]}}