{"id":3063,"date":"2022-09-01T11:26:19","date_gmt":"2022-09-01T11:26:19","guid":{"rendered":"https:\/\/intelsynet.com\/?p=3063"},"modified":"2022-10-10T09:23:36","modified_gmt":"2022-10-10T09:23:36","slug":"el-futuro-de-los-esg-luces-y-sombras","status":"publish","type":"post","link":"https:\/\/intelsynet.com\/es\/el-futuro-de-los-esg-luces-y-sombras\/","title":{"rendered":"El futuro de los ESG: luces y sombras"},"content":{"rendered":"<p>El camino de cualquier concepto, una vez asentado y generalizado, es tortuoso y debe sortear cr\u00edticas, detractores y voces discordantes. Es l\u00f3gico y, hasta cierto punto, positivo.<\/p>\n<p>Como declara <a href=\"https:\/\/forbes.es\/actualidad\/181067\/como-los-esg-pueden-abordar-nuevos-e-importantes-vientos-en-contra\/\">Forbes en este art\u00edculo<\/a>\u00a0:\u00bbaunque los proveedores de calificaciones ESG pueden ofrecer perspectivas \u00fatiles sobre el impacto no financiero de las empresas, hay deficiencias sustanciales <strong>en sus objetivos, metodolog\u00edas e incentivos<\/strong> que hacen que sus evaluaciones finales sean menos \u00fatiles\u00bb.<\/p>\n<p>Adem\u00e1s del continuo debate jur\u00eddico sobre el prop\u00f3sito de una corporaci\u00f3n, existe una preocupaci\u00f3n creciente entre inversores acerca de los principios ESG, difusos e intangibles. En un panorama global delimitado por el rendimiento, es normal que el encaje de este concepto sea bien recibido por todos. Pero quiz\u00e1s esta mentalidad orientada a resultados tambi\u00e9n deba tener en cuenta el largo plazo, con una visi\u00f3n m\u00e1s amplia y completa del objeto social, como dice al final <a href=\"https:\/\/forbes.es\/author\/michael-peregrine\/\">MICHAEL PEREGRINE<\/a>, \u00absentirse c\u00f3modas avanzando\u00bb<\/p>\n","protected":false},"excerpt":{"rendered":"<p>El camino de cualquier concepto, una vez asentado y generalizado, es tortuoso y debe sortear cr\u00edticas, [&hellip;]<\/p>\n","protected":false},"author":1,"featured_media":3066,"comment_status":"open","ping_status":"open","sticky":false,"template":"","format":"standard","meta":{"footnotes":""},"categories":[2,119,118],"tags":[],"class_list":["post-3063","post","type-post","status-publish","format-standard","has-post-thumbnail","hentry","category-nuestros-articulos","category-geopolitica","category-gestion-de-riesgos"],"yoast_head":"<!-- This site is optimized with the Yoast SEO plugin v27.5 - https:\/\/yoast.com\/product\/yoast-seo-wordpress\/ -->\n<title>El futuro de los ESG: luces y sombras - Intelsynet<\/title>\n<meta name=\"robots\" content=\"index, follow, max-snippet:-1, max-image-preview:large, max-video-preview:-1\" \/>\n<link rel=\"canonical\" href=\"https:\/\/intelsynet.com\/el-futuro-de-los-esg-luces-y-sombras\/\" \/>\n<meta property=\"og:locale\" content=\"es_ES\" \/>\n<meta property=\"og:type\" content=\"article\" \/>\n<meta property=\"og:title\" content=\"El futuro de los ESG: luces y sombras - Intelsynet\" \/>\n<meta property=\"og:description\" content=\"El camino de cualquier concepto, una vez asentado y generalizado, es tortuoso y debe sortear cr\u00edticas, [&hellip;]\" \/>\n<meta property=\"og:url\" content=\"https:\/\/intelsynet.com\/el-futuro-de-los-esg-luces-y-sombras\/\" \/>\n<meta property=\"og:site_name\" content=\"Intelsynet\" \/>\n<meta property=\"article:published_time\" content=\"2022-09-01T11:26:19+00:00\" \/>\n<meta property=\"article:modified_time\" content=\"2022-10-10T09:23:36+00:00\" \/>\n<meta property=\"og:image\" content=\"https:\/\/intelsynet.com\/wp-content\/uploads\/2022\/09\/ESG_intelsynet.jpg\" \/>\n\t<meta property=\"og:image:width\" content=\"1200\" \/>\n\t<meta property=\"og:image:height\" content=\"740\" \/>\n\t<meta property=\"og:image:type\" content=\"image\/jpeg\" \/>\n<meta name=\"author\" content=\"produccion\" \/>\n<meta name=\"twitter:card\" content=\"summary_large_image\" \/>\n<meta name=\"twitter:label1\" content=\"Escrito por\" \/>\n\t<meta name=\"twitter:data1\" content=\"produccion\" \/>\n\t<meta name=\"twitter:label2\" content=\"Tiempo de lectura\" \/>\n\t<meta name=\"twitter:data2\" content=\"1 minuto\" \/>\n<script type=\"application\/ld+json\" class=\"yoast-schema-graph\">{\"@context\":\"https:\\\/\\\/schema.org\",\"@graph\":[{\"@type\":\"Article\",\"@id\":\"https:\\\/\\\/intelsynet.com\\\/el-futuro-de-los-esg-luces-y-sombras\\\/#article\",\"isPartOf\":{\"@id\":\"https:\\\/\\\/intelsynet.com\\\/el-futuro-de-los-esg-luces-y-sombras\\\/\"},\"author\":{\"name\":\"produccion\",\"@id\":\"https:\\\/\\\/intelsynet.com\\\/es\\\/#\\\/schema\\\/person\\\/62b4711a8de3423f0f1537cb5daa1748\"},\"headline\":\"El futuro de los ESG: luces y sombras\",\"datePublished\":\"2022-09-01T11:26:19+00:00\",\"dateModified\":\"2022-10-10T09:23:36+00:00\",\"mainEntityOfPage\":{\"@id\":\"https:\\\/\\\/intelsynet.com\\\/el-futuro-de-los-esg-luces-y-sombras\\\/\"},\"wordCount\":171,\"commentCount\":0,\"image\":{\"@id\":\"https:\\\/\\\/intelsynet.com\\\/el-futuro-de-los-esg-luces-y-sombras\\\/#primaryimage\"},\"thumbnailUrl\":\"https:\\\/\\\/intelsynet.com\\\/wp-content\\\/uploads\\\/2022\\\/09\\\/ESG_intelsynet.jpg\",\"articleSection\":[\"Art\u00edculos\",\"Geopol\u00edtica\",\"Gesti\u00f3n de riesgos\"],\"inLanguage\":\"es\",\"potentialAction\":[{\"@type\":\"CommentAction\",\"name\":\"Comment\",\"target\":[\"https:\\\/\\\/intelsynet.com\\\/el-futuro-de-los-esg-luces-y-sombras\\\/#respond\"]}]},{\"@type\":\"WebPage\",\"@id\":\"https:\\\/\\\/intelsynet.com\\\/el-futuro-de-los-esg-luces-y-sombras\\\/\",\"url\":\"https:\\\/\\\/intelsynet.com\\\/el-futuro-de-los-esg-luces-y-sombras\\\/\",\"name\":\"El futuro de los ESG: luces y sombras - Intelsynet\",\"isPartOf\":{\"@id\":\"https:\\\/\\\/intelsynet.com\\\/es\\\/#website\"},\"primaryImageOfPage\":{\"@id\":\"https:\\\/\\\/intelsynet.com\\\/el-futuro-de-los-esg-luces-y-sombras\\\/#primaryimage\"},\"image\":{\"@id\":\"https:\\\/\\\/intelsynet.com\\\/el-futuro-de-los-esg-luces-y-sombras\\\/#primaryimage\"},\"thumbnailUrl\":\"https:\\\/\\\/intelsynet.com\\\/wp-content\\\/uploads\\\/2022\\\/09\\\/ESG_intelsynet.jpg\",\"datePublished\":\"2022-09-01T11:26:19+00:00\",\"dateModified\":\"2022-10-10T09:23:36+00:00\",\"author\":{\"@id\":\"https:\\\/\\\/intelsynet.com\\\/es\\\/#\\\/schema\\\/person\\\/62b4711a8de3423f0f1537cb5daa1748\"},\"breadcrumb\":{\"@id\":\"https:\\\/\\\/intelsynet.com\\\/el-futuro-de-los-esg-luces-y-sombras\\\/#breadcrumb\"},\"inLanguage\":\"es\",\"potentialAction\":[{\"@type\":\"ReadAction\",\"target\":[\"https:\\\/\\\/intelsynet.com\\\/el-futuro-de-los-esg-luces-y-sombras\\\/\"]}]},{\"@type\":\"ImageObject\",\"inLanguage\":\"es\",\"@id\":\"https:\\\/\\\/intelsynet.com\\\/el-futuro-de-los-esg-luces-y-sombras\\\/#primaryimage\",\"url\":\"https:\\\/\\\/intelsynet.com\\\/wp-content\\\/uploads\\\/2022\\\/09\\\/ESG_intelsynet.jpg\",\"contentUrl\":\"https:\\\/\\\/intelsynet.com\\\/wp-content\\\/uploads\\\/2022\\\/09\\\/ESG_intelsynet.jpg\",\"width\":1200,\"height\":740},{\"@type\":\"BreadcrumbList\",\"@id\":\"https:\\\/\\\/intelsynet.com\\\/el-futuro-de-los-esg-luces-y-sombras\\\/#breadcrumb\",\"itemListElement\":[{\"@type\":\"ListItem\",\"position\":1,\"name\":\"Portada\",\"item\":\"https:\\\/\\\/intelsynet.com\\\/\"},{\"@type\":\"ListItem\",\"position\":2,\"name\":\"El futuro de los ESG: luces y sombras\"}]},{\"@type\":\"WebSite\",\"@id\":\"https:\\\/\\\/intelsynet.com\\\/es\\\/#website\",\"url\":\"https:\\\/\\\/intelsynet.com\\\/es\\\/\",\"name\":\"Intelsynet\",\"description\":\"Advisory Services\",\"potentialAction\":[{\"@type\":\"SearchAction\",\"target\":{\"@type\":\"EntryPoint\",\"urlTemplate\":\"https:\\\/\\\/intelsynet.com\\\/es\\\/?s={search_term_string}\"},\"query-input\":{\"@type\":\"PropertyValueSpecification\",\"valueRequired\":true,\"valueName\":\"search_term_string\"}}],\"inLanguage\":\"es\"},{\"@type\":\"Person\",\"@id\":\"https:\\\/\\\/intelsynet.com\\\/es\\\/#\\\/schema\\\/person\\\/62b4711a8de3423f0f1537cb5daa1748\",\"name\":\"produccion\",\"image\":{\"@type\":\"ImageObject\",\"inLanguage\":\"es\",\"@id\":\"https:\\\/\\\/secure.gravatar.com\\\/avatar\\\/bbda47eeca6a4d008c3cda344ed3cf00b82bd1a9f9fb41804c887c2ac269b8ec?s=96&d=mm&r=g\",\"url\":\"https:\\\/\\\/secure.gravatar.com\\\/avatar\\\/bbda47eeca6a4d008c3cda344ed3cf00b82bd1a9f9fb41804c887c2ac269b8ec?s=96&d=mm&r=g\",\"contentUrl\":\"https:\\\/\\\/secure.gravatar.com\\\/avatar\\\/bbda47eeca6a4d008c3cda344ed3cf00b82bd1a9f9fb41804c887c2ac269b8ec?s=96&d=mm&r=g\",\"caption\":\"produccion\"},\"url\":\"https:\\\/\\\/intelsynet.com\\\/es\\\/author\\\/produccion\\\/\"}]}<\/script>\n<!-- \/ Yoast SEO plugin. -->","yoast_head_json":{"title":"El futuro de los ESG: luces y sombras - Intelsynet","robots":{"index":"index","follow":"follow","max-snippet":"max-snippet:-1","max-image-preview":"max-image-preview:large","max-video-preview":"max-video-preview:-1"},"canonical":"https:\/\/intelsynet.com\/el-futuro-de-los-esg-luces-y-sombras\/","og_locale":"es_ES","og_type":"article","og_title":"El futuro de los ESG: luces y sombras - Intelsynet","og_description":"El camino de cualquier concepto, una vez asentado y generalizado, es tortuoso y debe sortear cr\u00edticas, [&hellip;]","og_url":"https:\/\/intelsynet.com\/el-futuro-de-los-esg-luces-y-sombras\/","og_site_name":"Intelsynet","article_published_time":"2022-09-01T11:26:19+00:00","article_modified_time":"2022-10-10T09:23:36+00:00","og_image":[{"width":1200,"height":740,"url":"https:\/\/intelsynet.com\/wp-content\/uploads\/2022\/09\/ESG_intelsynet.jpg","type":"image\/jpeg"}],"author":"produccion","twitter_card":"summary_large_image","twitter_misc":{"Escrito por":"produccion","Tiempo de lectura":"1 minuto"},"schema":{"@context":"https:\/\/schema.org","@graph":[{"@type":"Article","@id":"https:\/\/intelsynet.com\/el-futuro-de-los-esg-luces-y-sombras\/#article","isPartOf":{"@id":"https:\/\/intelsynet.com\/el-futuro-de-los-esg-luces-y-sombras\/"},"author":{"name":"produccion","@id":"https:\/\/intelsynet.com\/es\/#\/schema\/person\/62b4711a8de3423f0f1537cb5daa1748"},"headline":"El futuro de los ESG: luces y sombras","datePublished":"2022-09-01T11:26:19+00:00","dateModified":"2022-10-10T09:23:36+00:00","mainEntityOfPage":{"@id":"https:\/\/intelsynet.com\/el-futuro-de-los-esg-luces-y-sombras\/"},"wordCount":171,"commentCount":0,"image":{"@id":"https:\/\/intelsynet.com\/el-futuro-de-los-esg-luces-y-sombras\/#primaryimage"},"thumbnailUrl":"https:\/\/intelsynet.com\/wp-content\/uploads\/2022\/09\/ESG_intelsynet.jpg","articleSection":["Art\u00edculos","Geopol\u00edtica","Gesti\u00f3n de riesgos"],"inLanguage":"es","potentialAction":[{"@type":"CommentAction","name":"Comment","target":["https:\/\/intelsynet.com\/el-futuro-de-los-esg-luces-y-sombras\/#respond"]}]},{"@type":"WebPage","@id":"https:\/\/intelsynet.com\/el-futuro-de-los-esg-luces-y-sombras\/","url":"https:\/\/intelsynet.com\/el-futuro-de-los-esg-luces-y-sombras\/","name":"El futuro de los ESG: luces y sombras - Intelsynet","isPartOf":{"@id":"https:\/\/intelsynet.com\/es\/#website"},"primaryImageOfPage":{"@id":"https:\/\/intelsynet.com\/el-futuro-de-los-esg-luces-y-sombras\/#primaryimage"},"image":{"@id":"https:\/\/intelsynet.com\/el-futuro-de-los-esg-luces-y-sombras\/#primaryimage"},"thumbnailUrl":"https:\/\/intelsynet.com\/wp-content\/uploads\/2022\/09\/ESG_intelsynet.jpg","datePublished":"2022-09-01T11:26:19+00:00","dateModified":"2022-10-10T09:23:36+00:00","author":{"@id":"https:\/\/intelsynet.com\/es\/#\/schema\/person\/62b4711a8de3423f0f1537cb5daa1748"},"breadcrumb":{"@id":"https:\/\/intelsynet.com\/el-futuro-de-los-esg-luces-y-sombras\/#breadcrumb"},"inLanguage":"es","potentialAction":[{"@type":"ReadAction","target":["https:\/\/intelsynet.com\/el-futuro-de-los-esg-luces-y-sombras\/"]}]},{"@type":"ImageObject","inLanguage":"es","@id":"https:\/\/intelsynet.com\/el-futuro-de-los-esg-luces-y-sombras\/#primaryimage","url":"https:\/\/intelsynet.com\/wp-content\/uploads\/2022\/09\/ESG_intelsynet.jpg","contentUrl":"https:\/\/intelsynet.com\/wp-content\/uploads\/2022\/09\/ESG_intelsynet.jpg","width":1200,"height":740},{"@type":"BreadcrumbList","@id":"https:\/\/intelsynet.com\/el-futuro-de-los-esg-luces-y-sombras\/#breadcrumb","itemListElement":[{"@type":"ListItem","position":1,"name":"Portada","item":"https:\/\/intelsynet.com\/"},{"@type":"ListItem","position":2,"name":"El futuro de los ESG: luces y sombras"}]},{"@type":"WebSite","@id":"https:\/\/intelsynet.com\/es\/#website","url":"https:\/\/intelsynet.com\/es\/","name":"Intelsynet","description":"Advisory Services","potentialAction":[{"@type":"SearchAction","target":{"@type":"EntryPoint","urlTemplate":"https:\/\/intelsynet.com\/es\/?s={search_term_string}"},"query-input":{"@type":"PropertyValueSpecification","valueRequired":true,"valueName":"search_term_string"}}],"inLanguage":"es"},{"@type":"Person","@id":"https:\/\/intelsynet.com\/es\/#\/schema\/person\/62b4711a8de3423f0f1537cb5daa1748","name":"produccion","image":{"@type":"ImageObject","inLanguage":"es","@id":"https:\/\/secure.gravatar.com\/avatar\/bbda47eeca6a4d008c3cda344ed3cf00b82bd1a9f9fb41804c887c2ac269b8ec?s=96&d=mm&r=g","url":"https:\/\/secure.gravatar.com\/avatar\/bbda47eeca6a4d008c3cda344ed3cf00b82bd1a9f9fb41804c887c2ac269b8ec?s=96&d=mm&r=g","contentUrl":"https:\/\/secure.gravatar.com\/avatar\/bbda47eeca6a4d008c3cda344ed3cf00b82bd1a9f9fb41804c887c2ac269b8ec?s=96&d=mm&r=g","caption":"produccion"},"url":"https:\/\/intelsynet.com\/es\/author\/produccion\/"}]}},"_links":{"self":[{"href":"https:\/\/intelsynet.com\/es\/wp-json\/wp\/v2\/posts\/3063","targetHints":{"allow":["GET"]}}],"collection":[{"href":"https:\/\/intelsynet.com\/es\/wp-json\/wp\/v2\/posts"}],"about":[{"href":"https:\/\/intelsynet.com\/es\/wp-json\/wp\/v2\/types\/post"}],"author":[{"embeddable":true,"href":"https:\/\/intelsynet.com\/es\/wp-json\/wp\/v2\/users\/1"}],"replies":[{"embeddable":true,"href":"https:\/\/intelsynet.com\/es\/wp-json\/wp\/v2\/comments?post=3063"}],"version-history":[{"count":1,"href":"https:\/\/intelsynet.com\/es\/wp-json\/wp\/v2\/posts\/3063\/revisions"}],"predecessor-version":[{"id":3065,"href":"https:\/\/intelsynet.com\/es\/wp-json\/wp\/v2\/posts\/3063\/revisions\/3065"}],"wp:featuredmedia":[{"embeddable":true,"href":"https:\/\/intelsynet.com\/es\/wp-json\/wp\/v2\/media\/3066"}],"wp:attachment":[{"href":"https:\/\/intelsynet.com\/es\/wp-json\/wp\/v2\/media?parent=3063"}],"wp:term":[{"taxonomy":"category","embeddable":true,"href":"https:\/\/intelsynet.com\/es\/wp-json\/wp\/v2\/categories?post=3063"},{"taxonomy":"post_tag","embeddable":true,"href":"https:\/\/intelsynet.com\/es\/wp-json\/wp\/v2\/tags?post=3063"}],"curies":[{"name":"wp","href":"https:\/\/api.w.org\/{rel}","templated":true}]}}