{"id":2981,"date":"2022-02-09T10:32:30","date_gmt":"2022-02-09T10:32:30","guid":{"rendered":"https:\/\/intelsynet.com\/?p=2981"},"modified":"2022-03-08T11:06:29","modified_gmt":"2022-03-08T11:06:29","slug":"el-61-del-ibex-incluye-a-su-responsable-de-esg-en-su-comite-de-direccion","status":"publish","type":"post","link":"https:\/\/intelsynet.com\/es\/el-61-del-ibex-incluye-a-su-responsable-de-esg-en-su-comite-de-direccion\/","title":{"rendered":"El 61% del Ibex incluye a su responsable de ESG en su comit\u00e9 de direcci\u00f3n"},"content":{"rendered":"<div class=\"fusion-fullwidth fullwidth-box fusion-builder-row-1 nonhundred-percent-fullwidth non-hundred-percent-height-scrolling\" style=\"background-color: rgba(255,255,255,0);background-position: center center;background-repeat: no-repeat;padding-top:0px;padding-right:0px;padding-bottom:0px;padding-left:0px;margin-bottom: 0px;margin-top: 0px;border-width: 0px 0px 0px 0px;border-color:rgba(97,158,133,0);border-style:solid;\" ><div class=\"fusion-builder-row fusion-row\"><div class=\"fusion-layout-column fusion_builder_column fusion-builder-column-0 fusion_builder_column_1_1 1_1 fusion-one-full fusion-column-first fusion-column-last\" style=\"margin-top:0px;margin-bottom:0px;\"><div class=\"fusion-column-wrapper fusion-flex-column-wrapper-legacy\" style=\"background-position:left top;background-repeat:no-repeat;-webkit-background-size:cover;-moz-background-size:cover;-o-background-size:cover;background-size:cover;padding: 0px 0px 0px 0px;\"><div class=\"fusion-text fusion-text-1\"><div class=\"innerArticle__opening landscapePhotoRight\">\n<header class=\"landscapePhotoRight__titleSide\">Ola o\u00a0<i>tsunami<\/i>, lo cierto es que la sostenibilidad ya ha calado en el d\u00eda a d\u00eda de las compa\u00f1\u00edas a nivel global, y empapa particularmente a las del Viejo Continente. La presi\u00f3n ejercida por la Comisi\u00f3n Europea con su Plan de Finanzas sostenibles -cuyo objetivo es canalizar los capitales hacia inversiones que cumplan\u00a0<b>criterios ambientales, sociales y de gobernanza<\/b>&#8211; ha sido fundamental en este proceso.<i><\/i>En Espa\u00f1a, las empresas no han tenido m\u00e1s remedio que\u00a0<b>modificar sus estructuras<\/b>\u00a0para dar cabida a las cuestiones ESG, o para ampliar su presencia, dentro de sus organigramas. Dotar a la sostenibilidad de una entidad propia implica asignarle recursos econ\u00f3micos, humanos y pol\u00edticos, y no todas lo han hecho de la misma forma. Algunas cotizadas han optado por dedicarle un departamento espec\u00edfico, con cargos como el de Directora general de Sostenibilidad (lo es Mar\u00eda Malaxechevarr\u00eda en\u00a0Endesa) o de Responsable global de Sostenibilidad (como Javier Rodr\u00edguez en\u00a0BBVA), por poner un par de ejemplos.<\/p>\n<\/header>\n<\/div>\n<\/div><div class=\"fusion-sep-clear\"><\/div><div class=\"fusion-separator fusion-full-width-sep\" style=\"margin-left: auto;margin-right: auto;margin-top:20px;margin-bottom:20px;width:100%;\"><\/div><div class=\"fusion-sep-clear\"><\/div><div class=\"fusion-align-block\"><style>.fusion-button.button-1 .fusion-button-text{color:#333333;text-transform:none;}.fusion-button.button-1 i{color:#333333;}.fusion-button.button-1{border-color:#2b2b2b;border-radius:2px 2px 2px 2px;background:rgba(144,201,232,0);background-image:linear-gradient(180deg,rgba(144,201,232,0) 0%,rgba(90,171,214,0) 100%);}.fusion-button.button-1:hover .fusion-button-text,.fusion-button.button-1:hover i,.fusion-button.button-1:focus .fusion-button-text,.fusion-button.button-1:focus i,.fusion-button.button-1:active .fusion-button-text,.fusion-button.button-1:active i{color:#03a9f4;}.fusion-button.button-1:hover,.fusion-button.button-1:active,.fusion-button.button-1:focus{border-color:#03a9f4;background:rgba(90,171,214,0);background-image:linear-gradient(180deg,rgba(90,171,214,0) 0%,rgba(144,201,232,0) 100%);}<\/style><a class=\"fusion-button button-flat fusion-button-default-size button-custom button-1 fusion-button-span-yes fusion-button-default-type\" target=\"_blank\" rel=\"noopener noreferrer\" href=\"https:\/\/www.eleconomista.es\/inversion-sostenible-asg\/noticias\/11625544\/02\/22\/El-61-del-Ibex-incluye-a-su-responsable-de-ESG-en-su-comite-de-direccion.html\"><span class=\"fusion-button-text\">Leer art\u00edculo completo<\/span><\/a><\/div><div class=\"fusion-clearfix\"><\/div><\/div><\/div><\/div><\/div>\n","protected":false},"excerpt":{"rendered":"","protected":false},"author":1,"featured_media":2983,"comment_status":"open","ping_status":"open","sticky":false,"template":"","format":"standard","meta":{"footnotes":""},"categories":[2],"tags":[],"class_list":["post-2981","post","type-post","status-publish","format-standard","has-post-thumbnail","hentry","category-nuestros-articulos"],"yoast_head":"<!-- This site is optimized with the Yoast SEO plugin v27.5 - https:\/\/yoast.com\/product\/yoast-seo-wordpress\/ -->\n<title>El 61% del Ibex incluye a ESG en su comit\u00e9 de direcci\u00f3n - Intelsynet<\/title>\n<meta name=\"description\" content=\"El 61% del Ibex incluye a su responsable de ESG en su comit\u00e9 de direcci\u00f3n. El 61% del Ibex incluye a ESG en su comit\u00e9 de direcci\u00f3n\" \/>\n<meta name=\"robots\" content=\"index, follow, max-snippet:-1, max-image-preview:large, max-video-preview:-1\" \/>\n<link rel=\"canonical\" href=\"https:\/\/intelsynet.com\/el-61-del-ibex-incluye-a-su-responsable-de-esg-en-su-comite-de-direccion\/\" \/>\n<meta property=\"og:locale\" content=\"es_ES\" \/>\n<meta property=\"og:type\" content=\"article\" \/>\n<meta property=\"og:title\" content=\"El 61% del Ibex incluye a ESG en su comit\u00e9 de direcci\u00f3n - Intelsynet\" \/>\n<meta property=\"og:description\" content=\"El 61% del Ibex incluye a su responsable de ESG en su comit\u00e9 de direcci\u00f3n. El 61% del Ibex incluye a ESG en su comit\u00e9 de direcci\u00f3n\" \/>\n<meta property=\"og:url\" content=\"https:\/\/intelsynet.com\/el-61-del-ibex-incluye-a-su-responsable-de-esg-en-su-comite-de-direccion\/\" \/>\n<meta property=\"og:site_name\" content=\"Intelsynet\" \/>\n<meta property=\"article:published_time\" content=\"2022-02-09T10:32:30+00:00\" \/>\n<meta property=\"article:modified_time\" content=\"2022-03-08T11:06:29+00:00\" \/>\n<meta property=\"og:image\" content=\"https:\/\/intelsynet.com\/wp-content\/uploads\/2022\/03\/comite-empresa-detective-privado-e1646735524665.jpg\" \/>\n\t<meta property=\"og:image:width\" content=\"1600\" \/>\n\t<meta property=\"og:image:height\" content=\"988\" \/>\n\t<meta property=\"og:image:type\" content=\"image\/jpeg\" \/>\n<meta name=\"author\" content=\"produccion\" \/>\n<meta name=\"twitter:card\" content=\"summary_large_image\" \/>\n<meta name=\"twitter:label1\" content=\"Escrito por\" \/>\n\t<meta name=\"twitter:data1\" content=\"produccion\" \/>\n\t<meta name=\"twitter:label2\" content=\"Tiempo de lectura\" \/>\n\t<meta name=\"twitter:data2\" content=\"3 minutos\" \/>\n<script type=\"application\/ld+json\" class=\"yoast-schema-graph\">{\"@context\":\"https:\\\/\\\/schema.org\",\"@graph\":[{\"@type\":\"Article\",\"@id\":\"https:\\\/\\\/intelsynet.com\\\/el-61-del-ibex-incluye-a-su-responsable-de-esg-en-su-comite-de-direccion\\\/#article\",\"isPartOf\":{\"@id\":\"https:\\\/\\\/intelsynet.com\\\/el-61-del-ibex-incluye-a-su-responsable-de-esg-en-su-comite-de-direccion\\\/\"},\"author\":{\"name\":\"produccion\",\"@id\":\"https:\\\/\\\/intelsynet.com\\\/es\\\/#\\\/schema\\\/person\\\/62b4711a8de3423f0f1537cb5daa1748\"},\"headline\":\"El 61% del Ibex incluye a su responsable de ESG en su comit\u00e9 de direcci\u00f3n\",\"datePublished\":\"2022-02-09T10:32:30+00:00\",\"dateModified\":\"2022-03-08T11:06:29+00:00\",\"mainEntityOfPage\":{\"@id\":\"https:\\\/\\\/intelsynet.com\\\/el-61-del-ibex-incluye-a-su-responsable-de-esg-en-su-comite-de-direccion\\\/\"},\"wordCount\":563,\"commentCount\":0,\"image\":{\"@id\":\"https:\\\/\\\/intelsynet.com\\\/el-61-del-ibex-incluye-a-su-responsable-de-esg-en-su-comite-de-direccion\\\/#primaryimage\"},\"thumbnailUrl\":\"https:\\\/\\\/intelsynet.com\\\/wp-content\\\/uploads\\\/2022\\\/03\\\/comite-empresa-detective-privado-e1646735524665.jpg\",\"articleSection\":[\"Art\u00edculos\"],\"inLanguage\":\"es\",\"potentialAction\":[{\"@type\":\"CommentAction\",\"name\":\"Comment\",\"target\":[\"https:\\\/\\\/intelsynet.com\\\/el-61-del-ibex-incluye-a-su-responsable-de-esg-en-su-comite-de-direccion\\\/#respond\"]}]},{\"@type\":\"WebPage\",\"@id\":\"https:\\\/\\\/intelsynet.com\\\/el-61-del-ibex-incluye-a-su-responsable-de-esg-en-su-comite-de-direccion\\\/\",\"url\":\"https:\\\/\\\/intelsynet.com\\\/el-61-del-ibex-incluye-a-su-responsable-de-esg-en-su-comite-de-direccion\\\/\",\"name\":\"El 61% del Ibex incluye a ESG en su comit\u00e9 de direcci\u00f3n - Intelsynet\",\"isPartOf\":{\"@id\":\"https:\\\/\\\/intelsynet.com\\\/es\\\/#website\"},\"primaryImageOfPage\":{\"@id\":\"https:\\\/\\\/intelsynet.com\\\/el-61-del-ibex-incluye-a-su-responsable-de-esg-en-su-comite-de-direccion\\\/#primaryimage\"},\"image\":{\"@id\":\"https:\\\/\\\/intelsynet.com\\\/el-61-del-ibex-incluye-a-su-responsable-de-esg-en-su-comite-de-direccion\\\/#primaryimage\"},\"thumbnailUrl\":\"https:\\\/\\\/intelsynet.com\\\/wp-content\\\/uploads\\\/2022\\\/03\\\/comite-empresa-detective-privado-e1646735524665.jpg\",\"datePublished\":\"2022-02-09T10:32:30+00:00\",\"dateModified\":\"2022-03-08T11:06:29+00:00\",\"author\":{\"@id\":\"https:\\\/\\\/intelsynet.com\\\/es\\\/#\\\/schema\\\/person\\\/62b4711a8de3423f0f1537cb5daa1748\"},\"description\":\"El 61% del Ibex incluye a su responsable de ESG en su comit\u00e9 de direcci\u00f3n. El 61% del Ibex incluye a ESG en su comit\u00e9 de direcci\u00f3n\",\"breadcrumb\":{\"@id\":\"https:\\\/\\\/intelsynet.com\\\/el-61-del-ibex-incluye-a-su-responsable-de-esg-en-su-comite-de-direccion\\\/#breadcrumb\"},\"inLanguage\":\"es\",\"potentialAction\":[{\"@type\":\"ReadAction\",\"target\":[\"https:\\\/\\\/intelsynet.com\\\/el-61-del-ibex-incluye-a-su-responsable-de-esg-en-su-comite-de-direccion\\\/\"]}]},{\"@type\":\"ImageObject\",\"inLanguage\":\"es\",\"@id\":\"https:\\\/\\\/intelsynet.com\\\/el-61-del-ibex-incluye-a-su-responsable-de-esg-en-su-comite-de-direccion\\\/#primaryimage\",\"url\":\"https:\\\/\\\/intelsynet.com\\\/wp-content\\\/uploads\\\/2022\\\/03\\\/comite-empresa-detective-privado-e1646735524665.jpg\",\"contentUrl\":\"https:\\\/\\\/intelsynet.com\\\/wp-content\\\/uploads\\\/2022\\\/03\\\/comite-empresa-detective-privado-e1646735524665.jpg\",\"width\":1600,\"height\":988},{\"@type\":\"BreadcrumbList\",\"@id\":\"https:\\\/\\\/intelsynet.com\\\/el-61-del-ibex-incluye-a-su-responsable-de-esg-en-su-comite-de-direccion\\\/#breadcrumb\",\"itemListElement\":[{\"@type\":\"ListItem\",\"position\":1,\"name\":\"Portada\",\"item\":\"https:\\\/\\\/intelsynet.com\\\/\"},{\"@type\":\"ListItem\",\"position\":2,\"name\":\"El 61% del Ibex incluye a su responsable de ESG en su comit\u00e9 de direcci\u00f3n\"}]},{\"@type\":\"WebSite\",\"@id\":\"https:\\\/\\\/intelsynet.com\\\/es\\\/#website\",\"url\":\"https:\\\/\\\/intelsynet.com\\\/es\\\/\",\"name\":\"Intelsynet\",\"description\":\"Advisory Services\",\"potentialAction\":[{\"@type\":\"SearchAction\",\"target\":{\"@type\":\"EntryPoint\",\"urlTemplate\":\"https:\\\/\\\/intelsynet.com\\\/es\\\/?s={search_term_string}\"},\"query-input\":{\"@type\":\"PropertyValueSpecification\",\"valueRequired\":true,\"valueName\":\"search_term_string\"}}],\"inLanguage\":\"es\"},{\"@type\":\"Person\",\"@id\":\"https:\\\/\\\/intelsynet.com\\\/es\\\/#\\\/schema\\\/person\\\/62b4711a8de3423f0f1537cb5daa1748\",\"name\":\"produccion\",\"image\":{\"@type\":\"ImageObject\",\"inLanguage\":\"es\",\"@id\":\"https:\\\/\\\/secure.gravatar.com\\\/avatar\\\/bbda47eeca6a4d008c3cda344ed3cf00b82bd1a9f9fb41804c887c2ac269b8ec?s=96&d=mm&r=g\",\"url\":\"https:\\\/\\\/secure.gravatar.com\\\/avatar\\\/bbda47eeca6a4d008c3cda344ed3cf00b82bd1a9f9fb41804c887c2ac269b8ec?s=96&d=mm&r=g\",\"contentUrl\":\"https:\\\/\\\/secure.gravatar.com\\\/avatar\\\/bbda47eeca6a4d008c3cda344ed3cf00b82bd1a9f9fb41804c887c2ac269b8ec?s=96&d=mm&r=g\",\"caption\":\"produccion\"},\"url\":\"https:\\\/\\\/intelsynet.com\\\/es\\\/author\\\/produccion\\\/\"}]}<\/script>\n<!-- \/ Yoast SEO plugin. -->","yoast_head_json":{"title":"El 61% del Ibex incluye a ESG en su comit\u00e9 de direcci\u00f3n - Intelsynet","description":"El 61% del Ibex incluye a su responsable de ESG en su comit\u00e9 de direcci\u00f3n. El 61% del Ibex incluye a ESG en su comit\u00e9 de direcci\u00f3n","robots":{"index":"index","follow":"follow","max-snippet":"max-snippet:-1","max-image-preview":"max-image-preview:large","max-video-preview":"max-video-preview:-1"},"canonical":"https:\/\/intelsynet.com\/el-61-del-ibex-incluye-a-su-responsable-de-esg-en-su-comite-de-direccion\/","og_locale":"es_ES","og_type":"article","og_title":"El 61% del Ibex incluye a ESG en su comit\u00e9 de direcci\u00f3n - Intelsynet","og_description":"El 61% del Ibex incluye a su responsable de ESG en su comit\u00e9 de direcci\u00f3n. El 61% del Ibex incluye a ESG en su comit\u00e9 de direcci\u00f3n","og_url":"https:\/\/intelsynet.com\/el-61-del-ibex-incluye-a-su-responsable-de-esg-en-su-comite-de-direccion\/","og_site_name":"Intelsynet","article_published_time":"2022-02-09T10:32:30+00:00","article_modified_time":"2022-03-08T11:06:29+00:00","og_image":[{"width":1600,"height":988,"url":"https:\/\/intelsynet.com\/wp-content\/uploads\/2022\/03\/comite-empresa-detective-privado-e1646735524665.jpg","type":"image\/jpeg"}],"author":"produccion","twitter_card":"summary_large_image","twitter_misc":{"Escrito por":"produccion","Tiempo de lectura":"3 minutos"},"schema":{"@context":"https:\/\/schema.org","@graph":[{"@type":"Article","@id":"https:\/\/intelsynet.com\/el-61-del-ibex-incluye-a-su-responsable-de-esg-en-su-comite-de-direccion\/#article","isPartOf":{"@id":"https:\/\/intelsynet.com\/el-61-del-ibex-incluye-a-su-responsable-de-esg-en-su-comite-de-direccion\/"},"author":{"name":"produccion","@id":"https:\/\/intelsynet.com\/es\/#\/schema\/person\/62b4711a8de3423f0f1537cb5daa1748"},"headline":"El 61% del Ibex incluye a su responsable de ESG en su comit\u00e9 de direcci\u00f3n","datePublished":"2022-02-09T10:32:30+00:00","dateModified":"2022-03-08T11:06:29+00:00","mainEntityOfPage":{"@id":"https:\/\/intelsynet.com\/el-61-del-ibex-incluye-a-su-responsable-de-esg-en-su-comite-de-direccion\/"},"wordCount":563,"commentCount":0,"image":{"@id":"https:\/\/intelsynet.com\/el-61-del-ibex-incluye-a-su-responsable-de-esg-en-su-comite-de-direccion\/#primaryimage"},"thumbnailUrl":"https:\/\/intelsynet.com\/wp-content\/uploads\/2022\/03\/comite-empresa-detective-privado-e1646735524665.jpg","articleSection":["Art\u00edculos"],"inLanguage":"es","potentialAction":[{"@type":"CommentAction","name":"Comment","target":["https:\/\/intelsynet.com\/el-61-del-ibex-incluye-a-su-responsable-de-esg-en-su-comite-de-direccion\/#respond"]}]},{"@type":"WebPage","@id":"https:\/\/intelsynet.com\/el-61-del-ibex-incluye-a-su-responsable-de-esg-en-su-comite-de-direccion\/","url":"https:\/\/intelsynet.com\/el-61-del-ibex-incluye-a-su-responsable-de-esg-en-su-comite-de-direccion\/","name":"El 61% del Ibex incluye a ESG en su comit\u00e9 de direcci\u00f3n - Intelsynet","isPartOf":{"@id":"https:\/\/intelsynet.com\/es\/#website"},"primaryImageOfPage":{"@id":"https:\/\/intelsynet.com\/el-61-del-ibex-incluye-a-su-responsable-de-esg-en-su-comite-de-direccion\/#primaryimage"},"image":{"@id":"https:\/\/intelsynet.com\/el-61-del-ibex-incluye-a-su-responsable-de-esg-en-su-comite-de-direccion\/#primaryimage"},"thumbnailUrl":"https:\/\/intelsynet.com\/wp-content\/uploads\/2022\/03\/comite-empresa-detective-privado-e1646735524665.jpg","datePublished":"2022-02-09T10:32:30+00:00","dateModified":"2022-03-08T11:06:29+00:00","author":{"@id":"https:\/\/intelsynet.com\/es\/#\/schema\/person\/62b4711a8de3423f0f1537cb5daa1748"},"description":"El 61% del Ibex incluye a su responsable de ESG en su comit\u00e9 de direcci\u00f3n. El 61% del Ibex incluye a ESG en su comit\u00e9 de direcci\u00f3n","breadcrumb":{"@id":"https:\/\/intelsynet.com\/el-61-del-ibex-incluye-a-su-responsable-de-esg-en-su-comite-de-direccion\/#breadcrumb"},"inLanguage":"es","potentialAction":[{"@type":"ReadAction","target":["https:\/\/intelsynet.com\/el-61-del-ibex-incluye-a-su-responsable-de-esg-en-su-comite-de-direccion\/"]}]},{"@type":"ImageObject","inLanguage":"es","@id":"https:\/\/intelsynet.com\/el-61-del-ibex-incluye-a-su-responsable-de-esg-en-su-comite-de-direccion\/#primaryimage","url":"https:\/\/intelsynet.com\/wp-content\/uploads\/2022\/03\/comite-empresa-detective-privado-e1646735524665.jpg","contentUrl":"https:\/\/intelsynet.com\/wp-content\/uploads\/2022\/03\/comite-empresa-detective-privado-e1646735524665.jpg","width":1600,"height":988},{"@type":"BreadcrumbList","@id":"https:\/\/intelsynet.com\/el-61-del-ibex-incluye-a-su-responsable-de-esg-en-su-comite-de-direccion\/#breadcrumb","itemListElement":[{"@type":"ListItem","position":1,"name":"Portada","item":"https:\/\/intelsynet.com\/"},{"@type":"ListItem","position":2,"name":"El 61% del Ibex incluye a su responsable de ESG en su comit\u00e9 de direcci\u00f3n"}]},{"@type":"WebSite","@id":"https:\/\/intelsynet.com\/es\/#website","url":"https:\/\/intelsynet.com\/es\/","name":"Intelsynet","description":"Advisory Services","potentialAction":[{"@type":"SearchAction","target":{"@type":"EntryPoint","urlTemplate":"https:\/\/intelsynet.com\/es\/?s={search_term_string}"},"query-input":{"@type":"PropertyValueSpecification","valueRequired":true,"valueName":"search_term_string"}}],"inLanguage":"es"},{"@type":"Person","@id":"https:\/\/intelsynet.com\/es\/#\/schema\/person\/62b4711a8de3423f0f1537cb5daa1748","name":"produccion","image":{"@type":"ImageObject","inLanguage":"es","@id":"https:\/\/secure.gravatar.com\/avatar\/bbda47eeca6a4d008c3cda344ed3cf00b82bd1a9f9fb41804c887c2ac269b8ec?s=96&d=mm&r=g","url":"https:\/\/secure.gravatar.com\/avatar\/bbda47eeca6a4d008c3cda344ed3cf00b82bd1a9f9fb41804c887c2ac269b8ec?s=96&d=mm&r=g","contentUrl":"https:\/\/secure.gravatar.com\/avatar\/bbda47eeca6a4d008c3cda344ed3cf00b82bd1a9f9fb41804c887c2ac269b8ec?s=96&d=mm&r=g","caption":"produccion"},"url":"https:\/\/intelsynet.com\/es\/author\/produccion\/"}]}},"_links":{"self":[{"href":"https:\/\/intelsynet.com\/es\/wp-json\/wp\/v2\/posts\/2981","targetHints":{"allow":["GET"]}}],"collection":[{"href":"https:\/\/intelsynet.com\/es\/wp-json\/wp\/v2\/posts"}],"about":[{"href":"https:\/\/intelsynet.com\/es\/wp-json\/wp\/v2\/types\/post"}],"author":[{"embeddable":true,"href":"https:\/\/intelsynet.com\/es\/wp-json\/wp\/v2\/users\/1"}],"replies":[{"embeddable":true,"href":"https:\/\/intelsynet.com\/es\/wp-json\/wp\/v2\/comments?post=2981"}],"version-history":[{"count":2,"href":"https:\/\/intelsynet.com\/es\/wp-json\/wp\/v2\/posts\/2981\/revisions"}],"predecessor-version":[{"id":2995,"href":"https:\/\/intelsynet.com\/es\/wp-json\/wp\/v2\/posts\/2981\/revisions\/2995"}],"wp:featuredmedia":[{"embeddable":true,"href":"https:\/\/intelsynet.com\/es\/wp-json\/wp\/v2\/media\/2983"}],"wp:attachment":[{"href":"https:\/\/intelsynet.com\/es\/wp-json\/wp\/v2\/media?parent=2981"}],"wp:term":[{"taxonomy":"category","embeddable":true,"href":"https:\/\/intelsynet.com\/es\/wp-json\/wp\/v2\/categories?post=2981"},{"taxonomy":"post_tag","embeddable":true,"href":"https:\/\/intelsynet.com\/es\/wp-json\/wp\/v2\/tags?post=2981"}],"curies":[{"name":"wp","href":"https:\/\/api.w.org\/{rel}","templated":true}]}}