{"id":2954,"date":"2022-02-04T11:56:23","date_gmt":"2022-02-04T11:56:23","guid":{"rendered":"https:\/\/intelsynet.com\/?p=2954"},"modified":"2025-12-15T11:06:58","modified_gmt":"2025-12-15T11:06:58","slug":"asi-va-la-transicion-verde-en-espana-con-el-plan-de-recuperacion-europeo","status":"publish","type":"post","link":"https:\/\/intelsynet.com\/es\/asi-va-la-transicion-verde-en-espana-con-el-plan-de-recuperacion-europeo\/","title":{"rendered":"As\u00ed va la transici\u00f3n verde en Espa\u00f1a con el Plan de Recuperaci\u00f3n europeo"},"content":{"rendered":"<div class=\"fusion-fullwidth fullwidth-box fusion-builder-row-1 nonhundred-percent-fullwidth non-hundred-percent-height-scrolling\" style=\"background-color: rgba(255,255,255,0);background-position: center center;background-repeat: no-repeat;padding-top:0px;padding-right:0px;padding-bottom:0px;padding-left:0px;margin-bottom: 0px;margin-top: 0px;border-width: 0px 0px 0px 0px;border-color:rgba(97,158,133,0);border-style:solid;\" ><div class=\"fusion-builder-row fusion-row\"><div class=\"fusion-layout-column fusion_builder_column fusion-builder-column-0 fusion_builder_column_1_1 1_1 fusion-one-full fusion-column-first fusion-column-last\" style=\"margin-top:0px;margin-bottom:0px;\"><div class=\"fusion-column-wrapper fusion-flex-column-wrapper-legacy\" style=\"background-position:left top;background-repeat:no-repeat;-webkit-background-size:cover;-moz-background-size:cover;-o-background-size:cover;background-size:cover;padding: 0px 0px 0px 0px;\"><div class=\"fusion-text fusion-text-1\"><div class=\"innerArticle__opening landscapePhotoRight\">\n<header class=\"landscapePhotoRight__titleSide\">\n<p class=\"ue-c-article__standfirst\">El 40% de los fondos europeos se destinar\u00e1 a acelerar la descarbonizaci\u00f3n de la econom\u00eda y el despliegue de energ\u00edas renovables. \u00bfQu\u00e9 se ha hecho hasta ahora?<\/p>\n<p>La transici\u00f3n ecol\u00f3gica es el pilar principal del plan de recuperaci\u00f3n espa\u00f1ol. De los 69.528 millones de euros que el Gobierno recibir\u00e1 de la Uni\u00f3n Europea a fondo perdido, un 40,29%, es decir, algo m\u00e1s de 28.000 millones, se destinar\u00e1n principalmen<\/p>\n<\/header>\n<\/div>\n<\/div><div class=\"fusion-sep-clear\"><\/div><div class=\"fusion-separator fusion-full-width-sep\" style=\"margin-left: auto;margin-right: auto;margin-top:20px;margin-bottom:20px;width:100%;\"><\/div><div class=\"fusion-sep-clear\"><\/div><div class=\"fusion-align-block\"><style>.fusion-button.button-1 .fusion-button-text{color:#333333;text-transform:none;}.fusion-button.button-1 i{color:#333333;}.fusion-button.button-1{border-color:#2b2b2b;border-radius:2px 2px 2px 2px;background:rgba(144,201,232,0);background-image:linear-gradient(180deg,rgba(144,201,232,0) 0%,rgba(90,171,214,0) 100%);}.fusion-button.button-1:hover .fusion-button-text,.fusion-button.button-1:hover i,.fusion-button.button-1:focus .fusion-button-text,.fusion-button.button-1:focus i,.fusion-button.button-1:active .fusion-button-text,.fusion-button.button-1:active i{color:#03a9f4;}.fusion-button.button-1:hover,.fusion-button.button-1:active,.fusion-button.button-1:focus{border-color:#03a9f4;background:rgba(90,171,214,0);background-image:linear-gradient(180deg,rgba(90,171,214,0) 0%,rgba(144,201,232,0) 100%);}<\/style><a class=\"fusion-button button-flat fusion-button-default-size button-custom button-1 fusion-button-span-yes fusion-button-default-type\" target=\"_blank\" rel=\"noopener noreferrer\" href=\"https:\/\/www.expansion.com\/economia-sostenible\/2022\/02\/01\/61f98446468aeb3c6f8b45b7.html\"><span class=\"fusion-button-text\">Leer art\u00edculo completo<\/span><\/a><\/div><div class=\"fusion-clearfix\"><\/div><\/div><\/div><\/div><\/div>\n","protected":false},"excerpt":{"rendered":"","protected":false},"author":1,"featured_media":3321,"comment_status":"open","ping_status":"open","sticky":false,"template":"","format":"standard","meta":{"footnotes":""},"categories":[2,117],"tags":[],"class_list":["post-2954","post","type-post","status-publish","format-standard","has-post-thumbnail","hentry","category-nuestros-articulos","category-sostenibilidad"],"yoast_head":"<!-- This site is optimized with the Yoast SEO plugin v27.5 - https:\/\/yoast.com\/product\/yoast-seo-wordpress\/ -->\n<title>As\u00ed va la transici\u00f3n verde en Espa\u00f1a con el PRE - Intelsynet<\/title>\n<meta name=\"description\" content=\"As\u00ed va la transici\u00f3n verde en Espa\u00f1a con el Plan de Recuperaci\u00f3n europeo. As\u00ed va la transici\u00f3n verde en Espa\u00f1a con el PRE\" \/>\n<meta name=\"robots\" content=\"index, follow, max-snippet:-1, max-image-preview:large, max-video-preview:-1\" \/>\n<link rel=\"canonical\" href=\"https:\/\/intelsynet.com\/asi-va-la-transicion-verde-en-espana-con-el-plan-de-recuperacion-europeo\/\" \/>\n<meta property=\"og:locale\" content=\"es_ES\" \/>\n<meta property=\"og:type\" content=\"article\" \/>\n<meta property=\"og:title\" content=\"As\u00ed va la transici\u00f3n verde en Espa\u00f1a con el PRE - Intelsynet\" \/>\n<meta property=\"og:description\" content=\"As\u00ed va la transici\u00f3n verde en Espa\u00f1a con el Plan de Recuperaci\u00f3n europeo. As\u00ed va la transici\u00f3n verde en Espa\u00f1a con el PRE\" \/>\n<meta property=\"og:url\" content=\"https:\/\/intelsynet.com\/asi-va-la-transicion-verde-en-espana-con-el-plan-de-recuperacion-europeo\/\" \/>\n<meta property=\"og:site_name\" content=\"Intelsynet\" \/>\n<meta property=\"article:published_time\" content=\"2022-02-04T11:56:23+00:00\" \/>\n<meta property=\"article:modified_time\" content=\"2025-12-15T11:06:58+00:00\" \/>\n<meta property=\"og:image\" content=\"https:\/\/intelsynet.com\/wp-content\/uploads\/2022\/02\/31056.jpg\" \/>\n\t<meta property=\"og:image:width\" content=\"1000\" \/>\n\t<meta property=\"og:image:height\" content=\"667\" \/>\n\t<meta property=\"og:image:type\" content=\"image\/jpeg\" \/>\n<meta name=\"author\" content=\"produccion\" \/>\n<meta name=\"twitter:card\" content=\"summary_large_image\" \/>\n<meta name=\"twitter:label1\" content=\"Escrito por\" \/>\n\t<meta name=\"twitter:data1\" content=\"produccion\" \/>\n\t<meta name=\"twitter:label2\" content=\"Tiempo de lectura\" \/>\n\t<meta name=\"twitter:data2\" content=\"2 minutos\" \/>\n<script type=\"application\/ld+json\" class=\"yoast-schema-graph\">{\"@context\":\"https:\\\/\\\/schema.org\",\"@graph\":[{\"@type\":\"Article\",\"@id\":\"https:\\\/\\\/intelsynet.com\\\/asi-va-la-transicion-verde-en-espana-con-el-plan-de-recuperacion-europeo\\\/#article\",\"isPartOf\":{\"@id\":\"https:\\\/\\\/intelsynet.com\\\/asi-va-la-transicion-verde-en-espana-con-el-plan-de-recuperacion-europeo\\\/\"},\"author\":{\"name\":\"produccion\",\"@id\":\"https:\\\/\\\/intelsynet.com\\\/es\\\/#\\\/schema\\\/person\\\/62b4711a8de3423f0f1537cb5daa1748\"},\"headline\":\"As\u00ed va la transici\u00f3n verde en Espa\u00f1a con el Plan de Recuperaci\u00f3n europeo\",\"datePublished\":\"2022-02-04T11:56:23+00:00\",\"dateModified\":\"2025-12-15T11:06:58+00:00\",\"mainEntityOfPage\":{\"@id\":\"https:\\\/\\\/intelsynet.com\\\/asi-va-la-transicion-verde-en-espana-con-el-plan-de-recuperacion-europeo\\\/\"},\"wordCount\":463,\"commentCount\":0,\"image\":{\"@id\":\"https:\\\/\\\/intelsynet.com\\\/asi-va-la-transicion-verde-en-espana-con-el-plan-de-recuperacion-europeo\\\/#primaryimage\"},\"thumbnailUrl\":\"https:\\\/\\\/intelsynet.com\\\/wp-content\\\/uploads\\\/2022\\\/02\\\/31056.jpg\",\"articleSection\":[\"Art\u00edculos\",\"Sostenibilidad\"],\"inLanguage\":\"es\",\"potentialAction\":[{\"@type\":\"CommentAction\",\"name\":\"Comment\",\"target\":[\"https:\\\/\\\/intelsynet.com\\\/asi-va-la-transicion-verde-en-espana-con-el-plan-de-recuperacion-europeo\\\/#respond\"]}]},{\"@type\":\"WebPage\",\"@id\":\"https:\\\/\\\/intelsynet.com\\\/asi-va-la-transicion-verde-en-espana-con-el-plan-de-recuperacion-europeo\\\/\",\"url\":\"https:\\\/\\\/intelsynet.com\\\/asi-va-la-transicion-verde-en-espana-con-el-plan-de-recuperacion-europeo\\\/\",\"name\":\"As\u00ed va la transici\u00f3n verde en Espa\u00f1a con el PRE - Intelsynet\",\"isPartOf\":{\"@id\":\"https:\\\/\\\/intelsynet.com\\\/es\\\/#website\"},\"primaryImageOfPage\":{\"@id\":\"https:\\\/\\\/intelsynet.com\\\/asi-va-la-transicion-verde-en-espana-con-el-plan-de-recuperacion-europeo\\\/#primaryimage\"},\"image\":{\"@id\":\"https:\\\/\\\/intelsynet.com\\\/asi-va-la-transicion-verde-en-espana-con-el-plan-de-recuperacion-europeo\\\/#primaryimage\"},\"thumbnailUrl\":\"https:\\\/\\\/intelsynet.com\\\/wp-content\\\/uploads\\\/2022\\\/02\\\/31056.jpg\",\"datePublished\":\"2022-02-04T11:56:23+00:00\",\"dateModified\":\"2025-12-15T11:06:58+00:00\",\"author\":{\"@id\":\"https:\\\/\\\/intelsynet.com\\\/es\\\/#\\\/schema\\\/person\\\/62b4711a8de3423f0f1537cb5daa1748\"},\"description\":\"As\u00ed va la transici\u00f3n verde en Espa\u00f1a con el Plan de Recuperaci\u00f3n europeo. As\u00ed va la transici\u00f3n verde en Espa\u00f1a con el PRE\",\"breadcrumb\":{\"@id\":\"https:\\\/\\\/intelsynet.com\\\/asi-va-la-transicion-verde-en-espana-con-el-plan-de-recuperacion-europeo\\\/#breadcrumb\"},\"inLanguage\":\"es\",\"potentialAction\":[{\"@type\":\"ReadAction\",\"target\":[\"https:\\\/\\\/intelsynet.com\\\/asi-va-la-transicion-verde-en-espana-con-el-plan-de-recuperacion-europeo\\\/\"]}]},{\"@type\":\"ImageObject\",\"inLanguage\":\"es\",\"@id\":\"https:\\\/\\\/intelsynet.com\\\/asi-va-la-transicion-verde-en-espana-con-el-plan-de-recuperacion-europeo\\\/#primaryimage\",\"url\":\"https:\\\/\\\/intelsynet.com\\\/wp-content\\\/uploads\\\/2022\\\/02\\\/31056.jpg\",\"contentUrl\":\"https:\\\/\\\/intelsynet.com\\\/wp-content\\\/uploads\\\/2022\\\/02\\\/31056.jpg\",\"width\":1000,\"height\":667,\"caption\":\"Plan de Recuperaci\u00f3n europeo\"},{\"@type\":\"BreadcrumbList\",\"@id\":\"https:\\\/\\\/intelsynet.com\\\/asi-va-la-transicion-verde-en-espana-con-el-plan-de-recuperacion-europeo\\\/#breadcrumb\",\"itemListElement\":[{\"@type\":\"ListItem\",\"position\":1,\"name\":\"Portada\",\"item\":\"https:\\\/\\\/intelsynet.com\\\/\"},{\"@type\":\"ListItem\",\"position\":2,\"name\":\"As\u00ed va la transici\u00f3n verde en Espa\u00f1a con el Plan de Recuperaci\u00f3n europeo\"}]},{\"@type\":\"WebSite\",\"@id\":\"https:\\\/\\\/intelsynet.com\\\/es\\\/#website\",\"url\":\"https:\\\/\\\/intelsynet.com\\\/es\\\/\",\"name\":\"Intelsynet\",\"description\":\"Advisory Services\",\"potentialAction\":[{\"@type\":\"SearchAction\",\"target\":{\"@type\":\"EntryPoint\",\"urlTemplate\":\"https:\\\/\\\/intelsynet.com\\\/es\\\/?s={search_term_string}\"},\"query-input\":{\"@type\":\"PropertyValueSpecification\",\"valueRequired\":true,\"valueName\":\"search_term_string\"}}],\"inLanguage\":\"es\"},{\"@type\":\"Person\",\"@id\":\"https:\\\/\\\/intelsynet.com\\\/es\\\/#\\\/schema\\\/person\\\/62b4711a8de3423f0f1537cb5daa1748\",\"name\":\"produccion\",\"image\":{\"@type\":\"ImageObject\",\"inLanguage\":\"es\",\"@id\":\"https:\\\/\\\/secure.gravatar.com\\\/avatar\\\/bbda47eeca6a4d008c3cda344ed3cf00b82bd1a9f9fb41804c887c2ac269b8ec?s=96&d=mm&r=g\",\"url\":\"https:\\\/\\\/secure.gravatar.com\\\/avatar\\\/bbda47eeca6a4d008c3cda344ed3cf00b82bd1a9f9fb41804c887c2ac269b8ec?s=96&d=mm&r=g\",\"contentUrl\":\"https:\\\/\\\/secure.gravatar.com\\\/avatar\\\/bbda47eeca6a4d008c3cda344ed3cf00b82bd1a9f9fb41804c887c2ac269b8ec?s=96&d=mm&r=g\",\"caption\":\"produccion\"},\"url\":\"https:\\\/\\\/intelsynet.com\\\/es\\\/author\\\/produccion\\\/\"}]}<\/script>\n<!-- \/ Yoast SEO plugin. -->","yoast_head_json":{"title":"As\u00ed va la transici\u00f3n verde en Espa\u00f1a con el PRE - Intelsynet","description":"As\u00ed va la transici\u00f3n verde en Espa\u00f1a con el Plan de Recuperaci\u00f3n europeo. As\u00ed va la transici\u00f3n verde en Espa\u00f1a con el PRE","robots":{"index":"index","follow":"follow","max-snippet":"max-snippet:-1","max-image-preview":"max-image-preview:large","max-video-preview":"max-video-preview:-1"},"canonical":"https:\/\/intelsynet.com\/asi-va-la-transicion-verde-en-espana-con-el-plan-de-recuperacion-europeo\/","og_locale":"es_ES","og_type":"article","og_title":"As\u00ed va la transici\u00f3n verde en Espa\u00f1a con el PRE - Intelsynet","og_description":"As\u00ed va la transici\u00f3n verde en Espa\u00f1a con el Plan de Recuperaci\u00f3n europeo. As\u00ed va la transici\u00f3n verde en Espa\u00f1a con el PRE","og_url":"https:\/\/intelsynet.com\/asi-va-la-transicion-verde-en-espana-con-el-plan-de-recuperacion-europeo\/","og_site_name":"Intelsynet","article_published_time":"2022-02-04T11:56:23+00:00","article_modified_time":"2025-12-15T11:06:58+00:00","og_image":[{"width":1000,"height":667,"url":"https:\/\/intelsynet.com\/wp-content\/uploads\/2022\/02\/31056.jpg","type":"image\/jpeg"}],"author":"produccion","twitter_card":"summary_large_image","twitter_misc":{"Escrito por":"produccion","Tiempo de lectura":"2 minutos"},"schema":{"@context":"https:\/\/schema.org","@graph":[{"@type":"Article","@id":"https:\/\/intelsynet.com\/asi-va-la-transicion-verde-en-espana-con-el-plan-de-recuperacion-europeo\/#article","isPartOf":{"@id":"https:\/\/intelsynet.com\/asi-va-la-transicion-verde-en-espana-con-el-plan-de-recuperacion-europeo\/"},"author":{"name":"produccion","@id":"https:\/\/intelsynet.com\/es\/#\/schema\/person\/62b4711a8de3423f0f1537cb5daa1748"},"headline":"As\u00ed va la transici\u00f3n verde en Espa\u00f1a con el Plan de Recuperaci\u00f3n europeo","datePublished":"2022-02-04T11:56:23+00:00","dateModified":"2025-12-15T11:06:58+00:00","mainEntityOfPage":{"@id":"https:\/\/intelsynet.com\/asi-va-la-transicion-verde-en-espana-con-el-plan-de-recuperacion-europeo\/"},"wordCount":463,"commentCount":0,"image":{"@id":"https:\/\/intelsynet.com\/asi-va-la-transicion-verde-en-espana-con-el-plan-de-recuperacion-europeo\/#primaryimage"},"thumbnailUrl":"https:\/\/intelsynet.com\/wp-content\/uploads\/2022\/02\/31056.jpg","articleSection":["Art\u00edculos","Sostenibilidad"],"inLanguage":"es","potentialAction":[{"@type":"CommentAction","name":"Comment","target":["https:\/\/intelsynet.com\/asi-va-la-transicion-verde-en-espana-con-el-plan-de-recuperacion-europeo\/#respond"]}]},{"@type":"WebPage","@id":"https:\/\/intelsynet.com\/asi-va-la-transicion-verde-en-espana-con-el-plan-de-recuperacion-europeo\/","url":"https:\/\/intelsynet.com\/asi-va-la-transicion-verde-en-espana-con-el-plan-de-recuperacion-europeo\/","name":"As\u00ed va la transici\u00f3n verde en Espa\u00f1a con el PRE - Intelsynet","isPartOf":{"@id":"https:\/\/intelsynet.com\/es\/#website"},"primaryImageOfPage":{"@id":"https:\/\/intelsynet.com\/asi-va-la-transicion-verde-en-espana-con-el-plan-de-recuperacion-europeo\/#primaryimage"},"image":{"@id":"https:\/\/intelsynet.com\/asi-va-la-transicion-verde-en-espana-con-el-plan-de-recuperacion-europeo\/#primaryimage"},"thumbnailUrl":"https:\/\/intelsynet.com\/wp-content\/uploads\/2022\/02\/31056.jpg","datePublished":"2022-02-04T11:56:23+00:00","dateModified":"2025-12-15T11:06:58+00:00","author":{"@id":"https:\/\/intelsynet.com\/es\/#\/schema\/person\/62b4711a8de3423f0f1537cb5daa1748"},"description":"As\u00ed va la transici\u00f3n verde en Espa\u00f1a con el Plan de Recuperaci\u00f3n europeo. As\u00ed va la transici\u00f3n verde en Espa\u00f1a con el PRE","breadcrumb":{"@id":"https:\/\/intelsynet.com\/asi-va-la-transicion-verde-en-espana-con-el-plan-de-recuperacion-europeo\/#breadcrumb"},"inLanguage":"es","potentialAction":[{"@type":"ReadAction","target":["https:\/\/intelsynet.com\/asi-va-la-transicion-verde-en-espana-con-el-plan-de-recuperacion-europeo\/"]}]},{"@type":"ImageObject","inLanguage":"es","@id":"https:\/\/intelsynet.com\/asi-va-la-transicion-verde-en-espana-con-el-plan-de-recuperacion-europeo\/#primaryimage","url":"https:\/\/intelsynet.com\/wp-content\/uploads\/2022\/02\/31056.jpg","contentUrl":"https:\/\/intelsynet.com\/wp-content\/uploads\/2022\/02\/31056.jpg","width":1000,"height":667,"caption":"Plan de Recuperaci\u00f3n europeo"},{"@type":"BreadcrumbList","@id":"https:\/\/intelsynet.com\/asi-va-la-transicion-verde-en-espana-con-el-plan-de-recuperacion-europeo\/#breadcrumb","itemListElement":[{"@type":"ListItem","position":1,"name":"Portada","item":"https:\/\/intelsynet.com\/"},{"@type":"ListItem","position":2,"name":"As\u00ed va la transici\u00f3n verde en Espa\u00f1a con el Plan de Recuperaci\u00f3n europeo"}]},{"@type":"WebSite","@id":"https:\/\/intelsynet.com\/es\/#website","url":"https:\/\/intelsynet.com\/es\/","name":"Intelsynet","description":"Advisory Services","potentialAction":[{"@type":"SearchAction","target":{"@type":"EntryPoint","urlTemplate":"https:\/\/intelsynet.com\/es\/?s={search_term_string}"},"query-input":{"@type":"PropertyValueSpecification","valueRequired":true,"valueName":"search_term_string"}}],"inLanguage":"es"},{"@type":"Person","@id":"https:\/\/intelsynet.com\/es\/#\/schema\/person\/62b4711a8de3423f0f1537cb5daa1748","name":"produccion","image":{"@type":"ImageObject","inLanguage":"es","@id":"https:\/\/secure.gravatar.com\/avatar\/bbda47eeca6a4d008c3cda344ed3cf00b82bd1a9f9fb41804c887c2ac269b8ec?s=96&d=mm&r=g","url":"https:\/\/secure.gravatar.com\/avatar\/bbda47eeca6a4d008c3cda344ed3cf00b82bd1a9f9fb41804c887c2ac269b8ec?s=96&d=mm&r=g","contentUrl":"https:\/\/secure.gravatar.com\/avatar\/bbda47eeca6a4d008c3cda344ed3cf00b82bd1a9f9fb41804c887c2ac269b8ec?s=96&d=mm&r=g","caption":"produccion"},"url":"https:\/\/intelsynet.com\/es\/author\/produccion\/"}]}},"_links":{"self":[{"href":"https:\/\/intelsynet.com\/es\/wp-json\/wp\/v2\/posts\/2954","targetHints":{"allow":["GET"]}}],"collection":[{"href":"https:\/\/intelsynet.com\/es\/wp-json\/wp\/v2\/posts"}],"about":[{"href":"https:\/\/intelsynet.com\/es\/wp-json\/wp\/v2\/types\/post"}],"author":[{"embeddable":true,"href":"https:\/\/intelsynet.com\/es\/wp-json\/wp\/v2\/users\/1"}],"replies":[{"embeddable":true,"href":"https:\/\/intelsynet.com\/es\/wp-json\/wp\/v2\/comments?post=2954"}],"version-history":[{"count":2,"href":"https:\/\/intelsynet.com\/es\/wp-json\/wp\/v2\/posts\/2954\/revisions"}],"predecessor-version":[{"id":3109,"href":"https:\/\/intelsynet.com\/es\/wp-json\/wp\/v2\/posts\/2954\/revisions\/3109"}],"wp:featuredmedia":[{"embeddable":true,"href":"https:\/\/intelsynet.com\/es\/wp-json\/wp\/v2\/media\/3321"}],"wp:attachment":[{"href":"https:\/\/intelsynet.com\/es\/wp-json\/wp\/v2\/media?parent=2954"}],"wp:term":[{"taxonomy":"category","embeddable":true,"href":"https:\/\/intelsynet.com\/es\/wp-json\/wp\/v2\/categories?post=2954"},{"taxonomy":"post_tag","embeddable":true,"href":"https:\/\/intelsynet.com\/es\/wp-json\/wp\/v2\/tags?post=2954"}],"curies":[{"name":"wp","href":"https:\/\/api.w.org\/{rel}","templated":true}]}}