{"id":2793,"date":"2021-12-03T10:40:58","date_gmt":"2021-12-03T10:40:58","guid":{"rendered":"https:\/\/intelsynet.com\/?p=2793"},"modified":"2021-12-03T10:40:58","modified_gmt":"2021-12-03T10:40:58","slug":"el-covid-ha-acelerado-la-parte-social-del-esg-mientras-la-ambiental-estaba-mas-avanzada","status":"publish","type":"post","link":"https:\/\/intelsynet.com\/es\/el-covid-ha-acelerado-la-parte-social-del-esg-mientras-la-ambiental-estaba-mas-avanzada\/","title":{"rendered":"El Covid ha acelerado la parte social del ESG, mientras la ambiental estaba m\u00e1s avanzada"},"content":{"rendered":"<div class=\"fusion-fullwidth fullwidth-box fusion-builder-row-1 nonhundred-percent-fullwidth non-hundred-percent-height-scrolling\" style=\"background-color: rgba(255,255,255,0);background-position: center center;background-repeat: no-repeat;padding-top:0px;padding-right:0px;padding-bottom:0px;padding-left:0px;margin-bottom: 0px;margin-top: 0px;border-width: 0px 0px 0px 0px;border-color:rgba(97,158,133,0);border-style:solid;\" ><div class=\"fusion-builder-row fusion-row\"><div class=\"fusion-layout-column fusion_builder_column fusion-builder-column-0 fusion_builder_column_1_1 1_1 fusion-one-full fusion-column-first fusion-column-last\" style=\"margin-top:0px;margin-bottom:0px;\"><div class=\"fusion-column-wrapper fusion-flex-column-wrapper-legacy\" style=\"background-position:left top;background-repeat:no-repeat;-webkit-background-size:cover;-moz-background-size:cover;-o-background-size:cover;background-size:cover;padding: 0px 0px 0px 0px;\"><div class=\"fusion-text fusion-text-1\"><p>El\u00a0<a href=\"https:\/\/www.eleconomista.es\/tags\/COVID19\" target=\"_blank\" rel=\"noopener\">Covid-19<\/a>\u00a0ha sido un factor disruptivo que ha cambiado muchos paradigmas en el mundo empresarial, impulsando la transici\u00f3n ecol\u00f3gica, transformando la tecnolog\u00eda y el \u00e1ngulo de c\u00f3mo se hacen los negocios. Si bien muchas compa\u00f1\u00edas, especialmente las relacionadas con la energ\u00eda, ya llevaban tiempo alineando sus objetivos de\u00a0<b>descarbonizaci\u00f3n<\/b>\u00a0con los de la agenda 2030 y el Acuerdo de Par\u00eds para ser neutras en carbono a futuro, la pandemia ha acelerado especialmente el aspecto social tras un confinamiento que forz\u00f3 a los trabajadores a meter la oficina en casa y puso\u00a0<b>el foco en los empleados<\/b>.<\/p>\n<p>Sobre este asunto se debati\u00f3 en la segunda mesa del\u00a0<a href=\"https:\/\/www.eleconomista.es\/mercados-cotizaciones\/noticias\/11500050\/11\/21\/La-CNMV-ve-riesgo-de-que-Espana-pueda-quedarse-atras-por-falta-de-oferta-de-fondos-sostenibles.html\" target=\"_blank\" rel=\"noopener\">I Foro ESG de\u00a0<i>elEconomista<\/i><\/a>, que ha reunido a representantes del sector el\u00e9ctrico, inmobiliario, tur\u00edstico y bancario para hablar de c\u00f3mo sus firmas est\u00e1n adaptando sus\u00a0<b>estrategias de sostenibilidad<\/b>\u00a0en este nuevo escenario y cu\u00e1les son los retos pendientes a futuro.<\/p>\n<\/div><div class=\"fusion-sep-clear\"><\/div><div class=\"fusion-separator fusion-full-width-sep\" style=\"margin-left: auto;margin-right: auto;margin-top:20px;margin-bottom:20px;width:100%;\"><\/div><div class=\"fusion-sep-clear\"><\/div><div class=\"fusion-align-block\"><style>.fusion-button.button-1 .fusion-button-text{color:#333333;text-transform:none;}.fusion-button.button-1 i{color:#333333;}.fusion-button.button-1{border-color:#2b2b2b;border-radius:2px 2px 2px 2px;background:rgba(144,201,232,0);background-image:linear-gradient(180deg,rgba(144,201,232,0) 0%,rgba(90,171,214,0) 100%);}.fusion-button.button-1:hover .fusion-button-text,.fusion-button.button-1:hover i,.fusion-button.button-1:focus .fusion-button-text,.fusion-button.button-1:focus i,.fusion-button.button-1:active .fusion-button-text,.fusion-button.button-1:active i{color:#03a9f4;}.fusion-button.button-1:hover,.fusion-button.button-1:active,.fusion-button.button-1:focus{border-color:#03a9f4;background:rgba(90,171,214,0);background-image:linear-gradient(180deg,rgba(90,171,214,0) 0%,rgba(144,201,232,0) 100%);}<\/style><a class=\"fusion-button button-flat fusion-button-default-size button-custom button-1 fusion-button-span-yes fusion-button-default-type\" target=\"_blank\" rel=\"noopener noreferrer\" href=\"https:\/\/www.eleconomista.es\/inversion-sostenible-asg\/noticias\/11501521\/11\/21\/El-Covid-ha-acelerado-la-parte-social-del-ESG-mientras-la-ambiental-estaba-mas-avanzada.html\"><span class=\"fusion-button-text\">Leer art\u00edculo completo<\/span><\/a><\/div><div class=\"fusion-clearfix\"><\/div><\/div><\/div><\/div><\/div>\n","protected":false},"excerpt":{"rendered":"","protected":false},"author":1,"featured_media":2794,"comment_status":"open","ping_status":"open","sticky":false,"template":"","format":"standard","meta":{"footnotes":""},"categories":[2],"tags":[],"class_list":["post-2793","post","type-post","status-publish","format-standard","has-post-thumbnail","hentry","category-nuestros-articulos"],"yoast_head":"<!-- This site is optimized with the Yoast SEO plugin v27.5 - https:\/\/yoast.com\/product\/yoast-seo-wordpress\/ -->\n<title>El Covid ha acelerado la parte social del ESG, - Intelsynet<\/title>\n<meta name=\"description\" content=\"El Covid-19 ha sido un factor disruptivo que ha cambiado muchos paradigmas en el mundo empresarial, impulsando la transici\u00f3n ecol\u00f3gica\" \/>\n<meta name=\"robots\" content=\"index, follow, max-snippet:-1, max-image-preview:large, max-video-preview:-1\" \/>\n<link rel=\"canonical\" href=\"https:\/\/intelsynet.com\/el-covid-ha-acelerado-la-parte-social-del-esg-mientras-la-ambiental-estaba-mas-avanzada\/\" \/>\n<meta property=\"og:locale\" content=\"es_ES\" \/>\n<meta property=\"og:type\" content=\"article\" \/>\n<meta property=\"og:title\" content=\"El Covid ha acelerado la parte social del ESG, - Intelsynet\" \/>\n<meta property=\"og:description\" content=\"El Covid-19 ha sido un factor disruptivo que ha cambiado muchos paradigmas en el mundo empresarial, impulsando la transici\u00f3n ecol\u00f3gica\" \/>\n<meta property=\"og:url\" content=\"https:\/\/intelsynet.com\/el-covid-ha-acelerado-la-parte-social-del-esg-mientras-la-ambiental-estaba-mas-avanzada\/\" \/>\n<meta property=\"og:site_name\" content=\"Intelsynet\" \/>\n<meta property=\"article:published_time\" content=\"2021-12-03T10:40:58+00:00\" \/>\n<meta property=\"og:image\" content=\"https:\/\/intelsynet.com\/wp-content\/uploads\/2021\/12\/seguridad-Bancos-post-COVID-e1638526028325.jpg\" \/>\n\t<meta property=\"og:image:width\" content=\"1340\" \/>\n\t<meta property=\"og:image:height\" content=\"827\" \/>\n\t<meta property=\"og:image:type\" content=\"image\/jpeg\" \/>\n<meta name=\"author\" content=\"produccion\" \/>\n<meta name=\"twitter:card\" content=\"summary_large_image\" \/>\n<meta name=\"twitter:label1\" content=\"Escrito por\" \/>\n\t<meta name=\"twitter:data1\" content=\"produccion\" \/>\n\t<meta name=\"twitter:label2\" content=\"Tiempo de lectura\" \/>\n\t<meta name=\"twitter:data2\" content=\"2 minutos\" \/>\n<script type=\"application\/ld+json\" class=\"yoast-schema-graph\">{\"@context\":\"https:\\\/\\\/schema.org\",\"@graph\":[{\"@type\":\"Article\",\"@id\":\"https:\\\/\\\/intelsynet.com\\\/el-covid-ha-acelerado-la-parte-social-del-esg-mientras-la-ambiental-estaba-mas-avanzada\\\/#article\",\"isPartOf\":{\"@id\":\"https:\\\/\\\/intelsynet.com\\\/el-covid-ha-acelerado-la-parte-social-del-esg-mientras-la-ambiental-estaba-mas-avanzada\\\/\"},\"author\":{\"name\":\"produccion\",\"@id\":\"https:\\\/\\\/intelsynet.com\\\/es\\\/#\\\/schema\\\/person\\\/62b4711a8de3423f0f1537cb5daa1748\"},\"headline\":\"El Covid ha acelerado la parte social del ESG, mientras la ambiental estaba m\u00e1s avanzada\",\"datePublished\":\"2021-12-03T10:40:58+00:00\",\"mainEntityOfPage\":{\"@id\":\"https:\\\/\\\/intelsynet.com\\\/el-covid-ha-acelerado-la-parte-social-del-esg-mientras-la-ambiental-estaba-mas-avanzada\\\/\"},\"wordCount\":549,\"commentCount\":0,\"image\":{\"@id\":\"https:\\\/\\\/intelsynet.com\\\/el-covid-ha-acelerado-la-parte-social-del-esg-mientras-la-ambiental-estaba-mas-avanzada\\\/#primaryimage\"},\"thumbnailUrl\":\"https:\\\/\\\/intelsynet.com\\\/wp-content\\\/uploads\\\/2021\\\/12\\\/seguridad-Bancos-post-COVID-e1638526028325.jpg\",\"articleSection\":[\"Art\u00edculos\"],\"inLanguage\":\"es\",\"potentialAction\":[{\"@type\":\"CommentAction\",\"name\":\"Comment\",\"target\":[\"https:\\\/\\\/intelsynet.com\\\/el-covid-ha-acelerado-la-parte-social-del-esg-mientras-la-ambiental-estaba-mas-avanzada\\\/#respond\"]}]},{\"@type\":\"WebPage\",\"@id\":\"https:\\\/\\\/intelsynet.com\\\/el-covid-ha-acelerado-la-parte-social-del-esg-mientras-la-ambiental-estaba-mas-avanzada\\\/\",\"url\":\"https:\\\/\\\/intelsynet.com\\\/el-covid-ha-acelerado-la-parte-social-del-esg-mientras-la-ambiental-estaba-mas-avanzada\\\/\",\"name\":\"El Covid ha acelerado la parte social del ESG, - Intelsynet\",\"isPartOf\":{\"@id\":\"https:\\\/\\\/intelsynet.com\\\/es\\\/#website\"},\"primaryImageOfPage\":{\"@id\":\"https:\\\/\\\/intelsynet.com\\\/el-covid-ha-acelerado-la-parte-social-del-esg-mientras-la-ambiental-estaba-mas-avanzada\\\/#primaryimage\"},\"image\":{\"@id\":\"https:\\\/\\\/intelsynet.com\\\/el-covid-ha-acelerado-la-parte-social-del-esg-mientras-la-ambiental-estaba-mas-avanzada\\\/#primaryimage\"},\"thumbnailUrl\":\"https:\\\/\\\/intelsynet.com\\\/wp-content\\\/uploads\\\/2021\\\/12\\\/seguridad-Bancos-post-COVID-e1638526028325.jpg\",\"datePublished\":\"2021-12-03T10:40:58+00:00\",\"author\":{\"@id\":\"https:\\\/\\\/intelsynet.com\\\/es\\\/#\\\/schema\\\/person\\\/62b4711a8de3423f0f1537cb5daa1748\"},\"description\":\"El Covid-19 ha sido un factor disruptivo que ha cambiado muchos paradigmas en el mundo empresarial, impulsando la transici\u00f3n ecol\u00f3gica\",\"breadcrumb\":{\"@id\":\"https:\\\/\\\/intelsynet.com\\\/el-covid-ha-acelerado-la-parte-social-del-esg-mientras-la-ambiental-estaba-mas-avanzada\\\/#breadcrumb\"},\"inLanguage\":\"es\",\"potentialAction\":[{\"@type\":\"ReadAction\",\"target\":[\"https:\\\/\\\/intelsynet.com\\\/el-covid-ha-acelerado-la-parte-social-del-esg-mientras-la-ambiental-estaba-mas-avanzada\\\/\"]}]},{\"@type\":\"ImageObject\",\"inLanguage\":\"es\",\"@id\":\"https:\\\/\\\/intelsynet.com\\\/el-covid-ha-acelerado-la-parte-social-del-esg-mientras-la-ambiental-estaba-mas-avanzada\\\/#primaryimage\",\"url\":\"https:\\\/\\\/intelsynet.com\\\/wp-content\\\/uploads\\\/2021\\\/12\\\/seguridad-Bancos-post-COVID-e1638526028325.jpg\",\"contentUrl\":\"https:\\\/\\\/intelsynet.com\\\/wp-content\\\/uploads\\\/2021\\\/12\\\/seguridad-Bancos-post-COVID-e1638526028325.jpg\",\"width\":1340,\"height\":827},{\"@type\":\"BreadcrumbList\",\"@id\":\"https:\\\/\\\/intelsynet.com\\\/el-covid-ha-acelerado-la-parte-social-del-esg-mientras-la-ambiental-estaba-mas-avanzada\\\/#breadcrumb\",\"itemListElement\":[{\"@type\":\"ListItem\",\"position\":1,\"name\":\"Portada\",\"item\":\"https:\\\/\\\/intelsynet.com\\\/\"},{\"@type\":\"ListItem\",\"position\":2,\"name\":\"El Covid ha acelerado la parte social del ESG, mientras la ambiental estaba m\u00e1s avanzada\"}]},{\"@type\":\"WebSite\",\"@id\":\"https:\\\/\\\/intelsynet.com\\\/es\\\/#website\",\"url\":\"https:\\\/\\\/intelsynet.com\\\/es\\\/\",\"name\":\"Intelsynet\",\"description\":\"Advisory Services\",\"potentialAction\":[{\"@type\":\"SearchAction\",\"target\":{\"@type\":\"EntryPoint\",\"urlTemplate\":\"https:\\\/\\\/intelsynet.com\\\/es\\\/?s={search_term_string}\"},\"query-input\":{\"@type\":\"PropertyValueSpecification\",\"valueRequired\":true,\"valueName\":\"search_term_string\"}}],\"inLanguage\":\"es\"},{\"@type\":\"Person\",\"@id\":\"https:\\\/\\\/intelsynet.com\\\/es\\\/#\\\/schema\\\/person\\\/62b4711a8de3423f0f1537cb5daa1748\",\"name\":\"produccion\",\"image\":{\"@type\":\"ImageObject\",\"inLanguage\":\"es\",\"@id\":\"https:\\\/\\\/secure.gravatar.com\\\/avatar\\\/bbda47eeca6a4d008c3cda344ed3cf00b82bd1a9f9fb41804c887c2ac269b8ec?s=96&d=mm&r=g\",\"url\":\"https:\\\/\\\/secure.gravatar.com\\\/avatar\\\/bbda47eeca6a4d008c3cda344ed3cf00b82bd1a9f9fb41804c887c2ac269b8ec?s=96&d=mm&r=g\",\"contentUrl\":\"https:\\\/\\\/secure.gravatar.com\\\/avatar\\\/bbda47eeca6a4d008c3cda344ed3cf00b82bd1a9f9fb41804c887c2ac269b8ec?s=96&d=mm&r=g\",\"caption\":\"produccion\"},\"url\":\"https:\\\/\\\/intelsynet.com\\\/es\\\/author\\\/produccion\\\/\"}]}<\/script>\n<!-- \/ Yoast SEO plugin. -->","yoast_head_json":{"title":"El Covid ha acelerado la parte social del ESG, - Intelsynet","description":"El Covid-19 ha sido un factor disruptivo que ha cambiado muchos paradigmas en el mundo empresarial, impulsando la transici\u00f3n ecol\u00f3gica","robots":{"index":"index","follow":"follow","max-snippet":"max-snippet:-1","max-image-preview":"max-image-preview:large","max-video-preview":"max-video-preview:-1"},"canonical":"https:\/\/intelsynet.com\/el-covid-ha-acelerado-la-parte-social-del-esg-mientras-la-ambiental-estaba-mas-avanzada\/","og_locale":"es_ES","og_type":"article","og_title":"El Covid ha acelerado la parte social del ESG, - Intelsynet","og_description":"El Covid-19 ha sido un factor disruptivo que ha cambiado muchos paradigmas en el mundo empresarial, impulsando la transici\u00f3n ecol\u00f3gica","og_url":"https:\/\/intelsynet.com\/el-covid-ha-acelerado-la-parte-social-del-esg-mientras-la-ambiental-estaba-mas-avanzada\/","og_site_name":"Intelsynet","article_published_time":"2021-12-03T10:40:58+00:00","og_image":[{"width":1340,"height":827,"url":"https:\/\/intelsynet.com\/wp-content\/uploads\/2021\/12\/seguridad-Bancos-post-COVID-e1638526028325.jpg","type":"image\/jpeg"}],"author":"produccion","twitter_card":"summary_large_image","twitter_misc":{"Escrito por":"produccion","Tiempo de lectura":"2 minutos"},"schema":{"@context":"https:\/\/schema.org","@graph":[{"@type":"Article","@id":"https:\/\/intelsynet.com\/el-covid-ha-acelerado-la-parte-social-del-esg-mientras-la-ambiental-estaba-mas-avanzada\/#article","isPartOf":{"@id":"https:\/\/intelsynet.com\/el-covid-ha-acelerado-la-parte-social-del-esg-mientras-la-ambiental-estaba-mas-avanzada\/"},"author":{"name":"produccion","@id":"https:\/\/intelsynet.com\/es\/#\/schema\/person\/62b4711a8de3423f0f1537cb5daa1748"},"headline":"El Covid ha acelerado la parte social del ESG, mientras la ambiental estaba m\u00e1s avanzada","datePublished":"2021-12-03T10:40:58+00:00","mainEntityOfPage":{"@id":"https:\/\/intelsynet.com\/el-covid-ha-acelerado-la-parte-social-del-esg-mientras-la-ambiental-estaba-mas-avanzada\/"},"wordCount":549,"commentCount":0,"image":{"@id":"https:\/\/intelsynet.com\/el-covid-ha-acelerado-la-parte-social-del-esg-mientras-la-ambiental-estaba-mas-avanzada\/#primaryimage"},"thumbnailUrl":"https:\/\/intelsynet.com\/wp-content\/uploads\/2021\/12\/seguridad-Bancos-post-COVID-e1638526028325.jpg","articleSection":["Art\u00edculos"],"inLanguage":"es","potentialAction":[{"@type":"CommentAction","name":"Comment","target":["https:\/\/intelsynet.com\/el-covid-ha-acelerado-la-parte-social-del-esg-mientras-la-ambiental-estaba-mas-avanzada\/#respond"]}]},{"@type":"WebPage","@id":"https:\/\/intelsynet.com\/el-covid-ha-acelerado-la-parte-social-del-esg-mientras-la-ambiental-estaba-mas-avanzada\/","url":"https:\/\/intelsynet.com\/el-covid-ha-acelerado-la-parte-social-del-esg-mientras-la-ambiental-estaba-mas-avanzada\/","name":"El Covid ha acelerado la parte social del ESG, - Intelsynet","isPartOf":{"@id":"https:\/\/intelsynet.com\/es\/#website"},"primaryImageOfPage":{"@id":"https:\/\/intelsynet.com\/el-covid-ha-acelerado-la-parte-social-del-esg-mientras-la-ambiental-estaba-mas-avanzada\/#primaryimage"},"image":{"@id":"https:\/\/intelsynet.com\/el-covid-ha-acelerado-la-parte-social-del-esg-mientras-la-ambiental-estaba-mas-avanzada\/#primaryimage"},"thumbnailUrl":"https:\/\/intelsynet.com\/wp-content\/uploads\/2021\/12\/seguridad-Bancos-post-COVID-e1638526028325.jpg","datePublished":"2021-12-03T10:40:58+00:00","author":{"@id":"https:\/\/intelsynet.com\/es\/#\/schema\/person\/62b4711a8de3423f0f1537cb5daa1748"},"description":"El Covid-19 ha sido un factor disruptivo que ha cambiado muchos paradigmas en el mundo empresarial, impulsando la transici\u00f3n ecol\u00f3gica","breadcrumb":{"@id":"https:\/\/intelsynet.com\/el-covid-ha-acelerado-la-parte-social-del-esg-mientras-la-ambiental-estaba-mas-avanzada\/#breadcrumb"},"inLanguage":"es","potentialAction":[{"@type":"ReadAction","target":["https:\/\/intelsynet.com\/el-covid-ha-acelerado-la-parte-social-del-esg-mientras-la-ambiental-estaba-mas-avanzada\/"]}]},{"@type":"ImageObject","inLanguage":"es","@id":"https:\/\/intelsynet.com\/el-covid-ha-acelerado-la-parte-social-del-esg-mientras-la-ambiental-estaba-mas-avanzada\/#primaryimage","url":"https:\/\/intelsynet.com\/wp-content\/uploads\/2021\/12\/seguridad-Bancos-post-COVID-e1638526028325.jpg","contentUrl":"https:\/\/intelsynet.com\/wp-content\/uploads\/2021\/12\/seguridad-Bancos-post-COVID-e1638526028325.jpg","width":1340,"height":827},{"@type":"BreadcrumbList","@id":"https:\/\/intelsynet.com\/el-covid-ha-acelerado-la-parte-social-del-esg-mientras-la-ambiental-estaba-mas-avanzada\/#breadcrumb","itemListElement":[{"@type":"ListItem","position":1,"name":"Portada","item":"https:\/\/intelsynet.com\/"},{"@type":"ListItem","position":2,"name":"El Covid ha acelerado la parte social del ESG, mientras la ambiental estaba m\u00e1s avanzada"}]},{"@type":"WebSite","@id":"https:\/\/intelsynet.com\/es\/#website","url":"https:\/\/intelsynet.com\/es\/","name":"Intelsynet","description":"Advisory Services","potentialAction":[{"@type":"SearchAction","target":{"@type":"EntryPoint","urlTemplate":"https:\/\/intelsynet.com\/es\/?s={search_term_string}"},"query-input":{"@type":"PropertyValueSpecification","valueRequired":true,"valueName":"search_term_string"}}],"inLanguage":"es"},{"@type":"Person","@id":"https:\/\/intelsynet.com\/es\/#\/schema\/person\/62b4711a8de3423f0f1537cb5daa1748","name":"produccion","image":{"@type":"ImageObject","inLanguage":"es","@id":"https:\/\/secure.gravatar.com\/avatar\/bbda47eeca6a4d008c3cda344ed3cf00b82bd1a9f9fb41804c887c2ac269b8ec?s=96&d=mm&r=g","url":"https:\/\/secure.gravatar.com\/avatar\/bbda47eeca6a4d008c3cda344ed3cf00b82bd1a9f9fb41804c887c2ac269b8ec?s=96&d=mm&r=g","contentUrl":"https:\/\/secure.gravatar.com\/avatar\/bbda47eeca6a4d008c3cda344ed3cf00b82bd1a9f9fb41804c887c2ac269b8ec?s=96&d=mm&r=g","caption":"produccion"},"url":"https:\/\/intelsynet.com\/es\/author\/produccion\/"}]}},"_links":{"self":[{"href":"https:\/\/intelsynet.com\/es\/wp-json\/wp\/v2\/posts\/2793","targetHints":{"allow":["GET"]}}],"collection":[{"href":"https:\/\/intelsynet.com\/es\/wp-json\/wp\/v2\/posts"}],"about":[{"href":"https:\/\/intelsynet.com\/es\/wp-json\/wp\/v2\/types\/post"}],"author":[{"embeddable":true,"href":"https:\/\/intelsynet.com\/es\/wp-json\/wp\/v2\/users\/1"}],"replies":[{"embeddable":true,"href":"https:\/\/intelsynet.com\/es\/wp-json\/wp\/v2\/comments?post=2793"}],"version-history":[{"count":1,"href":"https:\/\/intelsynet.com\/es\/wp-json\/wp\/v2\/posts\/2793\/revisions"}],"predecessor-version":[{"id":2795,"href":"https:\/\/intelsynet.com\/es\/wp-json\/wp\/v2\/posts\/2793\/revisions\/2795"}],"wp:featuredmedia":[{"embeddable":true,"href":"https:\/\/intelsynet.com\/es\/wp-json\/wp\/v2\/media\/2794"}],"wp:attachment":[{"href":"https:\/\/intelsynet.com\/es\/wp-json\/wp\/v2\/media?parent=2793"}],"wp:term":[{"taxonomy":"category","embeddable":true,"href":"https:\/\/intelsynet.com\/es\/wp-json\/wp\/v2\/categories?post=2793"},{"taxonomy":"post_tag","embeddable":true,"href":"https:\/\/intelsynet.com\/es\/wp-json\/wp\/v2\/tags?post=2793"}],"curies":[{"name":"wp","href":"https:\/\/api.w.org\/{rel}","templated":true}]}}