{"id":2733,"date":"2021-11-17T08:00:20","date_gmt":"2021-11-17T08:00:20","guid":{"rendered":"https:\/\/intelsynet.com\/?p=2733"},"modified":"2021-11-16T17:30:47","modified_gmt":"2021-11-16T17:30:47","slug":"observatorio-mapfre-de-finanzas-sostenibles","status":"publish","type":"post","link":"https:\/\/intelsynet.com\/es\/observatorio-mapfre-de-finanzas-sostenibles\/","title":{"rendered":"II Foro del Observatorio Mapfre de Finanzas Sostenibles"},"content":{"rendered":"<div class=\"fusion-fullwidth fullwidth-box fusion-builder-row-1 nonhundred-percent-fullwidth non-hundred-percent-height-scrolling\" style=\"background-color: rgba(255,255,255,0);background-position: center center;background-repeat: no-repeat;padding-top:0px;padding-right:0px;padding-bottom:0px;padding-left:0px;margin-bottom: 0px;margin-top: 0px;border-width: 0px 0px 0px 0px;border-color:rgba(97,158,133,0);border-style:solid;\" ><div class=\"fusion-builder-row fusion-row\"><div class=\"fusion-layout-column fusion_builder_column fusion-builder-column-0 fusion_builder_column_1_1 1_1 fusion-one-full fusion-column-first fusion-column-last\" style=\"margin-top:0px;margin-bottom:0px;\"><div class=\"fusion-column-wrapper fusion-flex-column-wrapper-legacy\" style=\"background-position:left top;background-repeat:no-repeat;-webkit-background-size:cover;-moz-background-size:cover;-o-background-size:cover;background-size:cover;padding: 0px 0px 0px 0px;\"><div class=\"fusion-text fusion-text-1\"><div class=\"newsType__content\">\n<p><strong>Ayer 16 de noviembre a las 11:00 se ha celebr\u00f3 el II Foro del Observatorio Mapfre de Finanzas Sostenibles,<\/strong> que ha supuesto un punto de encuentro para los expertos financieros y acad\u00e9micos del sector y que ha dado la ocasi\u00f3n de conocer las empresas galardonadas con el premio Mapfre Inclusi\u00f3n Responsable 2021.<\/p>\n<p>La apertura del foro ha estado a cargo de Alberto Matell\u00e1n, economista jefe de Mapfre Inversiones. A continuaci\u00f3n, ha comenzado el primer debate sobre \u2018El compromiso de la gran empresa con la sociedad y el territorio\u2019, que ha contado con las intervenciones de Mar\u00eda Paz Robina, directora general de Michelin para Espa\u00f1a y Portugal, y Jos\u00e9 Manuel Inchausti, vicepresidente y CEO de Mapfre Iberia. Tras este debate, se ha abierto una mesa redonda para tratar el tema de \u2018El impacto social de la empresa desde el punto de vista del inversor\u2019, con la participaci\u00f3n de Jos\u00e9 Mar\u00eda L\u00f3pez, director de Sostenibilidad de Unicaja; Juan Luis L\u00f3pez, CEO de Renta4, y Jos\u00e9 Luis Jim\u00e9nez, director general de Inversiones de <a href=\"https:\/\/intelsynet.com\/mapfre-am-lanza-una-nueva-web-para-impulsar-su-compromiso-con-las-finanzas-sostenibles\/\">Mapfre<\/a>.<\/p>\n<p>La \u00faltima mesa redonda de la jornada, \u2018Empresa y persona: \u00bfpuede la actividad inversora y empresarial fomentar el desarrollo de la persona?\u2019, ha venido de mano de Gabriela Guti\u00e9rrez-Huerter O, profesora de negocios internacionales del King&#8217;s College London; Ignacio Tremi\u00f1o, director de Atenci\u00f3n a la Discapacidad de la Comunidad de Madrid, e Inmaculada Llibrer Escrig, vicedecana de ADE en la Universidad Cat\u00f3lica de Valencia. La clausura del acto ha sido a cargo de Montserrat Mart\u00ednez Parera, vicepresidenta de la Comisi\u00f3n Nacional del Mercado de Valores (CNMV).<\/p>\n<p>El encuentro\u00a0 del <strong>II Foro del Observatorio Mapfre de Finanzas Sostenibles<\/strong> se ha podido seguirse en &#8216;streaming&#8217; en El Confidencial y se puede volver a seguir en diferido en Youtube.<\/p>\n<\/div>\n<\/div><div class=\"fusion-sep-clear\"><\/div><div class=\"fusion-separator fusion-full-width-sep\" style=\"margin-left: auto;margin-right: auto;margin-top:20px;margin-bottom:20px;width:100%;\"><\/div><div class=\"fusion-sep-clear\"><\/div><div class=\"fusion-align-block\"><style>.fusion-button.button-1 .fusion-button-text{color:#333333;text-transform:none;}.fusion-button.button-1 i{color:#333333;}.fusion-button.button-1{border-color:#2b2b2b;border-radius:2px 2px 2px 2px;background:rgba(144,201,232,0);background-image:linear-gradient(180deg,rgba(144,201,232,0) 0%,rgba(90,171,214,0) 100%);}.fusion-button.button-1:hover .fusion-button-text,.fusion-button.button-1:hover i,.fusion-button.button-1:focus .fusion-button-text,.fusion-button.button-1:focus i,.fusion-button.button-1:active .fusion-button-text,.fusion-button.button-1:active i{color:#03a9f4;}.fusion-button.button-1:hover,.fusion-button.button-1:active,.fusion-button.button-1:focus{border-color:#03a9f4;background:rgba(90,171,214,0);background-image:linear-gradient(180deg,rgba(90,171,214,0) 0%,rgba(144,201,232,0) 100%);}<\/style><a class=\"fusion-button button-flat fusion-button-default-size button-custom button-1 fusion-button-span-yes fusion-button-default-type\" target=\"_blank\" rel=\"noopener noreferrer\" href=\"https:\/\/www.elconfidencial.com\/mercados\/2021-11-05\/finanzas-sostenibles-bra_3318786\/\"><span class=\"fusion-button-text\">Leer art\u00edculo completo<\/span><\/a><\/div><div class=\"fusion-clearfix\"><\/div><\/div><\/div><\/div><\/div>\n","protected":false},"excerpt":{"rendered":"","protected":false},"author":1,"featured_media":2734,"comment_status":"open","ping_status":"open","sticky":false,"template":"","format":"standard","meta":{"footnotes":""},"categories":[2],"tags":[],"class_list":["post-2733","post","type-post","status-publish","format-standard","has-post-thumbnail","hentry","category-nuestros-articulos"],"yoast_head":"<!-- This site is optimized with the Yoast SEO plugin v27.5 - https:\/\/yoast.com\/product\/yoast-seo-wordpress\/ -->\n<title>II Foro del Observatorio Mapfre de Finanzas Sostenibles - Intelsynet<\/title>\n<meta name=\"description\" content=\"Segundo foro del Observatorio Mapfre de Finanzas Sostenibles, punto de encuentro para los expertos financieros y acad\u00e9micos del sector.\" \/>\n<meta name=\"robots\" content=\"index, follow, max-snippet:-1, max-image-preview:large, max-video-preview:-1\" \/>\n<link rel=\"canonical\" href=\"https:\/\/intelsynet.com\/observatorio-mapfre-de-finanzas-sostenibles\/\" \/>\n<meta property=\"og:locale\" content=\"es_ES\" \/>\n<meta property=\"og:type\" content=\"article\" \/>\n<meta property=\"og:title\" content=\"II Foro del Observatorio Mapfre de Finanzas Sostenibles - Intelsynet\" \/>\n<meta property=\"og:description\" content=\"Segundo foro del Observatorio Mapfre de Finanzas Sostenibles, punto de encuentro para los expertos financieros y acad\u00e9micos del sector.\" \/>\n<meta property=\"og:url\" content=\"https:\/\/intelsynet.com\/observatorio-mapfre-de-finanzas-sostenibles\/\" \/>\n<meta property=\"og:site_name\" content=\"Intelsynet\" \/>\n<meta property=\"article:published_time\" content=\"2021-11-17T08:00:20+00:00\" \/>\n<meta property=\"og:image\" content=\"https:\/\/intelsynet.com\/wp-content\/uploads\/2021\/11\/maxresdefault.jpg\" \/>\n\t<meta property=\"og:image:width\" content=\"1164\" \/>\n\t<meta property=\"og:image:height\" content=\"720\" \/>\n\t<meta property=\"og:image:type\" content=\"image\/jpeg\" \/>\n<meta name=\"author\" content=\"produccion\" \/>\n<meta name=\"twitter:card\" content=\"summary_large_image\" \/>\n<meta name=\"twitter:label1\" content=\"Escrito por\" \/>\n\t<meta name=\"twitter:data1\" content=\"produccion\" \/>\n\t<meta name=\"twitter:label2\" content=\"Tiempo de lectura\" \/>\n\t<meta name=\"twitter:data2\" content=\"3 minutos\" \/>\n<script type=\"application\/ld+json\" class=\"yoast-schema-graph\">{\"@context\":\"https:\\\/\\\/schema.org\",\"@graph\":[{\"@type\":\"Article\",\"@id\":\"https:\\\/\\\/intelsynet.com\\\/observatorio-mapfre-de-finanzas-sostenibles\\\/#article\",\"isPartOf\":{\"@id\":\"https:\\\/\\\/intelsynet.com\\\/observatorio-mapfre-de-finanzas-sostenibles\\\/\"},\"author\":{\"name\":\"produccion\",\"@id\":\"https:\\\/\\\/intelsynet.com\\\/es\\\/#\\\/schema\\\/person\\\/62b4711a8de3423f0f1537cb5daa1748\"},\"headline\":\"II Foro del Observatorio Mapfre de Finanzas Sostenibles\",\"datePublished\":\"2021-11-17T08:00:20+00:00\",\"mainEntityOfPage\":{\"@id\":\"https:\\\/\\\/intelsynet.com\\\/observatorio-mapfre-de-finanzas-sostenibles\\\/\"},\"wordCount\":684,\"commentCount\":0,\"image\":{\"@id\":\"https:\\\/\\\/intelsynet.com\\\/observatorio-mapfre-de-finanzas-sostenibles\\\/#primaryimage\"},\"thumbnailUrl\":\"https:\\\/\\\/intelsynet.com\\\/wp-content\\\/uploads\\\/2021\\\/11\\\/maxresdefault.jpg\",\"articleSection\":[\"Art\u00edculos\"],\"inLanguage\":\"es\",\"potentialAction\":[{\"@type\":\"CommentAction\",\"name\":\"Comment\",\"target\":[\"https:\\\/\\\/intelsynet.com\\\/observatorio-mapfre-de-finanzas-sostenibles\\\/#respond\"]}]},{\"@type\":\"WebPage\",\"@id\":\"https:\\\/\\\/intelsynet.com\\\/observatorio-mapfre-de-finanzas-sostenibles\\\/\",\"url\":\"https:\\\/\\\/intelsynet.com\\\/observatorio-mapfre-de-finanzas-sostenibles\\\/\",\"name\":\"II Foro del Observatorio Mapfre de Finanzas Sostenibles - Intelsynet\",\"isPartOf\":{\"@id\":\"https:\\\/\\\/intelsynet.com\\\/es\\\/#website\"},\"primaryImageOfPage\":{\"@id\":\"https:\\\/\\\/intelsynet.com\\\/observatorio-mapfre-de-finanzas-sostenibles\\\/#primaryimage\"},\"image\":{\"@id\":\"https:\\\/\\\/intelsynet.com\\\/observatorio-mapfre-de-finanzas-sostenibles\\\/#primaryimage\"},\"thumbnailUrl\":\"https:\\\/\\\/intelsynet.com\\\/wp-content\\\/uploads\\\/2021\\\/11\\\/maxresdefault.jpg\",\"datePublished\":\"2021-11-17T08:00:20+00:00\",\"author\":{\"@id\":\"https:\\\/\\\/intelsynet.com\\\/es\\\/#\\\/schema\\\/person\\\/62b4711a8de3423f0f1537cb5daa1748\"},\"description\":\"Segundo foro del Observatorio Mapfre de Finanzas Sostenibles, punto de encuentro para los expertos financieros y acad\u00e9micos del sector.\",\"breadcrumb\":{\"@id\":\"https:\\\/\\\/intelsynet.com\\\/observatorio-mapfre-de-finanzas-sostenibles\\\/#breadcrumb\"},\"inLanguage\":\"es\",\"potentialAction\":[{\"@type\":\"ReadAction\",\"target\":[\"https:\\\/\\\/intelsynet.com\\\/observatorio-mapfre-de-finanzas-sostenibles\\\/\"]}]},{\"@type\":\"ImageObject\",\"inLanguage\":\"es\",\"@id\":\"https:\\\/\\\/intelsynet.com\\\/observatorio-mapfre-de-finanzas-sostenibles\\\/#primaryimage\",\"url\":\"https:\\\/\\\/intelsynet.com\\\/wp-content\\\/uploads\\\/2021\\\/11\\\/maxresdefault.jpg\",\"contentUrl\":\"https:\\\/\\\/intelsynet.com\\\/wp-content\\\/uploads\\\/2021\\\/11\\\/maxresdefault.jpg\",\"width\":1164,\"height\":720,\"caption\":\"observatorio mapfre\"},{\"@type\":\"BreadcrumbList\",\"@id\":\"https:\\\/\\\/intelsynet.com\\\/observatorio-mapfre-de-finanzas-sostenibles\\\/#breadcrumb\",\"itemListElement\":[{\"@type\":\"ListItem\",\"position\":1,\"name\":\"Portada\",\"item\":\"https:\\\/\\\/intelsynet.com\\\/\"},{\"@type\":\"ListItem\",\"position\":2,\"name\":\"II Foro del Observatorio Mapfre de Finanzas Sostenibles\"}]},{\"@type\":\"WebSite\",\"@id\":\"https:\\\/\\\/intelsynet.com\\\/es\\\/#website\",\"url\":\"https:\\\/\\\/intelsynet.com\\\/es\\\/\",\"name\":\"Intelsynet\",\"description\":\"Advisory Services\",\"potentialAction\":[{\"@type\":\"SearchAction\",\"target\":{\"@type\":\"EntryPoint\",\"urlTemplate\":\"https:\\\/\\\/intelsynet.com\\\/es\\\/?s={search_term_string}\"},\"query-input\":{\"@type\":\"PropertyValueSpecification\",\"valueRequired\":true,\"valueName\":\"search_term_string\"}}],\"inLanguage\":\"es\"},{\"@type\":\"Person\",\"@id\":\"https:\\\/\\\/intelsynet.com\\\/es\\\/#\\\/schema\\\/person\\\/62b4711a8de3423f0f1537cb5daa1748\",\"name\":\"produccion\",\"image\":{\"@type\":\"ImageObject\",\"inLanguage\":\"es\",\"@id\":\"https:\\\/\\\/secure.gravatar.com\\\/avatar\\\/bbda47eeca6a4d008c3cda344ed3cf00b82bd1a9f9fb41804c887c2ac269b8ec?s=96&d=mm&r=g\",\"url\":\"https:\\\/\\\/secure.gravatar.com\\\/avatar\\\/bbda47eeca6a4d008c3cda344ed3cf00b82bd1a9f9fb41804c887c2ac269b8ec?s=96&d=mm&r=g\",\"contentUrl\":\"https:\\\/\\\/secure.gravatar.com\\\/avatar\\\/bbda47eeca6a4d008c3cda344ed3cf00b82bd1a9f9fb41804c887c2ac269b8ec?s=96&d=mm&r=g\",\"caption\":\"produccion\"},\"url\":\"https:\\\/\\\/intelsynet.com\\\/es\\\/author\\\/produccion\\\/\"}]}<\/script>\n<!-- \/ Yoast SEO plugin. -->","yoast_head_json":{"title":"II Foro del Observatorio Mapfre de Finanzas Sostenibles - Intelsynet","description":"Segundo foro del Observatorio Mapfre de Finanzas Sostenibles, punto de encuentro para los expertos financieros y acad\u00e9micos del sector.","robots":{"index":"index","follow":"follow","max-snippet":"max-snippet:-1","max-image-preview":"max-image-preview:large","max-video-preview":"max-video-preview:-1"},"canonical":"https:\/\/intelsynet.com\/observatorio-mapfre-de-finanzas-sostenibles\/","og_locale":"es_ES","og_type":"article","og_title":"II Foro del Observatorio Mapfre de Finanzas Sostenibles - Intelsynet","og_description":"Segundo foro del Observatorio Mapfre de Finanzas Sostenibles, punto de encuentro para los expertos financieros y acad\u00e9micos del sector.","og_url":"https:\/\/intelsynet.com\/observatorio-mapfre-de-finanzas-sostenibles\/","og_site_name":"Intelsynet","article_published_time":"2021-11-17T08:00:20+00:00","og_image":[{"width":1164,"height":720,"url":"https:\/\/intelsynet.com\/wp-content\/uploads\/2021\/11\/maxresdefault.jpg","type":"image\/jpeg"}],"author":"produccion","twitter_card":"summary_large_image","twitter_misc":{"Escrito por":"produccion","Tiempo de lectura":"3 minutos"},"schema":{"@context":"https:\/\/schema.org","@graph":[{"@type":"Article","@id":"https:\/\/intelsynet.com\/observatorio-mapfre-de-finanzas-sostenibles\/#article","isPartOf":{"@id":"https:\/\/intelsynet.com\/observatorio-mapfre-de-finanzas-sostenibles\/"},"author":{"name":"produccion","@id":"https:\/\/intelsynet.com\/es\/#\/schema\/person\/62b4711a8de3423f0f1537cb5daa1748"},"headline":"II Foro del Observatorio Mapfre de Finanzas Sostenibles","datePublished":"2021-11-17T08:00:20+00:00","mainEntityOfPage":{"@id":"https:\/\/intelsynet.com\/observatorio-mapfre-de-finanzas-sostenibles\/"},"wordCount":684,"commentCount":0,"image":{"@id":"https:\/\/intelsynet.com\/observatorio-mapfre-de-finanzas-sostenibles\/#primaryimage"},"thumbnailUrl":"https:\/\/intelsynet.com\/wp-content\/uploads\/2021\/11\/maxresdefault.jpg","articleSection":["Art\u00edculos"],"inLanguage":"es","potentialAction":[{"@type":"CommentAction","name":"Comment","target":["https:\/\/intelsynet.com\/observatorio-mapfre-de-finanzas-sostenibles\/#respond"]}]},{"@type":"WebPage","@id":"https:\/\/intelsynet.com\/observatorio-mapfre-de-finanzas-sostenibles\/","url":"https:\/\/intelsynet.com\/observatorio-mapfre-de-finanzas-sostenibles\/","name":"II Foro del Observatorio Mapfre de Finanzas Sostenibles - Intelsynet","isPartOf":{"@id":"https:\/\/intelsynet.com\/es\/#website"},"primaryImageOfPage":{"@id":"https:\/\/intelsynet.com\/observatorio-mapfre-de-finanzas-sostenibles\/#primaryimage"},"image":{"@id":"https:\/\/intelsynet.com\/observatorio-mapfre-de-finanzas-sostenibles\/#primaryimage"},"thumbnailUrl":"https:\/\/intelsynet.com\/wp-content\/uploads\/2021\/11\/maxresdefault.jpg","datePublished":"2021-11-17T08:00:20+00:00","author":{"@id":"https:\/\/intelsynet.com\/es\/#\/schema\/person\/62b4711a8de3423f0f1537cb5daa1748"},"description":"Segundo foro del Observatorio Mapfre de Finanzas Sostenibles, punto de encuentro para los expertos financieros y acad\u00e9micos del sector.","breadcrumb":{"@id":"https:\/\/intelsynet.com\/observatorio-mapfre-de-finanzas-sostenibles\/#breadcrumb"},"inLanguage":"es","potentialAction":[{"@type":"ReadAction","target":["https:\/\/intelsynet.com\/observatorio-mapfre-de-finanzas-sostenibles\/"]}]},{"@type":"ImageObject","inLanguage":"es","@id":"https:\/\/intelsynet.com\/observatorio-mapfre-de-finanzas-sostenibles\/#primaryimage","url":"https:\/\/intelsynet.com\/wp-content\/uploads\/2021\/11\/maxresdefault.jpg","contentUrl":"https:\/\/intelsynet.com\/wp-content\/uploads\/2021\/11\/maxresdefault.jpg","width":1164,"height":720,"caption":"observatorio mapfre"},{"@type":"BreadcrumbList","@id":"https:\/\/intelsynet.com\/observatorio-mapfre-de-finanzas-sostenibles\/#breadcrumb","itemListElement":[{"@type":"ListItem","position":1,"name":"Portada","item":"https:\/\/intelsynet.com\/"},{"@type":"ListItem","position":2,"name":"II Foro del Observatorio Mapfre de Finanzas Sostenibles"}]},{"@type":"WebSite","@id":"https:\/\/intelsynet.com\/es\/#website","url":"https:\/\/intelsynet.com\/es\/","name":"Intelsynet","description":"Advisory Services","potentialAction":[{"@type":"SearchAction","target":{"@type":"EntryPoint","urlTemplate":"https:\/\/intelsynet.com\/es\/?s={search_term_string}"},"query-input":{"@type":"PropertyValueSpecification","valueRequired":true,"valueName":"search_term_string"}}],"inLanguage":"es"},{"@type":"Person","@id":"https:\/\/intelsynet.com\/es\/#\/schema\/person\/62b4711a8de3423f0f1537cb5daa1748","name":"produccion","image":{"@type":"ImageObject","inLanguage":"es","@id":"https:\/\/secure.gravatar.com\/avatar\/bbda47eeca6a4d008c3cda344ed3cf00b82bd1a9f9fb41804c887c2ac269b8ec?s=96&d=mm&r=g","url":"https:\/\/secure.gravatar.com\/avatar\/bbda47eeca6a4d008c3cda344ed3cf00b82bd1a9f9fb41804c887c2ac269b8ec?s=96&d=mm&r=g","contentUrl":"https:\/\/secure.gravatar.com\/avatar\/bbda47eeca6a4d008c3cda344ed3cf00b82bd1a9f9fb41804c887c2ac269b8ec?s=96&d=mm&r=g","caption":"produccion"},"url":"https:\/\/intelsynet.com\/es\/author\/produccion\/"}]}},"_links":{"self":[{"href":"https:\/\/intelsynet.com\/es\/wp-json\/wp\/v2\/posts\/2733","targetHints":{"allow":["GET"]}}],"collection":[{"href":"https:\/\/intelsynet.com\/es\/wp-json\/wp\/v2\/posts"}],"about":[{"href":"https:\/\/intelsynet.com\/es\/wp-json\/wp\/v2\/types\/post"}],"author":[{"embeddable":true,"href":"https:\/\/intelsynet.com\/es\/wp-json\/wp\/v2\/users\/1"}],"replies":[{"embeddable":true,"href":"https:\/\/intelsynet.com\/es\/wp-json\/wp\/v2\/comments?post=2733"}],"version-history":[{"count":1,"href":"https:\/\/intelsynet.com\/es\/wp-json\/wp\/v2\/posts\/2733\/revisions"}],"predecessor-version":[{"id":2735,"href":"https:\/\/intelsynet.com\/es\/wp-json\/wp\/v2\/posts\/2733\/revisions\/2735"}],"wp:featuredmedia":[{"embeddable":true,"href":"https:\/\/intelsynet.com\/es\/wp-json\/wp\/v2\/media\/2734"}],"wp:attachment":[{"href":"https:\/\/intelsynet.com\/es\/wp-json\/wp\/v2\/media?parent=2733"}],"wp:term":[{"taxonomy":"category","embeddable":true,"href":"https:\/\/intelsynet.com\/es\/wp-json\/wp\/v2\/categories?post=2733"},{"taxonomy":"post_tag","embeddable":true,"href":"https:\/\/intelsynet.com\/es\/wp-json\/wp\/v2\/tags?post=2733"}],"curies":[{"name":"wp","href":"https:\/\/api.w.org\/{rel}","templated":true}]}}