{"id":2587,"date":"2021-10-15T15:02:12","date_gmt":"2021-10-15T15:02:12","guid":{"rendered":"https:\/\/intelsynet.com\/?p=2587"},"modified":"2021-10-15T15:05:51","modified_gmt":"2021-10-15T15:05:51","slug":"maas","status":"publish","type":"post","link":"https:\/\/intelsynet.com\/es\/maas\/","title":{"rendered":"La movilidad como servicio (Maas) Mercado 2021"},"content":{"rendered":"<div class=\"fusion-fullwidth fullwidth-box fusion-builder-row-1 nonhundred-percent-fullwidth non-hundred-percent-height-scrolling\" style=\"background-color: rgba(255,255,255,0);background-position: center center;background-repeat: no-repeat;padding-top:0px;padding-right:0px;padding-bottom:0px;padding-left:0px;margin-bottom: 0px;margin-top: 0px;border-width: 0px 0px 0px 0px;border-color:rgba(97,158,133,0);border-style:solid;\" ><div class=\"fusion-builder-row fusion-row\"><div class=\"fusion-layout-column fusion_builder_column fusion-builder-column-0 fusion_builder_column_1_1 1_1 fusion-one-full fusion-column-first fusion-column-last\" style=\"margin-top:0px;margin-bottom:0px;\"><div class=\"fusion-column-wrapper fusion-flex-column-wrapper-legacy\" style=\"background-position:left top;background-repeat:no-repeat;-webkit-background-size:cover;-moz-background-size:cover;-o-background-size:cover;background-size:cover;padding: 0px 0px 0px 0px;\"><div class=\"fusion-text fusion-text-1\"><header class=\"entry-header\">\n<p class=\"entry-title\">Informe introducci\u00f3n y descripci\u00f3n general, An\u00e1lisis de la cadena de la <a href=\"https:\/\/intelsynet.com\/gigafactorias\/\">industria<\/a>, segmentaci\u00f3n y regiones, prev\u00e9n a 2025 con los datos de los pa\u00edses l\u00edderes<\/p>\n<\/header>\n<div class=\"entry-content\">\n<p>El Informe de Investigaci\u00f3n del La movilidad como servicio (Maas) Mercado 2021 contiene una amplia informaci\u00f3n genuina en el mercado que se conecta con los clientes para planificar el inter\u00e9s futuro y realizar la implementaci\u00f3n correcta. El informe del La movilidad como servicio (Maas) mercado gu\u00eda a todos los empresarios para su futura innovaci\u00f3n y mueve el negocio hacia adelante al proporcionar todos los datos de mercado, la percepci\u00f3n y el an\u00e1lisis de expertos con informaci\u00f3n f\u00e1cilmente digerible. El informe comprende un an\u00e1lisis en profundidad de la industria global de La movilidad como servicio (Maas), que tiene como objetivo ofrecer un estudio integral de inteligencia de mercado asociado con los principales componentes del mercado.<\/p>\n<p>En COVID-19 brote, cap\u00edtulo 2.2 del presente informe ofrece un an\u00e1lisis del impacto de COVID-19 sobre la econom\u00eda global y la industria La movilidad como servicio (Maas).<br \/>Cap\u00edtulo 3.7 cubre el an\u00e1lisis del impacto de COVID-19 desde la perspectiva de la cadena de la industria. Adem\u00e1s, los cap\u00edtulos 7-11 consideran el impacto de COVID-19 en la econom\u00eda regional.<\/p>\n<p>Informe final se sumar\u00e1 el an\u00e1lisis del impacto de COVID-19 en esta industria.<br \/>Saber c\u00f3mo COVID-19 pandemia Impacto La movilidad como servicio (Maas) Mercado \/ Solicitud Industria- una copia de muestra del informe \u2013 <a class=\"autohyperlink\" href=\"http:\/\/www.360researchreports.com\/enquiry\/request-covid19\/16918816\">www.360researchreports.com\/enquiry\/request-covid19\/16918816<\/a><\/p>\n<p>En este informe se elabora el tama\u00f1o del mercado, las caracter\u00edsticas del mercado, y el crecimiento del mercado de la industria La movilidad como servicio (Maas), y se desglosa en funci\u00f3n del tipo, la aplicaci\u00f3n, y la zona de consumo de La movilidad como servicio (Maas). El informe tambi\u00e9n se llev\u00f3 a cabo un an\u00e1lisis PESTEL de la industria para estudiar los factores que influyen y barreras a la entrada de la industria principal.<\/p>\n<\/div>\n<\/div><div class=\"fusion-sep-clear\"><\/div><div class=\"fusion-separator fusion-full-width-sep\" style=\"margin-left: auto;margin-right: auto;margin-top:20px;margin-bottom:20px;width:100%;\"><\/div><div class=\"fusion-sep-clear\"><\/div><div class=\"fusion-align-block\"><style>.fusion-button.button-1 .fusion-button-text{color:#333333;text-transform:none;}.fusion-button.button-1 i{color:#333333;}.fusion-button.button-1{border-color:#2b2b2b;border-radius:2px 2px 2px 2px;background:rgba(144,201,232,0);background-image:linear-gradient(180deg,rgba(144,201,232,0) 0%,rgba(90,171,214,0) 100%);}.fusion-button.button-1:hover .fusion-button-text,.fusion-button.button-1:hover i,.fusion-button.button-1:focus .fusion-button-text,.fusion-button.button-1:focus i,.fusion-button.button-1:active .fusion-button-text,.fusion-button.button-1:active i{color:#03a9f4;}.fusion-button.button-1:hover,.fusion-button.button-1:active,.fusion-button.button-1:focus{border-color:#03a9f4;background:rgba(90,171,214,0);background-image:linear-gradient(180deg,rgba(90,171,214,0) 0%,rgba(144,201,232,0) 100%);}<\/style><a class=\"fusion-button button-flat fusion-button-default-size button-custom button-1 fusion-button-span-yes fusion-button-default-type\" target=\"_blank\" rel=\"noopener noreferrer\" href=\"https:\/\/www.hibridosyelectricos.com\/articulo\/actualidad\/dilema-litio-precio-aumenta-baterias-coches-electricos\/20211006184816050001.html\"><span class=\"fusion-button-text\">Leer art\u00edculo completo<\/span><\/a><\/div><div class=\"fusion-clearfix\"><\/div><\/div><\/div><\/div><\/div>\n","protected":false},"excerpt":{"rendered":"","protected":false},"author":1,"featured_media":2601,"comment_status":"open","ping_status":"open","sticky":false,"template":"","format":"standard","meta":{"footnotes":""},"categories":[2],"tags":[],"class_list":["post-2587","post","type-post","status-publish","format-standard","has-post-thumbnail","hentry","category-nuestros-articulos"],"yoast_head":"<!-- This site is optimized with the Yoast SEO plugin v27.5 - https:\/\/yoast.com\/product\/yoast-seo-wordpress\/ -->\n<title>La movilidad como servicio (Maas) Mercado 2021 - Intelsynet<\/title>\n<meta name=\"description\" content=\"Informe de Investigaci\u00f3n del la movilidad como servicio (Maas) Mercado 2021: informaci\u00f3n para planificar el inter\u00e9s futuro.\" \/>\n<meta name=\"robots\" content=\"index, follow, max-snippet:-1, max-image-preview:large, max-video-preview:-1\" \/>\n<link rel=\"canonical\" href=\"https:\/\/intelsynet.com\/maas\/\" \/>\n<meta property=\"og:locale\" content=\"es_ES\" \/>\n<meta property=\"og:type\" content=\"article\" \/>\n<meta property=\"og:title\" content=\"La movilidad como servicio (Maas) Mercado 2021 - Intelsynet\" \/>\n<meta property=\"og:description\" content=\"Informe de Investigaci\u00f3n del la movilidad como servicio (Maas) Mercado 2021: informaci\u00f3n para planificar el inter\u00e9s futuro.\" \/>\n<meta property=\"og:url\" content=\"https:\/\/intelsynet.com\/maas\/\" \/>\n<meta property=\"og:site_name\" content=\"Intelsynet\" \/>\n<meta property=\"article:published_time\" content=\"2021-10-15T15:02:12+00:00\" \/>\n<meta property=\"article:modified_time\" content=\"2021-10-15T15:05:51+00:00\" \/>\n<meta property=\"og:image\" content=\"https:\/\/intelsynet.com\/wp-content\/uploads\/2021\/10\/Maas.jpg\" \/>\n\t<meta property=\"og:image:width\" content=\"1200\" \/>\n\t<meta property=\"og:image:height\" content=\"742\" \/>\n\t<meta property=\"og:image:type\" content=\"image\/jpeg\" \/>\n<meta name=\"author\" content=\"produccion\" \/>\n<meta name=\"twitter:card\" content=\"summary_large_image\" \/>\n<meta name=\"twitter:label1\" content=\"Escrito por\" \/>\n\t<meta name=\"twitter:data1\" content=\"produccion\" \/>\n\t<meta name=\"twitter:label2\" content=\"Tiempo de lectura\" \/>\n\t<meta name=\"twitter:data2\" content=\"4 minutos\" \/>\n<script type=\"application\/ld+json\" class=\"yoast-schema-graph\">{\"@context\":\"https:\\\/\\\/schema.org\",\"@graph\":[{\"@type\":\"Article\",\"@id\":\"https:\\\/\\\/intelsynet.com\\\/maas\\\/#article\",\"isPartOf\":{\"@id\":\"https:\\\/\\\/intelsynet.com\\\/maas\\\/\"},\"author\":{\"name\":\"produccion\",\"@id\":\"https:\\\/\\\/intelsynet.com\\\/es\\\/#\\\/schema\\\/person\\\/62b4711a8de3423f0f1537cb5daa1748\"},\"headline\":\"La movilidad como servicio (Maas) Mercado 2021\",\"datePublished\":\"2021-10-15T15:02:12+00:00\",\"dateModified\":\"2021-10-15T15:05:51+00:00\",\"mainEntityOfPage\":{\"@id\":\"https:\\\/\\\/intelsynet.com\\\/maas\\\/\"},\"wordCount\":717,\"commentCount\":0,\"image\":{\"@id\":\"https:\\\/\\\/intelsynet.com\\\/maas\\\/#primaryimage\"},\"thumbnailUrl\":\"https:\\\/\\\/intelsynet.com\\\/wp-content\\\/uploads\\\/2021\\\/10\\\/Maas.jpg\",\"articleSection\":[\"Art\u00edculos\"],\"inLanguage\":\"es\",\"potentialAction\":[{\"@type\":\"CommentAction\",\"name\":\"Comment\",\"target\":[\"https:\\\/\\\/intelsynet.com\\\/maas\\\/#respond\"]}]},{\"@type\":\"WebPage\",\"@id\":\"https:\\\/\\\/intelsynet.com\\\/maas\\\/\",\"url\":\"https:\\\/\\\/intelsynet.com\\\/maas\\\/\",\"name\":\"La movilidad como servicio (Maas) Mercado 2021 - Intelsynet\",\"isPartOf\":{\"@id\":\"https:\\\/\\\/intelsynet.com\\\/es\\\/#website\"},\"primaryImageOfPage\":{\"@id\":\"https:\\\/\\\/intelsynet.com\\\/maas\\\/#primaryimage\"},\"image\":{\"@id\":\"https:\\\/\\\/intelsynet.com\\\/maas\\\/#primaryimage\"},\"thumbnailUrl\":\"https:\\\/\\\/intelsynet.com\\\/wp-content\\\/uploads\\\/2021\\\/10\\\/Maas.jpg\",\"datePublished\":\"2021-10-15T15:02:12+00:00\",\"dateModified\":\"2021-10-15T15:05:51+00:00\",\"author\":{\"@id\":\"https:\\\/\\\/intelsynet.com\\\/es\\\/#\\\/schema\\\/person\\\/62b4711a8de3423f0f1537cb5daa1748\"},\"description\":\"Informe de Investigaci\u00f3n del la movilidad como servicio (Maas) Mercado 2021: informaci\u00f3n para planificar el inter\u00e9s futuro.\",\"breadcrumb\":{\"@id\":\"https:\\\/\\\/intelsynet.com\\\/maas\\\/#breadcrumb\"},\"inLanguage\":\"es\",\"potentialAction\":[{\"@type\":\"ReadAction\",\"target\":[\"https:\\\/\\\/intelsynet.com\\\/maas\\\/\"]}]},{\"@type\":\"ImageObject\",\"inLanguage\":\"es\",\"@id\":\"https:\\\/\\\/intelsynet.com\\\/maas\\\/#primaryimage\",\"url\":\"https:\\\/\\\/intelsynet.com\\\/wp-content\\\/uploads\\\/2021\\\/10\\\/Maas.jpg\",\"contentUrl\":\"https:\\\/\\\/intelsynet.com\\\/wp-content\\\/uploads\\\/2021\\\/10\\\/Maas.jpg\",\"width\":1200,\"height\":742,\"caption\":\"Maas\"},{\"@type\":\"BreadcrumbList\",\"@id\":\"https:\\\/\\\/intelsynet.com\\\/maas\\\/#breadcrumb\",\"itemListElement\":[{\"@type\":\"ListItem\",\"position\":1,\"name\":\"Portada\",\"item\":\"https:\\\/\\\/intelsynet.com\\\/\"},{\"@type\":\"ListItem\",\"position\":2,\"name\":\"La movilidad como servicio (Maas) Mercado 2021\"}]},{\"@type\":\"WebSite\",\"@id\":\"https:\\\/\\\/intelsynet.com\\\/es\\\/#website\",\"url\":\"https:\\\/\\\/intelsynet.com\\\/es\\\/\",\"name\":\"Intelsynet\",\"description\":\"Advisory Services\",\"potentialAction\":[{\"@type\":\"SearchAction\",\"target\":{\"@type\":\"EntryPoint\",\"urlTemplate\":\"https:\\\/\\\/intelsynet.com\\\/es\\\/?s={search_term_string}\"},\"query-input\":{\"@type\":\"PropertyValueSpecification\",\"valueRequired\":true,\"valueName\":\"search_term_string\"}}],\"inLanguage\":\"es\"},{\"@type\":\"Person\",\"@id\":\"https:\\\/\\\/intelsynet.com\\\/es\\\/#\\\/schema\\\/person\\\/62b4711a8de3423f0f1537cb5daa1748\",\"name\":\"produccion\",\"image\":{\"@type\":\"ImageObject\",\"inLanguage\":\"es\",\"@id\":\"https:\\\/\\\/secure.gravatar.com\\\/avatar\\\/bbda47eeca6a4d008c3cda344ed3cf00b82bd1a9f9fb41804c887c2ac269b8ec?s=96&d=mm&r=g\",\"url\":\"https:\\\/\\\/secure.gravatar.com\\\/avatar\\\/bbda47eeca6a4d008c3cda344ed3cf00b82bd1a9f9fb41804c887c2ac269b8ec?s=96&d=mm&r=g\",\"contentUrl\":\"https:\\\/\\\/secure.gravatar.com\\\/avatar\\\/bbda47eeca6a4d008c3cda344ed3cf00b82bd1a9f9fb41804c887c2ac269b8ec?s=96&d=mm&r=g\",\"caption\":\"produccion\"},\"url\":\"https:\\\/\\\/intelsynet.com\\\/es\\\/author\\\/produccion\\\/\"}]}<\/script>\n<!-- \/ Yoast SEO plugin. -->","yoast_head_json":{"title":"La movilidad como servicio (Maas) Mercado 2021 - Intelsynet","description":"Informe de Investigaci\u00f3n del la movilidad como servicio (Maas) Mercado 2021: informaci\u00f3n para planificar el inter\u00e9s futuro.","robots":{"index":"index","follow":"follow","max-snippet":"max-snippet:-1","max-image-preview":"max-image-preview:large","max-video-preview":"max-video-preview:-1"},"canonical":"https:\/\/intelsynet.com\/maas\/","og_locale":"es_ES","og_type":"article","og_title":"La movilidad como servicio (Maas) Mercado 2021 - Intelsynet","og_description":"Informe de Investigaci\u00f3n del la movilidad como servicio (Maas) Mercado 2021: informaci\u00f3n para planificar el inter\u00e9s futuro.","og_url":"https:\/\/intelsynet.com\/maas\/","og_site_name":"Intelsynet","article_published_time":"2021-10-15T15:02:12+00:00","article_modified_time":"2021-10-15T15:05:51+00:00","og_image":[{"width":1200,"height":742,"url":"https:\/\/intelsynet.com\/wp-content\/uploads\/2021\/10\/Maas.jpg","type":"image\/jpeg"}],"author":"produccion","twitter_card":"summary_large_image","twitter_misc":{"Escrito por":"produccion","Tiempo de lectura":"4 minutos"},"schema":{"@context":"https:\/\/schema.org","@graph":[{"@type":"Article","@id":"https:\/\/intelsynet.com\/maas\/#article","isPartOf":{"@id":"https:\/\/intelsynet.com\/maas\/"},"author":{"name":"produccion","@id":"https:\/\/intelsynet.com\/es\/#\/schema\/person\/62b4711a8de3423f0f1537cb5daa1748"},"headline":"La movilidad como servicio (Maas) Mercado 2021","datePublished":"2021-10-15T15:02:12+00:00","dateModified":"2021-10-15T15:05:51+00:00","mainEntityOfPage":{"@id":"https:\/\/intelsynet.com\/maas\/"},"wordCount":717,"commentCount":0,"image":{"@id":"https:\/\/intelsynet.com\/maas\/#primaryimage"},"thumbnailUrl":"https:\/\/intelsynet.com\/wp-content\/uploads\/2021\/10\/Maas.jpg","articleSection":["Art\u00edculos"],"inLanguage":"es","potentialAction":[{"@type":"CommentAction","name":"Comment","target":["https:\/\/intelsynet.com\/maas\/#respond"]}]},{"@type":"WebPage","@id":"https:\/\/intelsynet.com\/maas\/","url":"https:\/\/intelsynet.com\/maas\/","name":"La movilidad como servicio (Maas) Mercado 2021 - Intelsynet","isPartOf":{"@id":"https:\/\/intelsynet.com\/es\/#website"},"primaryImageOfPage":{"@id":"https:\/\/intelsynet.com\/maas\/#primaryimage"},"image":{"@id":"https:\/\/intelsynet.com\/maas\/#primaryimage"},"thumbnailUrl":"https:\/\/intelsynet.com\/wp-content\/uploads\/2021\/10\/Maas.jpg","datePublished":"2021-10-15T15:02:12+00:00","dateModified":"2021-10-15T15:05:51+00:00","author":{"@id":"https:\/\/intelsynet.com\/es\/#\/schema\/person\/62b4711a8de3423f0f1537cb5daa1748"},"description":"Informe de Investigaci\u00f3n del la movilidad como servicio (Maas) Mercado 2021: informaci\u00f3n para planificar el inter\u00e9s futuro.","breadcrumb":{"@id":"https:\/\/intelsynet.com\/maas\/#breadcrumb"},"inLanguage":"es","potentialAction":[{"@type":"ReadAction","target":["https:\/\/intelsynet.com\/maas\/"]}]},{"@type":"ImageObject","inLanguage":"es","@id":"https:\/\/intelsynet.com\/maas\/#primaryimage","url":"https:\/\/intelsynet.com\/wp-content\/uploads\/2021\/10\/Maas.jpg","contentUrl":"https:\/\/intelsynet.com\/wp-content\/uploads\/2021\/10\/Maas.jpg","width":1200,"height":742,"caption":"Maas"},{"@type":"BreadcrumbList","@id":"https:\/\/intelsynet.com\/maas\/#breadcrumb","itemListElement":[{"@type":"ListItem","position":1,"name":"Portada","item":"https:\/\/intelsynet.com\/"},{"@type":"ListItem","position":2,"name":"La movilidad como servicio (Maas) Mercado 2021"}]},{"@type":"WebSite","@id":"https:\/\/intelsynet.com\/es\/#website","url":"https:\/\/intelsynet.com\/es\/","name":"Intelsynet","description":"Advisory Services","potentialAction":[{"@type":"SearchAction","target":{"@type":"EntryPoint","urlTemplate":"https:\/\/intelsynet.com\/es\/?s={search_term_string}"},"query-input":{"@type":"PropertyValueSpecification","valueRequired":true,"valueName":"search_term_string"}}],"inLanguage":"es"},{"@type":"Person","@id":"https:\/\/intelsynet.com\/es\/#\/schema\/person\/62b4711a8de3423f0f1537cb5daa1748","name":"produccion","image":{"@type":"ImageObject","inLanguage":"es","@id":"https:\/\/secure.gravatar.com\/avatar\/bbda47eeca6a4d008c3cda344ed3cf00b82bd1a9f9fb41804c887c2ac269b8ec?s=96&d=mm&r=g","url":"https:\/\/secure.gravatar.com\/avatar\/bbda47eeca6a4d008c3cda344ed3cf00b82bd1a9f9fb41804c887c2ac269b8ec?s=96&d=mm&r=g","contentUrl":"https:\/\/secure.gravatar.com\/avatar\/bbda47eeca6a4d008c3cda344ed3cf00b82bd1a9f9fb41804c887c2ac269b8ec?s=96&d=mm&r=g","caption":"produccion"},"url":"https:\/\/intelsynet.com\/es\/author\/produccion\/"}]}},"_links":{"self":[{"href":"https:\/\/intelsynet.com\/es\/wp-json\/wp\/v2\/posts\/2587","targetHints":{"allow":["GET"]}}],"collection":[{"href":"https:\/\/intelsynet.com\/es\/wp-json\/wp\/v2\/posts"}],"about":[{"href":"https:\/\/intelsynet.com\/es\/wp-json\/wp\/v2\/types\/post"}],"author":[{"embeddable":true,"href":"https:\/\/intelsynet.com\/es\/wp-json\/wp\/v2\/users\/1"}],"replies":[{"embeddable":true,"href":"https:\/\/intelsynet.com\/es\/wp-json\/wp\/v2\/comments?post=2587"}],"version-history":[{"count":1,"href":"https:\/\/intelsynet.com\/es\/wp-json\/wp\/v2\/posts\/2587\/revisions"}],"predecessor-version":[{"id":2602,"href":"https:\/\/intelsynet.com\/es\/wp-json\/wp\/v2\/posts\/2587\/revisions\/2602"}],"wp:featuredmedia":[{"embeddable":true,"href":"https:\/\/intelsynet.com\/es\/wp-json\/wp\/v2\/media\/2601"}],"wp:attachment":[{"href":"https:\/\/intelsynet.com\/es\/wp-json\/wp\/v2\/media?parent=2587"}],"wp:term":[{"taxonomy":"category","embeddable":true,"href":"https:\/\/intelsynet.com\/es\/wp-json\/wp\/v2\/categories?post=2587"},{"taxonomy":"post_tag","embeddable":true,"href":"https:\/\/intelsynet.com\/es\/wp-json\/wp\/v2\/tags?post=2587"}],"curies":[{"name":"wp","href":"https:\/\/api.w.org\/{rel}","templated":true}]}}