{"id":2582,"date":"2021-10-11T11:48:43","date_gmt":"2021-10-11T11:48:43","guid":{"rendered":"https:\/\/intelsynet.com\/?p=2582"},"modified":"2021-10-11T11:48:43","modified_gmt":"2021-10-11T11:48:43","slug":"el-dilema-del-litio-su-precio-aumenta-porque-no-se-extrae","status":"publish","type":"post","link":"https:\/\/intelsynet.com\/es\/el-dilema-del-litio-su-precio-aumenta-porque-no-se-extrae\/","title":{"rendered":"El dilema del litio: su precio aumenta porque no se extrae tan r\u00e1pido como se producen bater\u00edas"},"content":{"rendered":"<div class=\"fusion-fullwidth fullwidth-box fusion-builder-row-1 nonhundred-percent-fullwidth non-hundred-percent-height-scrolling\" style=\"background-color: rgba(255,255,255,0);background-position: center center;background-repeat: no-repeat;padding-top:0px;padding-right:0px;padding-bottom:0px;padding-left:0px;margin-bottom: 0px;margin-top: 0px;border-width: 0px 0px 0px 0px;border-color:rgba(97,158,133,0);border-style:solid;\" ><div class=\"fusion-builder-row fusion-row\"><div class=\"fusion-layout-column fusion_builder_column fusion-builder-column-0 fusion_builder_column_1_1 1_1 fusion-one-full fusion-column-first fusion-column-last\" style=\"margin-top:0px;margin-bottom:0px;\"><div class=\"fusion-column-wrapper fusion-flex-column-wrapper-legacy\" style=\"background-position:left top;background-repeat:no-repeat;-webkit-background-size:cover;-moz-background-size:cover;-o-background-size:cover;background-size:cover;padding: 0px 0px 0px 0px;\"><div class=\"fusion-text fusion-text-1\"><p>El principal componente de la bater\u00eda de un coche el\u00e9ctrico es el\u00a0litio, y de \u00e9l depende en gran medida lo que acaba costando un coche de esta condici\u00f3n al usuario final (se estima que en torno a un 40 % del coste de la bater\u00eda depende de esta materia prima). Con un paulatino crecimiento en la cuota de\u00a0ventas de\u00a0coches el\u00e9ctricos\u00a0durante todo el a\u00f1o pasado el\u00a0precio del litio cay\u00f3 hasta m\u00ednimos antes no vistos. Sin embargo\u00a0desde finales del pasado ejercicio y\u00a0durante todo este a\u00f1o se est\u00e1 experimentando una subida\u00a0que lo ha trasladado de nuevo a niveles de 2018.<\/p>\n<p>La teor\u00eda de la econom\u00eda de escala apuntaban a que conforme aumentaran las ventas de coches el\u00e9ctricos\u00a0el precio del litio disminuir\u00eda\u00a0en consonancia. Tomando esta teor\u00eda como base, con\u00a0una cuota de ventas cada vez mayor, en 2021 no hemos acudido a una ca\u00edda en el precio del litio, sino a todo lo contrario, pues se ha impuesto la ley de la oferta y la demanda.<\/p>\n<\/div><div class=\"fusion-sep-clear\"><\/div><div class=\"fusion-separator fusion-full-width-sep\" style=\"margin-left: auto;margin-right: auto;margin-top:20px;margin-bottom:20px;width:100%;\"><\/div><div class=\"fusion-sep-clear\"><\/div><div class=\"fusion-align-block\"><style>.fusion-button.button-1 .fusion-button-text{color:#333333;text-transform:none;}.fusion-button.button-1 i{color:#333333;}.fusion-button.button-1{border-color:#2b2b2b;border-radius:2px 2px 2px 2px;background:rgba(144,201,232,0);background-image:linear-gradient(180deg,rgba(144,201,232,0) 0%,rgba(90,171,214,0) 100%);}.fusion-button.button-1:hover .fusion-button-text,.fusion-button.button-1:hover i,.fusion-button.button-1:focus .fusion-button-text,.fusion-button.button-1:focus i,.fusion-button.button-1:active .fusion-button-text,.fusion-button.button-1:active i{color:#03a9f4;}.fusion-button.button-1:hover,.fusion-button.button-1:active,.fusion-button.button-1:focus{border-color:#03a9f4;background:rgba(90,171,214,0);background-image:linear-gradient(180deg,rgba(90,171,214,0) 0%,rgba(144,201,232,0) 100%);}<\/style><a class=\"fusion-button button-flat fusion-button-default-size button-custom button-1 fusion-button-span-yes fusion-button-default-type\" target=\"_blank\" rel=\"noopener noreferrer\" href=\"https:\/\/www.hibridosyelectricos.com\/articulo\/actualidad\/dilema-litio-precio-aumenta-baterias-coches-electricos\/20211006184816050001.html\"><span class=\"fusion-button-text\">Leer art\u00edculo completo<\/span><\/a><\/div><div class=\"fusion-clearfix\"><\/div><\/div><\/div><\/div><\/div>\n","protected":false},"excerpt":{"rendered":"","protected":false},"author":1,"featured_media":2583,"comment_status":"open","ping_status":"open","sticky":false,"template":"","format":"standard","meta":{"footnotes":""},"categories":[2],"tags":[],"class_list":["post-2582","post","type-post","status-publish","format-standard","has-post-thumbnail","hentry","category-nuestros-articulos"],"yoast_head":"<!-- This site is optimized with the Yoast SEO plugin v27.5 - https:\/\/yoast.com\/product\/yoast-seo-wordpress\/ -->\n<title>El dilema del litio: su precio aumenta porque no se extrae - Intelsynet<\/title>\n<meta name=\"description\" content=\"Durante todo este a\u00f1o el precio del litio est\u00e1 aumentando, pues la cantidad del mismo que se extrae no es suficiente\" \/>\n<meta name=\"robots\" content=\"index, follow, max-snippet:-1, max-image-preview:large, max-video-preview:-1\" \/>\n<link rel=\"canonical\" href=\"https:\/\/intelsynet.com\/el-dilema-del-litio-su-precio-aumenta-porque-no-se-extrae\/\" \/>\n<meta property=\"og:locale\" content=\"es_ES\" \/>\n<meta property=\"og:type\" content=\"article\" \/>\n<meta property=\"og:title\" content=\"El dilema del litio: su precio aumenta porque no se extrae - Intelsynet\" \/>\n<meta property=\"og:description\" content=\"Durante todo este a\u00f1o el precio del litio est\u00e1 aumentando, pues la cantidad del mismo que se extrae no es suficiente\" \/>\n<meta property=\"og:url\" content=\"https:\/\/intelsynet.com\/el-dilema-del-litio-su-precio-aumenta-porque-no-se-extrae\/\" \/>\n<meta property=\"og:site_name\" content=\"Intelsynet\" \/>\n<meta property=\"article:published_time\" content=\"2021-10-11T11:48:43+00:00\" \/>\n<meta property=\"og:image\" content=\"https:\/\/intelsynet.com\/wp-content\/uploads\/2021\/10\/pexels-vlad-chet\u0326an-2892618-1200x800-1-e1633952289520.jpg\" \/>\n\t<meta property=\"og:image:width\" content=\"1200\" \/>\n\t<meta property=\"og:image:height\" content=\"741\" \/>\n\t<meta property=\"og:image:type\" content=\"image\/jpeg\" \/>\n<meta name=\"author\" content=\"produccion\" \/>\n<meta name=\"twitter:card\" content=\"summary_large_image\" \/>\n<meta name=\"twitter:label1\" content=\"Escrito por\" \/>\n\t<meta name=\"twitter:data1\" content=\"produccion\" \/>\n\t<meta name=\"twitter:label2\" content=\"Tiempo de lectura\" \/>\n\t<meta name=\"twitter:data2\" content=\"2 minutos\" \/>\n<script type=\"application\/ld+json\" class=\"yoast-schema-graph\">{\"@context\":\"https:\\\/\\\/schema.org\",\"@graph\":[{\"@type\":\"Article\",\"@id\":\"https:\\\/\\\/intelsynet.com\\\/el-dilema-del-litio-su-precio-aumenta-porque-no-se-extrae\\\/#article\",\"isPartOf\":{\"@id\":\"https:\\\/\\\/intelsynet.com\\\/el-dilema-del-litio-su-precio-aumenta-porque-no-se-extrae\\\/\"},\"author\":{\"name\":\"produccion\",\"@id\":\"https:\\\/\\\/intelsynet.com\\\/es\\\/#\\\/schema\\\/person\\\/62b4711a8de3423f0f1537cb5daa1748\"},\"headline\":\"El dilema del litio: su precio aumenta porque no se extrae tan r\u00e1pido como se producen bater\u00edas\",\"datePublished\":\"2021-10-11T11:48:43+00:00\",\"mainEntityOfPage\":{\"@id\":\"https:\\\/\\\/intelsynet.com\\\/el-dilema-del-litio-su-precio-aumenta-porque-no-se-extrae\\\/\"},\"wordCount\":574,\"commentCount\":0,\"image\":{\"@id\":\"https:\\\/\\\/intelsynet.com\\\/el-dilema-del-litio-su-precio-aumenta-porque-no-se-extrae\\\/#primaryimage\"},\"thumbnailUrl\":\"https:\\\/\\\/intelsynet.com\\\/wp-content\\\/uploads\\\/2021\\\/10\\\/pexels-vlad-chet\u0326an-2892618-1200x800-1-e1633952289520.jpg\",\"articleSection\":[\"Art\u00edculos\"],\"inLanguage\":\"es\",\"potentialAction\":[{\"@type\":\"CommentAction\",\"name\":\"Comment\",\"target\":[\"https:\\\/\\\/intelsynet.com\\\/el-dilema-del-litio-su-precio-aumenta-porque-no-se-extrae\\\/#respond\"]}]},{\"@type\":\"WebPage\",\"@id\":\"https:\\\/\\\/intelsynet.com\\\/el-dilema-del-litio-su-precio-aumenta-porque-no-se-extrae\\\/\",\"url\":\"https:\\\/\\\/intelsynet.com\\\/el-dilema-del-litio-su-precio-aumenta-porque-no-se-extrae\\\/\",\"name\":\"El dilema del litio: su precio aumenta porque no se extrae - Intelsynet\",\"isPartOf\":{\"@id\":\"https:\\\/\\\/intelsynet.com\\\/es\\\/#website\"},\"primaryImageOfPage\":{\"@id\":\"https:\\\/\\\/intelsynet.com\\\/el-dilema-del-litio-su-precio-aumenta-porque-no-se-extrae\\\/#primaryimage\"},\"image\":{\"@id\":\"https:\\\/\\\/intelsynet.com\\\/el-dilema-del-litio-su-precio-aumenta-porque-no-se-extrae\\\/#primaryimage\"},\"thumbnailUrl\":\"https:\\\/\\\/intelsynet.com\\\/wp-content\\\/uploads\\\/2021\\\/10\\\/pexels-vlad-chet\u0326an-2892618-1200x800-1-e1633952289520.jpg\",\"datePublished\":\"2021-10-11T11:48:43+00:00\",\"author\":{\"@id\":\"https:\\\/\\\/intelsynet.com\\\/es\\\/#\\\/schema\\\/person\\\/62b4711a8de3423f0f1537cb5daa1748\"},\"description\":\"Durante todo este a\u00f1o el precio del litio est\u00e1 aumentando, pues la cantidad del mismo que se extrae no es suficiente\",\"breadcrumb\":{\"@id\":\"https:\\\/\\\/intelsynet.com\\\/el-dilema-del-litio-su-precio-aumenta-porque-no-se-extrae\\\/#breadcrumb\"},\"inLanguage\":\"es\",\"potentialAction\":[{\"@type\":\"ReadAction\",\"target\":[\"https:\\\/\\\/intelsynet.com\\\/el-dilema-del-litio-su-precio-aumenta-porque-no-se-extrae\\\/\"]}]},{\"@type\":\"ImageObject\",\"inLanguage\":\"es\",\"@id\":\"https:\\\/\\\/intelsynet.com\\\/el-dilema-del-litio-su-precio-aumenta-porque-no-se-extrae\\\/#primaryimage\",\"url\":\"https:\\\/\\\/intelsynet.com\\\/wp-content\\\/uploads\\\/2021\\\/10\\\/pexels-vlad-chet\u0326an-2892618-1200x800-1-e1633952289520.jpg\",\"contentUrl\":\"https:\\\/\\\/intelsynet.com\\\/wp-content\\\/uploads\\\/2021\\\/10\\\/pexels-vlad-chet\u0326an-2892618-1200x800-1-e1633952289520.jpg\",\"width\":1200,\"height\":741},{\"@type\":\"BreadcrumbList\",\"@id\":\"https:\\\/\\\/intelsynet.com\\\/el-dilema-del-litio-su-precio-aumenta-porque-no-se-extrae\\\/#breadcrumb\",\"itemListElement\":[{\"@type\":\"ListItem\",\"position\":1,\"name\":\"Portada\",\"item\":\"https:\\\/\\\/intelsynet.com\\\/\"},{\"@type\":\"ListItem\",\"position\":2,\"name\":\"El dilema del litio: su precio aumenta porque no se extrae tan r\u00e1pido como se producen bater\u00edas\"}]},{\"@type\":\"WebSite\",\"@id\":\"https:\\\/\\\/intelsynet.com\\\/es\\\/#website\",\"url\":\"https:\\\/\\\/intelsynet.com\\\/es\\\/\",\"name\":\"Intelsynet\",\"description\":\"Advisory Services\",\"potentialAction\":[{\"@type\":\"SearchAction\",\"target\":{\"@type\":\"EntryPoint\",\"urlTemplate\":\"https:\\\/\\\/intelsynet.com\\\/es\\\/?s={search_term_string}\"},\"query-input\":{\"@type\":\"PropertyValueSpecification\",\"valueRequired\":true,\"valueName\":\"search_term_string\"}}],\"inLanguage\":\"es\"},{\"@type\":\"Person\",\"@id\":\"https:\\\/\\\/intelsynet.com\\\/es\\\/#\\\/schema\\\/person\\\/62b4711a8de3423f0f1537cb5daa1748\",\"name\":\"produccion\",\"image\":{\"@type\":\"ImageObject\",\"inLanguage\":\"es\",\"@id\":\"https:\\\/\\\/secure.gravatar.com\\\/avatar\\\/bbda47eeca6a4d008c3cda344ed3cf00b82bd1a9f9fb41804c887c2ac269b8ec?s=96&d=mm&r=g\",\"url\":\"https:\\\/\\\/secure.gravatar.com\\\/avatar\\\/bbda47eeca6a4d008c3cda344ed3cf00b82bd1a9f9fb41804c887c2ac269b8ec?s=96&d=mm&r=g\",\"contentUrl\":\"https:\\\/\\\/secure.gravatar.com\\\/avatar\\\/bbda47eeca6a4d008c3cda344ed3cf00b82bd1a9f9fb41804c887c2ac269b8ec?s=96&d=mm&r=g\",\"caption\":\"produccion\"},\"url\":\"https:\\\/\\\/intelsynet.com\\\/es\\\/author\\\/produccion\\\/\"}]}<\/script>\n<!-- \/ Yoast SEO plugin. -->","yoast_head_json":{"title":"El dilema del litio: su precio aumenta porque no se extrae - Intelsynet","description":"Durante todo este a\u00f1o el precio del litio est\u00e1 aumentando, pues la cantidad del mismo que se extrae no es suficiente","robots":{"index":"index","follow":"follow","max-snippet":"max-snippet:-1","max-image-preview":"max-image-preview:large","max-video-preview":"max-video-preview:-1"},"canonical":"https:\/\/intelsynet.com\/el-dilema-del-litio-su-precio-aumenta-porque-no-se-extrae\/","og_locale":"es_ES","og_type":"article","og_title":"El dilema del litio: su precio aumenta porque no se extrae - Intelsynet","og_description":"Durante todo este a\u00f1o el precio del litio est\u00e1 aumentando, pues la cantidad del mismo que se extrae no es suficiente","og_url":"https:\/\/intelsynet.com\/el-dilema-del-litio-su-precio-aumenta-porque-no-se-extrae\/","og_site_name":"Intelsynet","article_published_time":"2021-10-11T11:48:43+00:00","og_image":[{"width":1200,"height":741,"url":"https:\/\/intelsynet.com\/wp-content\/uploads\/2021\/10\/pexels-vlad-chet\u0326an-2892618-1200x800-1-e1633952289520.jpg","type":"image\/jpeg"}],"author":"produccion","twitter_card":"summary_large_image","twitter_misc":{"Escrito por":"produccion","Tiempo de lectura":"2 minutos"},"schema":{"@context":"https:\/\/schema.org","@graph":[{"@type":"Article","@id":"https:\/\/intelsynet.com\/el-dilema-del-litio-su-precio-aumenta-porque-no-se-extrae\/#article","isPartOf":{"@id":"https:\/\/intelsynet.com\/el-dilema-del-litio-su-precio-aumenta-porque-no-se-extrae\/"},"author":{"name":"produccion","@id":"https:\/\/intelsynet.com\/es\/#\/schema\/person\/62b4711a8de3423f0f1537cb5daa1748"},"headline":"El dilema del litio: su precio aumenta porque no se extrae tan r\u00e1pido como se producen bater\u00edas","datePublished":"2021-10-11T11:48:43+00:00","mainEntityOfPage":{"@id":"https:\/\/intelsynet.com\/el-dilema-del-litio-su-precio-aumenta-porque-no-se-extrae\/"},"wordCount":574,"commentCount":0,"image":{"@id":"https:\/\/intelsynet.com\/el-dilema-del-litio-su-precio-aumenta-porque-no-se-extrae\/#primaryimage"},"thumbnailUrl":"https:\/\/intelsynet.com\/wp-content\/uploads\/2021\/10\/pexels-vlad-chet\u0326an-2892618-1200x800-1-e1633952289520.jpg","articleSection":["Art\u00edculos"],"inLanguage":"es","potentialAction":[{"@type":"CommentAction","name":"Comment","target":["https:\/\/intelsynet.com\/el-dilema-del-litio-su-precio-aumenta-porque-no-se-extrae\/#respond"]}]},{"@type":"WebPage","@id":"https:\/\/intelsynet.com\/el-dilema-del-litio-su-precio-aumenta-porque-no-se-extrae\/","url":"https:\/\/intelsynet.com\/el-dilema-del-litio-su-precio-aumenta-porque-no-se-extrae\/","name":"El dilema del litio: su precio aumenta porque no se extrae - Intelsynet","isPartOf":{"@id":"https:\/\/intelsynet.com\/es\/#website"},"primaryImageOfPage":{"@id":"https:\/\/intelsynet.com\/el-dilema-del-litio-su-precio-aumenta-porque-no-se-extrae\/#primaryimage"},"image":{"@id":"https:\/\/intelsynet.com\/el-dilema-del-litio-su-precio-aumenta-porque-no-se-extrae\/#primaryimage"},"thumbnailUrl":"https:\/\/intelsynet.com\/wp-content\/uploads\/2021\/10\/pexels-vlad-chet\u0326an-2892618-1200x800-1-e1633952289520.jpg","datePublished":"2021-10-11T11:48:43+00:00","author":{"@id":"https:\/\/intelsynet.com\/es\/#\/schema\/person\/62b4711a8de3423f0f1537cb5daa1748"},"description":"Durante todo este a\u00f1o el precio del litio est\u00e1 aumentando, pues la cantidad del mismo que se extrae no es suficiente","breadcrumb":{"@id":"https:\/\/intelsynet.com\/el-dilema-del-litio-su-precio-aumenta-porque-no-se-extrae\/#breadcrumb"},"inLanguage":"es","potentialAction":[{"@type":"ReadAction","target":["https:\/\/intelsynet.com\/el-dilema-del-litio-su-precio-aumenta-porque-no-se-extrae\/"]}]},{"@type":"ImageObject","inLanguage":"es","@id":"https:\/\/intelsynet.com\/el-dilema-del-litio-su-precio-aumenta-porque-no-se-extrae\/#primaryimage","url":"https:\/\/intelsynet.com\/wp-content\/uploads\/2021\/10\/pexels-vlad-chet\u0326an-2892618-1200x800-1-e1633952289520.jpg","contentUrl":"https:\/\/intelsynet.com\/wp-content\/uploads\/2021\/10\/pexels-vlad-chet\u0326an-2892618-1200x800-1-e1633952289520.jpg","width":1200,"height":741},{"@type":"BreadcrumbList","@id":"https:\/\/intelsynet.com\/el-dilema-del-litio-su-precio-aumenta-porque-no-se-extrae\/#breadcrumb","itemListElement":[{"@type":"ListItem","position":1,"name":"Portada","item":"https:\/\/intelsynet.com\/"},{"@type":"ListItem","position":2,"name":"El dilema del litio: su precio aumenta porque no se extrae tan r\u00e1pido como se producen bater\u00edas"}]},{"@type":"WebSite","@id":"https:\/\/intelsynet.com\/es\/#website","url":"https:\/\/intelsynet.com\/es\/","name":"Intelsynet","description":"Advisory Services","potentialAction":[{"@type":"SearchAction","target":{"@type":"EntryPoint","urlTemplate":"https:\/\/intelsynet.com\/es\/?s={search_term_string}"},"query-input":{"@type":"PropertyValueSpecification","valueRequired":true,"valueName":"search_term_string"}}],"inLanguage":"es"},{"@type":"Person","@id":"https:\/\/intelsynet.com\/es\/#\/schema\/person\/62b4711a8de3423f0f1537cb5daa1748","name":"produccion","image":{"@type":"ImageObject","inLanguage":"es","@id":"https:\/\/secure.gravatar.com\/avatar\/bbda47eeca6a4d008c3cda344ed3cf00b82bd1a9f9fb41804c887c2ac269b8ec?s=96&d=mm&r=g","url":"https:\/\/secure.gravatar.com\/avatar\/bbda47eeca6a4d008c3cda344ed3cf00b82bd1a9f9fb41804c887c2ac269b8ec?s=96&d=mm&r=g","contentUrl":"https:\/\/secure.gravatar.com\/avatar\/bbda47eeca6a4d008c3cda344ed3cf00b82bd1a9f9fb41804c887c2ac269b8ec?s=96&d=mm&r=g","caption":"produccion"},"url":"https:\/\/intelsynet.com\/es\/author\/produccion\/"}]}},"_links":{"self":[{"href":"https:\/\/intelsynet.com\/es\/wp-json\/wp\/v2\/posts\/2582","targetHints":{"allow":["GET"]}}],"collection":[{"href":"https:\/\/intelsynet.com\/es\/wp-json\/wp\/v2\/posts"}],"about":[{"href":"https:\/\/intelsynet.com\/es\/wp-json\/wp\/v2\/types\/post"}],"author":[{"embeddable":true,"href":"https:\/\/intelsynet.com\/es\/wp-json\/wp\/v2\/users\/1"}],"replies":[{"embeddable":true,"href":"https:\/\/intelsynet.com\/es\/wp-json\/wp\/v2\/comments?post=2582"}],"version-history":[{"count":1,"href":"https:\/\/intelsynet.com\/es\/wp-json\/wp\/v2\/posts\/2582\/revisions"}],"predecessor-version":[{"id":2584,"href":"https:\/\/intelsynet.com\/es\/wp-json\/wp\/v2\/posts\/2582\/revisions\/2584"}],"wp:featuredmedia":[{"embeddable":true,"href":"https:\/\/intelsynet.com\/es\/wp-json\/wp\/v2\/media\/2583"}],"wp:attachment":[{"href":"https:\/\/intelsynet.com\/es\/wp-json\/wp\/v2\/media?parent=2582"}],"wp:term":[{"taxonomy":"category","embeddable":true,"href":"https:\/\/intelsynet.com\/es\/wp-json\/wp\/v2\/categories?post=2582"},{"taxonomy":"post_tag","embeddable":true,"href":"https:\/\/intelsynet.com\/es\/wp-json\/wp\/v2\/tags?post=2582"}],"curies":[{"name":"wp","href":"https:\/\/api.w.org\/{rel}","templated":true}]}}