{"id":2527,"date":"2021-10-01T11:11:59","date_gmt":"2021-10-01T11:11:59","guid":{"rendered":"https:\/\/intelsynet.com\/?p=2527"},"modified":"2021-10-01T11:11:59","modified_gmt":"2021-10-01T11:11:59","slug":"bbva-se-asocia-con-aedive-para-impulsar-la-movilidad-electrica","status":"publish","type":"post","link":"https:\/\/intelsynet.com\/es\/bbva-se-asocia-con-aedive-para-impulsar-la-movilidad-electrica\/","title":{"rendered":"BBVA, primer banco en asociarse con AEDIVE para impulsar la movilidad el\u00e9ctrica"},"content":{"rendered":"<div class=\"fusion-fullwidth fullwidth-box fusion-builder-row-1 nonhundred-percent-fullwidth non-hundred-percent-height-scrolling\" style=\"background-color: rgba(255,255,255,0);background-position: center center;background-repeat: no-repeat;padding-top:0px;padding-right:0px;padding-bottom:0px;padding-left:0px;margin-bottom: 0px;margin-top: 0px;border-width: 0px 0px 0px 0px;border-color:rgba(97,158,133,0);border-style:solid;\" ><div class=\"fusion-builder-row fusion-row\"><div class=\"fusion-layout-column fusion_builder_column fusion-builder-column-0 fusion_builder_column_1_1 1_1 fusion-one-full fusion-column-first fusion-column-last\" style=\"margin-top:0px;margin-bottom:0px;\"><div class=\"fusion-column-wrapper fusion-flex-column-wrapper-legacy\" style=\"background-position:left top;background-repeat:no-repeat;-webkit-background-size:cover;-moz-background-size:cover;-o-background-size:cover;background-size:cover;padding: 0px 0px 0px 0px;\"><div class=\"fusion-text fusion-text-1\"><p><a href=\"https:\/\/intelsynet.com\/bbva-actualiza-su-politica-de-rsc\/\">BBVA<\/a> es la primera entidad financiera en Espa\u00f1a en convertirse en socio de la Asociaci\u00f3n Empresarial para el Desarrollo e Impulso de la Movilidad El\u00e9ctrica (AEDIVE). El objetivo es crear sinergias que contribuyan a impulsar la movilidad sostenible en Espa\u00f1a. Esta asociaci\u00f3n, que agrupa a toda la cadena de valor industrial, tecnol\u00f3gica e institucional de la movilidad el\u00e9ctrica, busca poder afrontar aquellos retos y oportunidades que se deriven de la implantaci\u00f3n del coche el\u00e9ctrico, sus infraestructuras de recarga y servicios asociados<\/p>\n<p><strong>manera conjunta en la puesta en marcha de nuevas iniciativas que impulsen la movilidad el\u00e9ctrica<\/strong>\u00a0entre los clientes del banco. Adem\u00e1s, AEDIVE se convertir\u00e1 en un canal de comunicaci\u00f3n clave para promover las distintas opciones de financiaci\u00f3n de\u00a0<a href=\"https:\/\/www.bbva.es\/personas\/productos\/prestamos\/prestamo-coche-ecologico.html?utm_pais=espana&amp;utm_producto=prestamos&amp;utm_subproducto=prestamos-coche\">veh\u00edculos el\u00e9ctricos<\/a>\u00a0y puntos de recarga con las que cuenta BBVA, de cara a llegar a los concesionarios de autom\u00f3viles y empresas de servicios p\u00fablicos, entre otros.<\/p>\n<p>\u201cLa asociaci\u00f3n con AEDIVE supone aunar esfuerzos para intensificar la labor de concienciaci\u00f3n entre la sociedad sobre la importancia de la movilidad el\u00e9ctrica, de tal manera que la posibilidad de adquirir un veh\u00edculo el\u00e9ctrico vaya m\u00e1s all\u00e1 de un simple planteamiento\u201d, ha asegurado Enrique Mu\u00f1oz, director de Desarrollo de Negocio de BBVA Consumer Finance Espa\u00f1a.<\/p>\n<\/div><div class=\"fusion-sep-clear\"><\/div><div class=\"fusion-separator fusion-full-width-sep\" style=\"margin-left: auto;margin-right: auto;margin-top:20px;margin-bottom:20px;width:100%;\"><\/div><div class=\"fusion-sep-clear\"><\/div><div class=\"fusion-align-block\"><style>.fusion-button.button-1 .fusion-button-text{color:#333333;text-transform:none;}.fusion-button.button-1 i{color:#333333;}.fusion-button.button-1{border-color:#2b2b2b;border-radius:2px 2px 2px 2px;background:rgba(144,201,232,0);background-image:linear-gradient(180deg,rgba(144,201,232,0) 0%,rgba(90,171,214,0) 100%);}.fusion-button.button-1:hover .fusion-button-text,.fusion-button.button-1:hover i,.fusion-button.button-1:focus .fusion-button-text,.fusion-button.button-1:focus i,.fusion-button.button-1:active .fusion-button-text,.fusion-button.button-1:active i{color:#03a9f4;}.fusion-button.button-1:hover,.fusion-button.button-1:active,.fusion-button.button-1:focus{border-color:#03a9f4;background:rgba(90,171,214,0);background-image:linear-gradient(180deg,rgba(90,171,214,0) 0%,rgba(144,201,232,0) 100%);}<\/style><a class=\"fusion-button button-flat fusion-button-default-size button-custom button-1 fusion-button-span-yes fusion-button-default-type\" target=\"_blank\" rel=\"noopener noreferrer\" href=\"https:\/\/www.bbva.com\/es\/es\/sostenibilidad\/bbva-primer-banco-en-asociarse-con-aedive-para-impulsar-la-movilidad-electrica\/\"><span class=\"fusion-button-text\">Leer art\u00edculo completo<\/span><\/a><\/div><div class=\"fusion-clearfix\"><\/div><\/div><\/div><\/div><\/div>\n","protected":false},"excerpt":{"rendered":"","protected":false},"author":1,"featured_media":2537,"comment_status":"open","ping_status":"open","sticky":false,"template":"","format":"standard","meta":{"footnotes":""},"categories":[2],"tags":[],"class_list":["post-2527","post","type-post","status-publish","format-standard","has-post-thumbnail","hentry","category-nuestros-articulos"],"yoast_head":"<!-- This site is optimized with the Yoast SEO plugin v27.4 - https:\/\/yoast.com\/product\/yoast-seo-wordpress\/ -->\n<title>BBVA se asocia con AEDIVE para impulsar la movilidad el\u00e9ctrica<\/title>\n<meta name=\"description\" content=\"BBVA se convierte en socio de AEDIVE con el objetivo de crear sinergias que contribuyan a impulsar la movilidad el\u00e9ctrica sostenible en Espa\u00f1a\" \/>\n<meta name=\"robots\" content=\"index, follow, max-snippet:-1, max-image-preview:large, max-video-preview:-1\" \/>\n<link rel=\"canonical\" href=\"https:\/\/intelsynet.com\/bbva-se-asocia-con-aedive-para-impulsar-la-movilidad-electrica\/\" \/>\n<meta property=\"og:locale\" content=\"es_ES\" \/>\n<meta property=\"og:type\" content=\"article\" \/>\n<meta property=\"og:title\" content=\"BBVA se asocia con AEDIVE para impulsar la movilidad el\u00e9ctrica\" \/>\n<meta property=\"og:description\" content=\"BBVA se convierte en socio de AEDIVE con el objetivo de crear sinergias que contribuyan a impulsar la movilidad el\u00e9ctrica sostenible en Espa\u00f1a\" \/>\n<meta property=\"og:url\" content=\"https:\/\/intelsynet.com\/bbva-se-asocia-con-aedive-para-impulsar-la-movilidad-electrica\/\" \/>\n<meta property=\"og:site_name\" content=\"Intelsynet\" \/>\n<meta property=\"article:published_time\" content=\"2021-10-01T11:11:59+00:00\" \/>\n<meta property=\"og:image\" content=\"https:\/\/intelsynet.com\/wp-content\/uploads\/2021\/10\/bbva.jpg\" \/>\n\t<meta property=\"og:image:width\" content=\"800\" \/>\n\t<meta property=\"og:image:height\" content=\"494\" \/>\n\t<meta property=\"og:image:type\" content=\"image\/jpeg\" \/>\n<meta name=\"author\" content=\"produccion\" \/>\n<meta name=\"twitter:card\" content=\"summary_large_image\" \/>\n<meta name=\"twitter:label1\" content=\"Escrito por\" \/>\n\t<meta name=\"twitter:data1\" content=\"produccion\" \/>\n\t<meta name=\"twitter:label2\" content=\"Tiempo de lectura\" \/>\n\t<meta name=\"twitter:data2\" content=\"3 minutos\" \/>\n<script type=\"application\/ld+json\" class=\"yoast-schema-graph\">{\"@context\":\"https:\\\/\\\/schema.org\",\"@graph\":[{\"@type\":\"Article\",\"@id\":\"https:\\\/\\\/intelsynet.com\\\/bbva-se-asocia-con-aedive-para-impulsar-la-movilidad-electrica\\\/#article\",\"isPartOf\":{\"@id\":\"https:\\\/\\\/intelsynet.com\\\/bbva-se-asocia-con-aedive-para-impulsar-la-movilidad-electrica\\\/\"},\"author\":{\"name\":\"produccion\",\"@id\":\"https:\\\/\\\/intelsynet.com\\\/es\\\/#\\\/schema\\\/person\\\/62b4711a8de3423f0f1537cb5daa1748\"},\"headline\":\"BBVA, primer banco en asociarse con AEDIVE para impulsar la movilidad el\u00e9ctrica\",\"datePublished\":\"2021-10-01T11:11:59+00:00\",\"mainEntityOfPage\":{\"@id\":\"https:\\\/\\\/intelsynet.com\\\/bbva-se-asocia-con-aedive-para-impulsar-la-movilidad-electrica\\\/\"},\"wordCount\":612,\"commentCount\":0,\"image\":{\"@id\":\"https:\\\/\\\/intelsynet.com\\\/bbva-se-asocia-con-aedive-para-impulsar-la-movilidad-electrica\\\/#primaryimage\"},\"thumbnailUrl\":\"https:\\\/\\\/intelsynet.com\\\/wp-content\\\/uploads\\\/2021\\\/10\\\/bbva.jpg\",\"articleSection\":[\"Art\u00edculos\"],\"inLanguage\":\"es\",\"potentialAction\":[{\"@type\":\"CommentAction\",\"name\":\"Comment\",\"target\":[\"https:\\\/\\\/intelsynet.com\\\/bbva-se-asocia-con-aedive-para-impulsar-la-movilidad-electrica\\\/#respond\"]}]},{\"@type\":\"WebPage\",\"@id\":\"https:\\\/\\\/intelsynet.com\\\/bbva-se-asocia-con-aedive-para-impulsar-la-movilidad-electrica\\\/\",\"url\":\"https:\\\/\\\/intelsynet.com\\\/bbva-se-asocia-con-aedive-para-impulsar-la-movilidad-electrica\\\/\",\"name\":\"BBVA se asocia con AEDIVE para impulsar la movilidad el\u00e9ctrica\",\"isPartOf\":{\"@id\":\"https:\\\/\\\/intelsynet.com\\\/es\\\/#website\"},\"primaryImageOfPage\":{\"@id\":\"https:\\\/\\\/intelsynet.com\\\/bbva-se-asocia-con-aedive-para-impulsar-la-movilidad-electrica\\\/#primaryimage\"},\"image\":{\"@id\":\"https:\\\/\\\/intelsynet.com\\\/bbva-se-asocia-con-aedive-para-impulsar-la-movilidad-electrica\\\/#primaryimage\"},\"thumbnailUrl\":\"https:\\\/\\\/intelsynet.com\\\/wp-content\\\/uploads\\\/2021\\\/10\\\/bbva.jpg\",\"datePublished\":\"2021-10-01T11:11:59+00:00\",\"author\":{\"@id\":\"https:\\\/\\\/intelsynet.com\\\/es\\\/#\\\/schema\\\/person\\\/62b4711a8de3423f0f1537cb5daa1748\"},\"description\":\"BBVA se convierte en socio de AEDIVE con el objetivo de crear sinergias que contribuyan a impulsar la movilidad el\u00e9ctrica sostenible en Espa\u00f1a\",\"breadcrumb\":{\"@id\":\"https:\\\/\\\/intelsynet.com\\\/bbva-se-asocia-con-aedive-para-impulsar-la-movilidad-electrica\\\/#breadcrumb\"},\"inLanguage\":\"es\",\"potentialAction\":[{\"@type\":\"ReadAction\",\"target\":[\"https:\\\/\\\/intelsynet.com\\\/bbva-se-asocia-con-aedive-para-impulsar-la-movilidad-electrica\\\/\"]}]},{\"@type\":\"ImageObject\",\"inLanguage\":\"es\",\"@id\":\"https:\\\/\\\/intelsynet.com\\\/bbva-se-asocia-con-aedive-para-impulsar-la-movilidad-electrica\\\/#primaryimage\",\"url\":\"https:\\\/\\\/intelsynet.com\\\/wp-content\\\/uploads\\\/2021\\\/10\\\/bbva.jpg\",\"contentUrl\":\"https:\\\/\\\/intelsynet.com\\\/wp-content\\\/uploads\\\/2021\\\/10\\\/bbva.jpg\",\"width\":800,\"height\":494,\"caption\":\"movilidad el\u00e9ctrica\"},{\"@type\":\"BreadcrumbList\",\"@id\":\"https:\\\/\\\/intelsynet.com\\\/bbva-se-asocia-con-aedive-para-impulsar-la-movilidad-electrica\\\/#breadcrumb\",\"itemListElement\":[{\"@type\":\"ListItem\",\"position\":1,\"name\":\"Portada\",\"item\":\"https:\\\/\\\/intelsynet.com\\\/\"},{\"@type\":\"ListItem\",\"position\":2,\"name\":\"BBVA, primer banco en asociarse con AEDIVE para impulsar la movilidad el\u00e9ctrica\"}]},{\"@type\":\"WebSite\",\"@id\":\"https:\\\/\\\/intelsynet.com\\\/es\\\/#website\",\"url\":\"https:\\\/\\\/intelsynet.com\\\/es\\\/\",\"name\":\"Intelsynet\",\"description\":\"Advisory Services\",\"potentialAction\":[{\"@type\":\"SearchAction\",\"target\":{\"@type\":\"EntryPoint\",\"urlTemplate\":\"https:\\\/\\\/intelsynet.com\\\/es\\\/?s={search_term_string}\"},\"query-input\":{\"@type\":\"PropertyValueSpecification\",\"valueRequired\":true,\"valueName\":\"search_term_string\"}}],\"inLanguage\":\"es\"},{\"@type\":\"Person\",\"@id\":\"https:\\\/\\\/intelsynet.com\\\/es\\\/#\\\/schema\\\/person\\\/62b4711a8de3423f0f1537cb5daa1748\",\"name\":\"produccion\",\"image\":{\"@type\":\"ImageObject\",\"inLanguage\":\"es\",\"@id\":\"https:\\\/\\\/secure.gravatar.com\\\/avatar\\\/bbda47eeca6a4d008c3cda344ed3cf00b82bd1a9f9fb41804c887c2ac269b8ec?s=96&d=mm&r=g\",\"url\":\"https:\\\/\\\/secure.gravatar.com\\\/avatar\\\/bbda47eeca6a4d008c3cda344ed3cf00b82bd1a9f9fb41804c887c2ac269b8ec?s=96&d=mm&r=g\",\"contentUrl\":\"https:\\\/\\\/secure.gravatar.com\\\/avatar\\\/bbda47eeca6a4d008c3cda344ed3cf00b82bd1a9f9fb41804c887c2ac269b8ec?s=96&d=mm&r=g\",\"caption\":\"produccion\"},\"url\":\"https:\\\/\\\/intelsynet.com\\\/es\\\/author\\\/produccion\\\/\"}]}<\/script>\n<!-- \/ Yoast SEO plugin. -->","yoast_head_json":{"title":"BBVA se asocia con AEDIVE para impulsar la movilidad el\u00e9ctrica","description":"BBVA se convierte en socio de AEDIVE con el objetivo de crear sinergias que contribuyan a impulsar la movilidad el\u00e9ctrica sostenible en Espa\u00f1a","robots":{"index":"index","follow":"follow","max-snippet":"max-snippet:-1","max-image-preview":"max-image-preview:large","max-video-preview":"max-video-preview:-1"},"canonical":"https:\/\/intelsynet.com\/bbva-se-asocia-con-aedive-para-impulsar-la-movilidad-electrica\/","og_locale":"es_ES","og_type":"article","og_title":"BBVA se asocia con AEDIVE para impulsar la movilidad el\u00e9ctrica","og_description":"BBVA se convierte en socio de AEDIVE con el objetivo de crear sinergias que contribuyan a impulsar la movilidad el\u00e9ctrica sostenible en Espa\u00f1a","og_url":"https:\/\/intelsynet.com\/bbva-se-asocia-con-aedive-para-impulsar-la-movilidad-electrica\/","og_site_name":"Intelsynet","article_published_time":"2021-10-01T11:11:59+00:00","og_image":[{"width":800,"height":494,"url":"https:\/\/intelsynet.com\/wp-content\/uploads\/2021\/10\/bbva.jpg","type":"image\/jpeg"}],"author":"produccion","twitter_card":"summary_large_image","twitter_misc":{"Escrito por":"produccion","Tiempo de lectura":"3 minutos"},"schema":{"@context":"https:\/\/schema.org","@graph":[{"@type":"Article","@id":"https:\/\/intelsynet.com\/bbva-se-asocia-con-aedive-para-impulsar-la-movilidad-electrica\/#article","isPartOf":{"@id":"https:\/\/intelsynet.com\/bbva-se-asocia-con-aedive-para-impulsar-la-movilidad-electrica\/"},"author":{"name":"produccion","@id":"https:\/\/intelsynet.com\/es\/#\/schema\/person\/62b4711a8de3423f0f1537cb5daa1748"},"headline":"BBVA, primer banco en asociarse con AEDIVE para impulsar la movilidad el\u00e9ctrica","datePublished":"2021-10-01T11:11:59+00:00","mainEntityOfPage":{"@id":"https:\/\/intelsynet.com\/bbva-se-asocia-con-aedive-para-impulsar-la-movilidad-electrica\/"},"wordCount":612,"commentCount":0,"image":{"@id":"https:\/\/intelsynet.com\/bbva-se-asocia-con-aedive-para-impulsar-la-movilidad-electrica\/#primaryimage"},"thumbnailUrl":"https:\/\/intelsynet.com\/wp-content\/uploads\/2021\/10\/bbva.jpg","articleSection":["Art\u00edculos"],"inLanguage":"es","potentialAction":[{"@type":"CommentAction","name":"Comment","target":["https:\/\/intelsynet.com\/bbva-se-asocia-con-aedive-para-impulsar-la-movilidad-electrica\/#respond"]}]},{"@type":"WebPage","@id":"https:\/\/intelsynet.com\/bbva-se-asocia-con-aedive-para-impulsar-la-movilidad-electrica\/","url":"https:\/\/intelsynet.com\/bbva-se-asocia-con-aedive-para-impulsar-la-movilidad-electrica\/","name":"BBVA se asocia con AEDIVE para impulsar la movilidad el\u00e9ctrica","isPartOf":{"@id":"https:\/\/intelsynet.com\/es\/#website"},"primaryImageOfPage":{"@id":"https:\/\/intelsynet.com\/bbva-se-asocia-con-aedive-para-impulsar-la-movilidad-electrica\/#primaryimage"},"image":{"@id":"https:\/\/intelsynet.com\/bbva-se-asocia-con-aedive-para-impulsar-la-movilidad-electrica\/#primaryimage"},"thumbnailUrl":"https:\/\/intelsynet.com\/wp-content\/uploads\/2021\/10\/bbva.jpg","datePublished":"2021-10-01T11:11:59+00:00","author":{"@id":"https:\/\/intelsynet.com\/es\/#\/schema\/person\/62b4711a8de3423f0f1537cb5daa1748"},"description":"BBVA se convierte en socio de AEDIVE con el objetivo de crear sinergias que contribuyan a impulsar la movilidad el\u00e9ctrica sostenible en Espa\u00f1a","breadcrumb":{"@id":"https:\/\/intelsynet.com\/bbva-se-asocia-con-aedive-para-impulsar-la-movilidad-electrica\/#breadcrumb"},"inLanguage":"es","potentialAction":[{"@type":"ReadAction","target":["https:\/\/intelsynet.com\/bbva-se-asocia-con-aedive-para-impulsar-la-movilidad-electrica\/"]}]},{"@type":"ImageObject","inLanguage":"es","@id":"https:\/\/intelsynet.com\/bbva-se-asocia-con-aedive-para-impulsar-la-movilidad-electrica\/#primaryimage","url":"https:\/\/intelsynet.com\/wp-content\/uploads\/2021\/10\/bbva.jpg","contentUrl":"https:\/\/intelsynet.com\/wp-content\/uploads\/2021\/10\/bbva.jpg","width":800,"height":494,"caption":"movilidad el\u00e9ctrica"},{"@type":"BreadcrumbList","@id":"https:\/\/intelsynet.com\/bbva-se-asocia-con-aedive-para-impulsar-la-movilidad-electrica\/#breadcrumb","itemListElement":[{"@type":"ListItem","position":1,"name":"Portada","item":"https:\/\/intelsynet.com\/"},{"@type":"ListItem","position":2,"name":"BBVA, primer banco en asociarse con AEDIVE para impulsar la movilidad el\u00e9ctrica"}]},{"@type":"WebSite","@id":"https:\/\/intelsynet.com\/es\/#website","url":"https:\/\/intelsynet.com\/es\/","name":"Intelsynet","description":"Advisory Services","potentialAction":[{"@type":"SearchAction","target":{"@type":"EntryPoint","urlTemplate":"https:\/\/intelsynet.com\/es\/?s={search_term_string}"},"query-input":{"@type":"PropertyValueSpecification","valueRequired":true,"valueName":"search_term_string"}}],"inLanguage":"es"},{"@type":"Person","@id":"https:\/\/intelsynet.com\/es\/#\/schema\/person\/62b4711a8de3423f0f1537cb5daa1748","name":"produccion","image":{"@type":"ImageObject","inLanguage":"es","@id":"https:\/\/secure.gravatar.com\/avatar\/bbda47eeca6a4d008c3cda344ed3cf00b82bd1a9f9fb41804c887c2ac269b8ec?s=96&d=mm&r=g","url":"https:\/\/secure.gravatar.com\/avatar\/bbda47eeca6a4d008c3cda344ed3cf00b82bd1a9f9fb41804c887c2ac269b8ec?s=96&d=mm&r=g","contentUrl":"https:\/\/secure.gravatar.com\/avatar\/bbda47eeca6a4d008c3cda344ed3cf00b82bd1a9f9fb41804c887c2ac269b8ec?s=96&d=mm&r=g","caption":"produccion"},"url":"https:\/\/intelsynet.com\/es\/author\/produccion\/"}]}},"_links":{"self":[{"href":"https:\/\/intelsynet.com\/es\/wp-json\/wp\/v2\/posts\/2527","targetHints":{"allow":["GET"]}}],"collection":[{"href":"https:\/\/intelsynet.com\/es\/wp-json\/wp\/v2\/posts"}],"about":[{"href":"https:\/\/intelsynet.com\/es\/wp-json\/wp\/v2\/types\/post"}],"author":[{"embeddable":true,"href":"https:\/\/intelsynet.com\/es\/wp-json\/wp\/v2\/users\/1"}],"replies":[{"embeddable":true,"href":"https:\/\/intelsynet.com\/es\/wp-json\/wp\/v2\/comments?post=2527"}],"version-history":[{"count":2,"href":"https:\/\/intelsynet.com\/es\/wp-json\/wp\/v2\/posts\/2527\/revisions"}],"predecessor-version":[{"id":2538,"href":"https:\/\/intelsynet.com\/es\/wp-json\/wp\/v2\/posts\/2527\/revisions\/2538"}],"wp:featuredmedia":[{"embeddable":true,"href":"https:\/\/intelsynet.com\/es\/wp-json\/wp\/v2\/media\/2537"}],"wp:attachment":[{"href":"https:\/\/intelsynet.com\/es\/wp-json\/wp\/v2\/media?parent=2527"}],"wp:term":[{"taxonomy":"category","embeddable":true,"href":"https:\/\/intelsynet.com\/es\/wp-json\/wp\/v2\/categories?post=2527"},{"taxonomy":"post_tag","embeddable":true,"href":"https:\/\/intelsynet.com\/es\/wp-json\/wp\/v2\/tags?post=2527"}],"curies":[{"name":"wp","href":"https:\/\/api.w.org\/{rel}","templated":true}]}}