{"id":2525,"date":"2021-10-01T11:19:29","date_gmt":"2021-10-01T11:19:29","guid":{"rendered":"https:\/\/intelsynet.com\/?p=2525"},"modified":"2021-10-01T11:19:29","modified_gmt":"2021-10-01T11:19:29","slug":"citroen-accor-y-jcdecaux-muestran-el-futuro-de-la-movilidad-urbana","status":"publish","type":"post","link":"https:\/\/intelsynet.com\/es\/citroen-accor-y-jcdecaux-muestran-el-futuro-de-la-movilidad-urbana\/","title":{"rendered":"Citro\u00ebn, Accor y JCDecaux muestran el futuro de la movilidad urbana, el\u00e9ctrica y aut\u00f3noma"},"content":{"rendered":"<div class=\"fusion-fullwidth fullwidth-box fusion-builder-row-1 nonhundred-percent-fullwidth non-hundred-percent-height-scrolling\" style=\"background-color: rgba(255,255,255,0);background-position: center center;background-repeat: no-repeat;padding-top:0px;padding-right:0px;padding-bottom:0px;padding-left:0px;margin-bottom: 0px;margin-top: 0px;border-width: 0px 0px 0px 0px;border-color:rgba(97,158,133,0);border-style:solid;\" ><div class=\"fusion-builder-row fusion-row\"><div class=\"fusion-layout-column fusion_builder_column fusion-builder-column-0 fusion_builder_column_1_1 1_1 fusion-one-full fusion-column-first fusion-column-last\" style=\"margin-top:0px;margin-bottom:0px;\"><div class=\"fusion-column-wrapper fusion-flex-column-wrapper-legacy\" style=\"background-position:left top;background-repeat:no-repeat;-webkit-background-size:cover;-moz-background-size:cover;-o-background-size:cover;background-size:cover;padding: 0px 0px 0px 0px;\"><div class=\"fusion-text fusion-text-1\"><p>Mediante una plataforma, The Citro\u00ebn Skate, y tres Pods, la firma de coches francesa, Accor y JCDecaux muestran la futura movilidad urbana, aut\u00f3noma y el\u00e9ctrica de las ciudades<\/p>\n<p><strong>Desplazarse en coche por las grandes ciudades<\/strong>\u00a0est\u00e1 convirti\u00e9ndose, cada vez m\u00e1s, en una tarea casi tit\u00e1nica, pues estas metr\u00f3polis no hacen m\u00e1s que crecer, impulsadas por el atractivo que suponen para la poblaci\u00f3n en materia de trabajo, ocio, cultura, etc. Seg\u00fan los datos que maneja el Banco Mundial,\u00a0<strong>en el a\u00f1o 2050, dos tercios de la poblaci\u00f3n vivir\u00e1 en metr\u00f3polis,<\/strong>\u00a0por lo que desarrollar una movilidad \u00e1gil, c\u00f3moda y mejor que la que tenemos ahora, es un tema que muchas compa\u00f1\u00edas est\u00e1n explorando desde hace a\u00f1os.<\/p>\n<p>Por todo lo expuesto antes,\u00a0<a href=\"https:\/\/www.elconfidencial.com\/tags\/temas\/citroen-5098\/4\/\"><strong>Citro\u00ebn<\/strong><\/a><strong>\u00a0<\/strong>se ha unido a\u00a0<a href=\"https:\/\/www.elconfidencial.com\/empresas\/2021-07-14\/bruselas-aprueba-aliazna-accor-keys_3184903\/\"><strong>Accor<\/strong><\/a>\u00a0y a\u00a0<strong>JCDecaux\u00a0<\/strong>para crear un colectivo creativo y comprometido con este tema:<strong>\u00a0The Urban Coll\u00ebctif.\u00a0<\/strong>El concepto que manejan es el de una movilidad urbana revolucionaria, segura y que contribuya al bienestar diario. As\u00ed, la idea se apoya en dos pilares fundamentales: la plataforma,<strong>\u00a0The Citro\u00ebn Skate<\/strong>, y<strong>\u00a0los Pods<\/strong>, \u2018c\u00e1psulas\u2019 espec\u00edficas que se desarrollan para distintos servicios de movilidad. Al separar la plataforma de los servicios, el concepto ofrece la posibilidad de ampliar al m\u00e1ximo el uso de la tecnolog\u00eda aut\u00f3noma, multiplicando as\u00ed la oferta para todos.<strong>\u00a0<\/strong>Los Pods, que son tres de momento, demuestran el potencial del &#8216;open-source&#8217;, proponiendo tres soluciones de movilidad innovadoras y diferentes:\u00a0<strong>Sofitel En Voyage, Pullman Power Fitness\u00a0<\/strong>y<strong>\u00a0JCDecaux City Provider<\/strong><\/p>\n<\/div><div class=\"fusion-sep-clear\"><\/div><div class=\"fusion-separator fusion-full-width-sep\" style=\"margin-left: auto;margin-right: auto;margin-top:20px;margin-bottom:20px;width:100%;\"><\/div><div class=\"fusion-sep-clear\"><\/div><div class=\"fusion-align-block\"><style>.fusion-button.button-1 .fusion-button-text{color:#333333;text-transform:none;}.fusion-button.button-1 i{color:#333333;}.fusion-button.button-1{border-color:#2b2b2b;border-radius:2px 2px 2px 2px;background:rgba(144,201,232,0);background-image:linear-gradient(180deg,rgba(144,201,232,0) 0%,rgba(90,171,214,0) 100%);}.fusion-button.button-1:hover .fusion-button-text,.fusion-button.button-1:hover i,.fusion-button.button-1:focus .fusion-button-text,.fusion-button.button-1:focus i,.fusion-button.button-1:active .fusion-button-text,.fusion-button.button-1:active i{color:#03a9f4;}.fusion-button.button-1:hover,.fusion-button.button-1:active,.fusion-button.button-1:focus{border-color:#03a9f4;background:rgba(90,171,214,0);background-image:linear-gradient(180deg,rgba(90,171,214,0) 0%,rgba(144,201,232,0) 100%);}<\/style><a class=\"fusion-button button-flat fusion-button-default-size button-custom button-1 fusion-button-span-yes fusion-button-default-type\" target=\"_blank\" rel=\"noopener noreferrer\" href=\"https:\/\/www.elconfidencial.com\/motor\/nueva-movilidad\/2021-09-30\/citroen-accor-jcdecaux-urban-collectif-autonomo_3298127\/\"><span class=\"fusion-button-text\">Leer art\u00edculo completo<\/span><\/a><\/div><div class=\"fusion-clearfix\"><\/div><\/div><\/div><\/div><\/div>\n","protected":false},"excerpt":{"rendered":"","protected":false},"author":1,"featured_media":2535,"comment_status":"open","ping_status":"open","sticky":false,"template":"","format":"standard","meta":{"footnotes":""},"categories":[2],"tags":[],"class_list":["post-2525","post","type-post","status-publish","format-standard","has-post-thumbnail","hentry","category-nuestros-articulos"],"yoast_head":"<!-- This site is optimized with the Yoast SEO plugin v27.4 - https:\/\/yoast.com\/product\/yoast-seo-wordpress\/ -->\n<title>Citro\u00ebn, Accor y JCDecaux muestran el futuro de la movilidad urbana<\/title>\n<meta name=\"description\" content=\"Citro\u00ebn, Accor y JCDecaux muestran el futuro de la movilidad urbana, el\u00e9ctrica y aut\u00f3noma que contribuya al bienestar diario.\" \/>\n<meta name=\"robots\" content=\"index, follow, max-snippet:-1, max-image-preview:large, max-video-preview:-1\" \/>\n<link rel=\"canonical\" href=\"https:\/\/intelsynet.com\/citroen-accor-y-jcdecaux-muestran-el-futuro-de-la-movilidad-urbana\/\" \/>\n<meta property=\"og:locale\" content=\"es_ES\" \/>\n<meta property=\"og:type\" content=\"article\" \/>\n<meta property=\"og:title\" content=\"Citro\u00ebn, Accor y JCDecaux muestran el futuro de la movilidad urbana\" \/>\n<meta property=\"og:description\" content=\"Citro\u00ebn, Accor y JCDecaux muestran el futuro de la movilidad urbana, el\u00e9ctrica y aut\u00f3noma que contribuya al bienestar diario.\" \/>\n<meta property=\"og:url\" content=\"https:\/\/intelsynet.com\/citroen-accor-y-jcdecaux-muestran-el-futuro-de-la-movilidad-urbana\/\" \/>\n<meta property=\"og:site_name\" content=\"Intelsynet\" \/>\n<meta property=\"article:published_time\" content=\"2021-10-01T11:19:29+00:00\" \/>\n<meta property=\"og:image\" content=\"https:\/\/intelsynet.com\/wp-content\/uploads\/2021\/10\/movilidad-urbana.jpg\" \/>\n\t<meta property=\"og:image:width\" content=\"960\" \/>\n\t<meta property=\"og:image:height\" content=\"594\" \/>\n\t<meta property=\"og:image:type\" content=\"image\/jpeg\" \/>\n<meta name=\"author\" content=\"produccion\" \/>\n<meta name=\"twitter:card\" content=\"summary_large_image\" \/>\n<meta name=\"twitter:label1\" content=\"Escrito por\" \/>\n\t<meta name=\"twitter:data1\" content=\"produccion\" \/>\n\t<meta name=\"twitter:label2\" content=\"Tiempo de lectura\" \/>\n\t<meta name=\"twitter:data2\" content=\"3 minutos\" \/>\n<script type=\"application\/ld+json\" class=\"yoast-schema-graph\">{\"@context\":\"https:\\\/\\\/schema.org\",\"@graph\":[{\"@type\":\"Article\",\"@id\":\"https:\\\/\\\/intelsynet.com\\\/citroen-accor-y-jcdecaux-muestran-el-futuro-de-la-movilidad-urbana\\\/#article\",\"isPartOf\":{\"@id\":\"https:\\\/\\\/intelsynet.com\\\/citroen-accor-y-jcdecaux-muestran-el-futuro-de-la-movilidad-urbana\\\/\"},\"author\":{\"name\":\"produccion\",\"@id\":\"https:\\\/\\\/intelsynet.com\\\/es\\\/#\\\/schema\\\/person\\\/62b4711a8de3423f0f1537cb5daa1748\"},\"headline\":\"Citro\u00ebn, Accor y JCDecaux muestran el futuro de la movilidad urbana, el\u00e9ctrica y aut\u00f3noma\",\"datePublished\":\"2021-10-01T11:19:29+00:00\",\"mainEntityOfPage\":{\"@id\":\"https:\\\/\\\/intelsynet.com\\\/citroen-accor-y-jcdecaux-muestran-el-futuro-de-la-movilidad-urbana\\\/\"},\"wordCount\":660,\"commentCount\":0,\"image\":{\"@id\":\"https:\\\/\\\/intelsynet.com\\\/citroen-accor-y-jcdecaux-muestran-el-futuro-de-la-movilidad-urbana\\\/#primaryimage\"},\"thumbnailUrl\":\"https:\\\/\\\/intelsynet.com\\\/wp-content\\\/uploads\\\/2021\\\/10\\\/movilidad-urbana.jpg\",\"articleSection\":[\"Art\u00edculos\"],\"inLanguage\":\"es\",\"potentialAction\":[{\"@type\":\"CommentAction\",\"name\":\"Comment\",\"target\":[\"https:\\\/\\\/intelsynet.com\\\/citroen-accor-y-jcdecaux-muestran-el-futuro-de-la-movilidad-urbana\\\/#respond\"]}]},{\"@type\":\"WebPage\",\"@id\":\"https:\\\/\\\/intelsynet.com\\\/citroen-accor-y-jcdecaux-muestran-el-futuro-de-la-movilidad-urbana\\\/\",\"url\":\"https:\\\/\\\/intelsynet.com\\\/citroen-accor-y-jcdecaux-muestran-el-futuro-de-la-movilidad-urbana\\\/\",\"name\":\"Citro\u00ebn, Accor y JCDecaux muestran el futuro de la movilidad urbana\",\"isPartOf\":{\"@id\":\"https:\\\/\\\/intelsynet.com\\\/es\\\/#website\"},\"primaryImageOfPage\":{\"@id\":\"https:\\\/\\\/intelsynet.com\\\/citroen-accor-y-jcdecaux-muestran-el-futuro-de-la-movilidad-urbana\\\/#primaryimage\"},\"image\":{\"@id\":\"https:\\\/\\\/intelsynet.com\\\/citroen-accor-y-jcdecaux-muestran-el-futuro-de-la-movilidad-urbana\\\/#primaryimage\"},\"thumbnailUrl\":\"https:\\\/\\\/intelsynet.com\\\/wp-content\\\/uploads\\\/2021\\\/10\\\/movilidad-urbana.jpg\",\"datePublished\":\"2021-10-01T11:19:29+00:00\",\"author\":{\"@id\":\"https:\\\/\\\/intelsynet.com\\\/es\\\/#\\\/schema\\\/person\\\/62b4711a8de3423f0f1537cb5daa1748\"},\"description\":\"Citro\u00ebn, Accor y JCDecaux muestran el futuro de la movilidad urbana, el\u00e9ctrica y aut\u00f3noma que contribuya al bienestar diario.\",\"breadcrumb\":{\"@id\":\"https:\\\/\\\/intelsynet.com\\\/citroen-accor-y-jcdecaux-muestran-el-futuro-de-la-movilidad-urbana\\\/#breadcrumb\"},\"inLanguage\":\"es\",\"potentialAction\":[{\"@type\":\"ReadAction\",\"target\":[\"https:\\\/\\\/intelsynet.com\\\/citroen-accor-y-jcdecaux-muestran-el-futuro-de-la-movilidad-urbana\\\/\"]}]},{\"@type\":\"ImageObject\",\"inLanguage\":\"es\",\"@id\":\"https:\\\/\\\/intelsynet.com\\\/citroen-accor-y-jcdecaux-muestran-el-futuro-de-la-movilidad-urbana\\\/#primaryimage\",\"url\":\"https:\\\/\\\/intelsynet.com\\\/wp-content\\\/uploads\\\/2021\\\/10\\\/movilidad-urbana.jpg\",\"contentUrl\":\"https:\\\/\\\/intelsynet.com\\\/wp-content\\\/uploads\\\/2021\\\/10\\\/movilidad-urbana.jpg\",\"width\":960,\"height\":594,\"caption\":\"movilidad urbana\"},{\"@type\":\"BreadcrumbList\",\"@id\":\"https:\\\/\\\/intelsynet.com\\\/citroen-accor-y-jcdecaux-muestran-el-futuro-de-la-movilidad-urbana\\\/#breadcrumb\",\"itemListElement\":[{\"@type\":\"ListItem\",\"position\":1,\"name\":\"Portada\",\"item\":\"https:\\\/\\\/intelsynet.com\\\/\"},{\"@type\":\"ListItem\",\"position\":2,\"name\":\"Citro\u00ebn, Accor y JCDecaux muestran el futuro de la movilidad urbana, el\u00e9ctrica y aut\u00f3noma\"}]},{\"@type\":\"WebSite\",\"@id\":\"https:\\\/\\\/intelsynet.com\\\/es\\\/#website\",\"url\":\"https:\\\/\\\/intelsynet.com\\\/es\\\/\",\"name\":\"Intelsynet\",\"description\":\"Advisory Services\",\"potentialAction\":[{\"@type\":\"SearchAction\",\"target\":{\"@type\":\"EntryPoint\",\"urlTemplate\":\"https:\\\/\\\/intelsynet.com\\\/es\\\/?s={search_term_string}\"},\"query-input\":{\"@type\":\"PropertyValueSpecification\",\"valueRequired\":true,\"valueName\":\"search_term_string\"}}],\"inLanguage\":\"es\"},{\"@type\":\"Person\",\"@id\":\"https:\\\/\\\/intelsynet.com\\\/es\\\/#\\\/schema\\\/person\\\/62b4711a8de3423f0f1537cb5daa1748\",\"name\":\"produccion\",\"image\":{\"@type\":\"ImageObject\",\"inLanguage\":\"es\",\"@id\":\"https:\\\/\\\/secure.gravatar.com\\\/avatar\\\/bbda47eeca6a4d008c3cda344ed3cf00b82bd1a9f9fb41804c887c2ac269b8ec?s=96&d=mm&r=g\",\"url\":\"https:\\\/\\\/secure.gravatar.com\\\/avatar\\\/bbda47eeca6a4d008c3cda344ed3cf00b82bd1a9f9fb41804c887c2ac269b8ec?s=96&d=mm&r=g\",\"contentUrl\":\"https:\\\/\\\/secure.gravatar.com\\\/avatar\\\/bbda47eeca6a4d008c3cda344ed3cf00b82bd1a9f9fb41804c887c2ac269b8ec?s=96&d=mm&r=g\",\"caption\":\"produccion\"},\"url\":\"https:\\\/\\\/intelsynet.com\\\/es\\\/author\\\/produccion\\\/\"}]}<\/script>\n<!-- \/ Yoast SEO plugin. -->","yoast_head_json":{"title":"Citro\u00ebn, Accor y JCDecaux muestran el futuro de la movilidad urbana","description":"Citro\u00ebn, Accor y JCDecaux muestran el futuro de la movilidad urbana, el\u00e9ctrica y aut\u00f3noma que contribuya al bienestar diario.","robots":{"index":"index","follow":"follow","max-snippet":"max-snippet:-1","max-image-preview":"max-image-preview:large","max-video-preview":"max-video-preview:-1"},"canonical":"https:\/\/intelsynet.com\/citroen-accor-y-jcdecaux-muestran-el-futuro-de-la-movilidad-urbana\/","og_locale":"es_ES","og_type":"article","og_title":"Citro\u00ebn, Accor y JCDecaux muestran el futuro de la movilidad urbana","og_description":"Citro\u00ebn, Accor y JCDecaux muestran el futuro de la movilidad urbana, el\u00e9ctrica y aut\u00f3noma que contribuya al bienestar diario.","og_url":"https:\/\/intelsynet.com\/citroen-accor-y-jcdecaux-muestran-el-futuro-de-la-movilidad-urbana\/","og_site_name":"Intelsynet","article_published_time":"2021-10-01T11:19:29+00:00","og_image":[{"width":960,"height":594,"url":"https:\/\/intelsynet.com\/wp-content\/uploads\/2021\/10\/movilidad-urbana.jpg","type":"image\/jpeg"}],"author":"produccion","twitter_card":"summary_large_image","twitter_misc":{"Escrito por":"produccion","Tiempo de lectura":"3 minutos"},"schema":{"@context":"https:\/\/schema.org","@graph":[{"@type":"Article","@id":"https:\/\/intelsynet.com\/citroen-accor-y-jcdecaux-muestran-el-futuro-de-la-movilidad-urbana\/#article","isPartOf":{"@id":"https:\/\/intelsynet.com\/citroen-accor-y-jcdecaux-muestran-el-futuro-de-la-movilidad-urbana\/"},"author":{"name":"produccion","@id":"https:\/\/intelsynet.com\/es\/#\/schema\/person\/62b4711a8de3423f0f1537cb5daa1748"},"headline":"Citro\u00ebn, Accor y JCDecaux muestran el futuro de la movilidad urbana, el\u00e9ctrica y aut\u00f3noma","datePublished":"2021-10-01T11:19:29+00:00","mainEntityOfPage":{"@id":"https:\/\/intelsynet.com\/citroen-accor-y-jcdecaux-muestran-el-futuro-de-la-movilidad-urbana\/"},"wordCount":660,"commentCount":0,"image":{"@id":"https:\/\/intelsynet.com\/citroen-accor-y-jcdecaux-muestran-el-futuro-de-la-movilidad-urbana\/#primaryimage"},"thumbnailUrl":"https:\/\/intelsynet.com\/wp-content\/uploads\/2021\/10\/movilidad-urbana.jpg","articleSection":["Art\u00edculos"],"inLanguage":"es","potentialAction":[{"@type":"CommentAction","name":"Comment","target":["https:\/\/intelsynet.com\/citroen-accor-y-jcdecaux-muestran-el-futuro-de-la-movilidad-urbana\/#respond"]}]},{"@type":"WebPage","@id":"https:\/\/intelsynet.com\/citroen-accor-y-jcdecaux-muestran-el-futuro-de-la-movilidad-urbana\/","url":"https:\/\/intelsynet.com\/citroen-accor-y-jcdecaux-muestran-el-futuro-de-la-movilidad-urbana\/","name":"Citro\u00ebn, Accor y JCDecaux muestran el futuro de la movilidad urbana","isPartOf":{"@id":"https:\/\/intelsynet.com\/es\/#website"},"primaryImageOfPage":{"@id":"https:\/\/intelsynet.com\/citroen-accor-y-jcdecaux-muestran-el-futuro-de-la-movilidad-urbana\/#primaryimage"},"image":{"@id":"https:\/\/intelsynet.com\/citroen-accor-y-jcdecaux-muestran-el-futuro-de-la-movilidad-urbana\/#primaryimage"},"thumbnailUrl":"https:\/\/intelsynet.com\/wp-content\/uploads\/2021\/10\/movilidad-urbana.jpg","datePublished":"2021-10-01T11:19:29+00:00","author":{"@id":"https:\/\/intelsynet.com\/es\/#\/schema\/person\/62b4711a8de3423f0f1537cb5daa1748"},"description":"Citro\u00ebn, Accor y JCDecaux muestran el futuro de la movilidad urbana, el\u00e9ctrica y aut\u00f3noma que contribuya al bienestar diario.","breadcrumb":{"@id":"https:\/\/intelsynet.com\/citroen-accor-y-jcdecaux-muestran-el-futuro-de-la-movilidad-urbana\/#breadcrumb"},"inLanguage":"es","potentialAction":[{"@type":"ReadAction","target":["https:\/\/intelsynet.com\/citroen-accor-y-jcdecaux-muestran-el-futuro-de-la-movilidad-urbana\/"]}]},{"@type":"ImageObject","inLanguage":"es","@id":"https:\/\/intelsynet.com\/citroen-accor-y-jcdecaux-muestran-el-futuro-de-la-movilidad-urbana\/#primaryimage","url":"https:\/\/intelsynet.com\/wp-content\/uploads\/2021\/10\/movilidad-urbana.jpg","contentUrl":"https:\/\/intelsynet.com\/wp-content\/uploads\/2021\/10\/movilidad-urbana.jpg","width":960,"height":594,"caption":"movilidad urbana"},{"@type":"BreadcrumbList","@id":"https:\/\/intelsynet.com\/citroen-accor-y-jcdecaux-muestran-el-futuro-de-la-movilidad-urbana\/#breadcrumb","itemListElement":[{"@type":"ListItem","position":1,"name":"Portada","item":"https:\/\/intelsynet.com\/"},{"@type":"ListItem","position":2,"name":"Citro\u00ebn, Accor y JCDecaux muestran el futuro de la movilidad urbana, el\u00e9ctrica y aut\u00f3noma"}]},{"@type":"WebSite","@id":"https:\/\/intelsynet.com\/es\/#website","url":"https:\/\/intelsynet.com\/es\/","name":"Intelsynet","description":"Advisory Services","potentialAction":[{"@type":"SearchAction","target":{"@type":"EntryPoint","urlTemplate":"https:\/\/intelsynet.com\/es\/?s={search_term_string}"},"query-input":{"@type":"PropertyValueSpecification","valueRequired":true,"valueName":"search_term_string"}}],"inLanguage":"es"},{"@type":"Person","@id":"https:\/\/intelsynet.com\/es\/#\/schema\/person\/62b4711a8de3423f0f1537cb5daa1748","name":"produccion","image":{"@type":"ImageObject","inLanguage":"es","@id":"https:\/\/secure.gravatar.com\/avatar\/bbda47eeca6a4d008c3cda344ed3cf00b82bd1a9f9fb41804c887c2ac269b8ec?s=96&d=mm&r=g","url":"https:\/\/secure.gravatar.com\/avatar\/bbda47eeca6a4d008c3cda344ed3cf00b82bd1a9f9fb41804c887c2ac269b8ec?s=96&d=mm&r=g","contentUrl":"https:\/\/secure.gravatar.com\/avatar\/bbda47eeca6a4d008c3cda344ed3cf00b82bd1a9f9fb41804c887c2ac269b8ec?s=96&d=mm&r=g","caption":"produccion"},"url":"https:\/\/intelsynet.com\/es\/author\/produccion\/"}]}},"_links":{"self":[{"href":"https:\/\/intelsynet.com\/es\/wp-json\/wp\/v2\/posts\/2525","targetHints":{"allow":["GET"]}}],"collection":[{"href":"https:\/\/intelsynet.com\/es\/wp-json\/wp\/v2\/posts"}],"about":[{"href":"https:\/\/intelsynet.com\/es\/wp-json\/wp\/v2\/types\/post"}],"author":[{"embeddable":true,"href":"https:\/\/intelsynet.com\/es\/wp-json\/wp\/v2\/users\/1"}],"replies":[{"embeddable":true,"href":"https:\/\/intelsynet.com\/es\/wp-json\/wp\/v2\/comments?post=2525"}],"version-history":[{"count":2,"href":"https:\/\/intelsynet.com\/es\/wp-json\/wp\/v2\/posts\/2525\/revisions"}],"predecessor-version":[{"id":2541,"href":"https:\/\/intelsynet.com\/es\/wp-json\/wp\/v2\/posts\/2525\/revisions\/2541"}],"wp:featuredmedia":[{"embeddable":true,"href":"https:\/\/intelsynet.com\/es\/wp-json\/wp\/v2\/media\/2535"}],"wp:attachment":[{"href":"https:\/\/intelsynet.com\/es\/wp-json\/wp\/v2\/media?parent=2525"}],"wp:term":[{"taxonomy":"category","embeddable":true,"href":"https:\/\/intelsynet.com\/es\/wp-json\/wp\/v2\/categories?post=2525"},{"taxonomy":"post_tag","embeddable":true,"href":"https:\/\/intelsynet.com\/es\/wp-json\/wp\/v2\/tags?post=2525"}],"curies":[{"name":"wp","href":"https:\/\/api.w.org\/{rel}","templated":true}]}}