{"id":2524,"date":"2021-10-01T11:16:39","date_gmt":"2021-10-01T11:16:39","guid":{"rendered":"https:\/\/intelsynet.com\/?p=2524"},"modified":"2021-10-01T11:16:39","modified_gmt":"2021-10-01T11:16:39","slug":"6-anos-de-la-aprobacion-de-los-objetivos-de-desarrollo-sostenible-ods","status":"publish","type":"post","link":"https:\/\/intelsynet.com\/es\/6-anos-de-la-aprobacion-de-los-objetivos-de-desarrollo-sostenible-ods\/","title":{"rendered":"6 a\u00f1os de la aprobaci\u00f3n de los Objetivos de Desarrollo Sostenible (ODS)"},"content":{"rendered":"<div class=\"fusion-fullwidth fullwidth-box fusion-builder-row-1 nonhundred-percent-fullwidth non-hundred-percent-height-scrolling\" style=\"background-color: rgba(255,255,255,0);background-position: center center;background-repeat: no-repeat;padding-top:0px;padding-right:0px;padding-bottom:0px;padding-left:0px;margin-bottom: 0px;margin-top: 0px;border-width: 0px 0px 0px 0px;border-color:rgba(97,158,133,0);border-style:solid;\" ><div class=\"fusion-builder-row fusion-row\"><div class=\"fusion-layout-column fusion_builder_column fusion-builder-column-0 fusion_builder_column_1_1 1_1 fusion-one-full fusion-column-first fusion-column-last\" style=\"margin-top:0px;margin-bottom:0px;\"><div class=\"fusion-column-wrapper fusion-flex-column-wrapper-legacy\" style=\"background-position:left top;background-repeat:no-repeat;-webkit-background-size:cover;-moz-background-size:cover;-o-background-size:cover;background-size:cover;padding: 0px 0px 0px 0px;\"><div class=\"fusion-text fusion-text-1\"><p>El pasado s\u00e1bado 25 de septiembre se cumplieron\u00a0<strong>6 a\u00f1os de la aprobaci\u00f3n de los Objetivos de Desarrollo Sostenible (<\/strong><a href=\"https:\/\/www.gndiario.com\/gndiario-compromiso-objetivos-desarrollo-sostenible\"><strong>ODS<\/strong><\/a><strong>)<\/strong>, la hoja de ruta de la ONU con la que todos los gobiernos se comprometieron para contribuir a hacer frente a los grandes desaf\u00edos de la humanidad.<\/p>\n<p>La\u00a0<strong>pandemia del coronavirus<\/strong>\u00a0ha puesto en jaque a la\u00a0<a href=\"https:\/\/www.gndiario.com\/ocde-crecimiento-economia-coronavirus\"><strong>econom\u00eda<\/strong><\/a><strong>\u00a0global\u00a0<\/strong>y, a pesar de haber cambiado el paradigma de trabajo de muchas personas por el\u00a0<a href=\"https:\/\/intelsynet.com\/ciberseguridad-en-verano\/\"><strong>teletrabajo<\/strong><\/a>, no ha sido suficiente para\u00a0<a href=\"https:\/\/www.gndiario.com\/coronavirus-emisiones-dioxido-CO2\"><strong>reducir las emisiones a la atm\u00f3sfera<\/strong><\/a>\u00a0que ayuden a alcanzar el objetivo de emisiones que marca el\u00a0<strong>Acuerdo de Par\u00eds<\/strong> para evitar un calentamiento gloal de m\u00e1s de 1.5 grados, uno de los puntos fundamentales de los <strong>Objetivos de Desarrollo Sostenible<\/strong>.<\/p>\n<\/div><div class=\"fusion-sep-clear\"><\/div><div class=\"fusion-separator fusion-full-width-sep\" style=\"margin-left: auto;margin-right: auto;margin-top:20px;margin-bottom:20px;width:100%;\"><\/div><div class=\"fusion-sep-clear\"><\/div><div class=\"fusion-align-block\"><style>.fusion-button.button-1 .fusion-button-text{color:#333333;text-transform:none;}.fusion-button.button-1 i{color:#333333;}.fusion-button.button-1{border-color:#2b2b2b;border-radius:2px 2px 2px 2px;background:rgba(144,201,232,0);background-image:linear-gradient(180deg,rgba(144,201,232,0) 0%,rgba(90,171,214,0) 100%);}.fusion-button.button-1:hover .fusion-button-text,.fusion-button.button-1:hover i,.fusion-button.button-1:focus .fusion-button-text,.fusion-button.button-1:focus i,.fusion-button.button-1:active .fusion-button-text,.fusion-button.button-1:active i{color:#03a9f4;}.fusion-button.button-1:hover,.fusion-button.button-1:active,.fusion-button.button-1:focus{border-color:#03a9f4;background:rgba(90,171,214,0);background-image:linear-gradient(180deg,rgba(90,171,214,0) 0%,rgba(144,201,232,0) 100%);}<\/style><a class=\"fusion-button button-flat fusion-button-default-size button-custom button-1 fusion-button-span-yes fusion-button-default-type\" target=\"_blank\" rel=\"noopener noreferrer\" href=\"https:\/\/www.gndiario.com\/objetivos-de-desarrollo-sostenible-6-anos\"><span class=\"fusion-button-text\">Leer art\u00edculo completo<\/span><\/a><\/div><div class=\"fusion-clearfix\"><\/div><\/div><\/div><\/div><\/div>\n","protected":false},"excerpt":{"rendered":"","protected":false},"author":1,"featured_media":2536,"comment_status":"open","ping_status":"open","sticky":false,"template":"","format":"standard","meta":{"footnotes":""},"categories":[2],"tags":[],"class_list":["post-2524","post","type-post","status-publish","format-standard","has-post-thumbnail","hentry","category-nuestros-articulos"],"yoast_head":"<!-- This site is optimized with the Yoast SEO plugin v27.4 - https:\/\/yoast.com\/product\/yoast-seo-wordpress\/ -->\n<title>6 a\u00f1os de la aprobaci\u00f3n de los Objetivos de Desarrollo Sostenible<\/title>\n<meta name=\"description\" content=\"Se cumplen seis a\u00f1os de la aprobaci\u00f3n de los Objetivos de Desarrollo Sostenible (ODS), la hoja de ruta de la ONU para los desaf\u00edos futuros.\" \/>\n<meta name=\"robots\" content=\"index, follow, max-snippet:-1, max-image-preview:large, max-video-preview:-1\" \/>\n<link rel=\"canonical\" href=\"https:\/\/intelsynet.com\/6-anos-de-la-aprobacion-de-los-objetivos-de-desarrollo-sostenible-ods\/\" \/>\n<meta property=\"og:locale\" content=\"es_ES\" \/>\n<meta property=\"og:type\" content=\"article\" \/>\n<meta property=\"og:title\" content=\"6 a\u00f1os de la aprobaci\u00f3n de los Objetivos de Desarrollo Sostenible\" \/>\n<meta property=\"og:description\" content=\"Se cumplen seis a\u00f1os de la aprobaci\u00f3n de los Objetivos de Desarrollo Sostenible (ODS), la hoja de ruta de la ONU para los desaf\u00edos futuros.\" \/>\n<meta property=\"og:url\" content=\"https:\/\/intelsynet.com\/6-anos-de-la-aprobacion-de-los-objetivos-de-desarrollo-sostenible-ods\/\" \/>\n<meta property=\"og:site_name\" content=\"Intelsynet\" \/>\n<meta property=\"article:published_time\" content=\"2021-10-01T11:16:39+00:00\" \/>\n<meta property=\"og:image\" content=\"https:\/\/intelsynet.com\/wp-content\/uploads\/2021\/10\/objetivos-de-desarrollo-sostenible.jpg\" \/>\n\t<meta property=\"og:image:width\" content=\"776\" \/>\n\t<meta property=\"og:image:height\" content=\"480\" \/>\n\t<meta property=\"og:image:type\" content=\"image\/jpeg\" \/>\n<meta name=\"author\" content=\"produccion\" \/>\n<meta name=\"twitter:card\" content=\"summary_large_image\" \/>\n<meta name=\"twitter:label1\" content=\"Escrito por\" \/>\n\t<meta name=\"twitter:data1\" content=\"produccion\" \/>\n\t<meta name=\"twitter:label2\" content=\"Tiempo de lectura\" \/>\n\t<meta name=\"twitter:data2\" content=\"2 minutos\" \/>\n<script type=\"application\/ld+json\" class=\"yoast-schema-graph\">{\"@context\":\"https:\\\/\\\/schema.org\",\"@graph\":[{\"@type\":\"Article\",\"@id\":\"https:\\\/\\\/intelsynet.com\\\/6-anos-de-la-aprobacion-de-los-objetivos-de-desarrollo-sostenible-ods\\\/#article\",\"isPartOf\":{\"@id\":\"https:\\\/\\\/intelsynet.com\\\/6-anos-de-la-aprobacion-de-los-objetivos-de-desarrollo-sostenible-ods\\\/\"},\"author\":{\"name\":\"produccion\",\"@id\":\"https:\\\/\\\/intelsynet.com\\\/es\\\/#\\\/schema\\\/person\\\/62b4711a8de3423f0f1537cb5daa1748\"},\"headline\":\"6 a\u00f1os de la aprobaci\u00f3n de los Objetivos de Desarrollo Sostenible (ODS)\",\"datePublished\":\"2021-10-01T11:16:39+00:00\",\"mainEntityOfPage\":{\"@id\":\"https:\\\/\\\/intelsynet.com\\\/6-anos-de-la-aprobacion-de-los-objetivos-de-desarrollo-sostenible-ods\\\/\"},\"wordCount\":510,\"commentCount\":0,\"image\":{\"@id\":\"https:\\\/\\\/intelsynet.com\\\/6-anos-de-la-aprobacion-de-los-objetivos-de-desarrollo-sostenible-ods\\\/#primaryimage\"},\"thumbnailUrl\":\"https:\\\/\\\/intelsynet.com\\\/wp-content\\\/uploads\\\/2021\\\/10\\\/objetivos-de-desarrollo-sostenible.jpg\",\"articleSection\":[\"Art\u00edculos\"],\"inLanguage\":\"es\",\"potentialAction\":[{\"@type\":\"CommentAction\",\"name\":\"Comment\",\"target\":[\"https:\\\/\\\/intelsynet.com\\\/6-anos-de-la-aprobacion-de-los-objetivos-de-desarrollo-sostenible-ods\\\/#respond\"]}]},{\"@type\":\"WebPage\",\"@id\":\"https:\\\/\\\/intelsynet.com\\\/6-anos-de-la-aprobacion-de-los-objetivos-de-desarrollo-sostenible-ods\\\/\",\"url\":\"https:\\\/\\\/intelsynet.com\\\/6-anos-de-la-aprobacion-de-los-objetivos-de-desarrollo-sostenible-ods\\\/\",\"name\":\"6 a\u00f1os de la aprobaci\u00f3n de los Objetivos de Desarrollo Sostenible\",\"isPartOf\":{\"@id\":\"https:\\\/\\\/intelsynet.com\\\/es\\\/#website\"},\"primaryImageOfPage\":{\"@id\":\"https:\\\/\\\/intelsynet.com\\\/6-anos-de-la-aprobacion-de-los-objetivos-de-desarrollo-sostenible-ods\\\/#primaryimage\"},\"image\":{\"@id\":\"https:\\\/\\\/intelsynet.com\\\/6-anos-de-la-aprobacion-de-los-objetivos-de-desarrollo-sostenible-ods\\\/#primaryimage\"},\"thumbnailUrl\":\"https:\\\/\\\/intelsynet.com\\\/wp-content\\\/uploads\\\/2021\\\/10\\\/objetivos-de-desarrollo-sostenible.jpg\",\"datePublished\":\"2021-10-01T11:16:39+00:00\",\"author\":{\"@id\":\"https:\\\/\\\/intelsynet.com\\\/es\\\/#\\\/schema\\\/person\\\/62b4711a8de3423f0f1537cb5daa1748\"},\"description\":\"Se cumplen seis a\u00f1os de la aprobaci\u00f3n de los Objetivos de Desarrollo Sostenible (ODS), la hoja de ruta de la ONU para los desaf\u00edos futuros.\",\"breadcrumb\":{\"@id\":\"https:\\\/\\\/intelsynet.com\\\/6-anos-de-la-aprobacion-de-los-objetivos-de-desarrollo-sostenible-ods\\\/#breadcrumb\"},\"inLanguage\":\"es\",\"potentialAction\":[{\"@type\":\"ReadAction\",\"target\":[\"https:\\\/\\\/intelsynet.com\\\/6-anos-de-la-aprobacion-de-los-objetivos-de-desarrollo-sostenible-ods\\\/\"]}]},{\"@type\":\"ImageObject\",\"inLanguage\":\"es\",\"@id\":\"https:\\\/\\\/intelsynet.com\\\/6-anos-de-la-aprobacion-de-los-objetivos-de-desarrollo-sostenible-ods\\\/#primaryimage\",\"url\":\"https:\\\/\\\/intelsynet.com\\\/wp-content\\\/uploads\\\/2021\\\/10\\\/objetivos-de-desarrollo-sostenible.jpg\",\"contentUrl\":\"https:\\\/\\\/intelsynet.com\\\/wp-content\\\/uploads\\\/2021\\\/10\\\/objetivos-de-desarrollo-sostenible.jpg\",\"width\":776,\"height\":480,\"caption\":\"objetivos de desarrollo sostenible\"},{\"@type\":\"BreadcrumbList\",\"@id\":\"https:\\\/\\\/intelsynet.com\\\/6-anos-de-la-aprobacion-de-los-objetivos-de-desarrollo-sostenible-ods\\\/#breadcrumb\",\"itemListElement\":[{\"@type\":\"ListItem\",\"position\":1,\"name\":\"Portada\",\"item\":\"https:\\\/\\\/intelsynet.com\\\/\"},{\"@type\":\"ListItem\",\"position\":2,\"name\":\"6 a\u00f1os de la aprobaci\u00f3n de los Objetivos de Desarrollo Sostenible (ODS)\"}]},{\"@type\":\"WebSite\",\"@id\":\"https:\\\/\\\/intelsynet.com\\\/es\\\/#website\",\"url\":\"https:\\\/\\\/intelsynet.com\\\/es\\\/\",\"name\":\"Intelsynet\",\"description\":\"Advisory Services\",\"potentialAction\":[{\"@type\":\"SearchAction\",\"target\":{\"@type\":\"EntryPoint\",\"urlTemplate\":\"https:\\\/\\\/intelsynet.com\\\/es\\\/?s={search_term_string}\"},\"query-input\":{\"@type\":\"PropertyValueSpecification\",\"valueRequired\":true,\"valueName\":\"search_term_string\"}}],\"inLanguage\":\"es\"},{\"@type\":\"Person\",\"@id\":\"https:\\\/\\\/intelsynet.com\\\/es\\\/#\\\/schema\\\/person\\\/62b4711a8de3423f0f1537cb5daa1748\",\"name\":\"produccion\",\"image\":{\"@type\":\"ImageObject\",\"inLanguage\":\"es\",\"@id\":\"https:\\\/\\\/secure.gravatar.com\\\/avatar\\\/bbda47eeca6a4d008c3cda344ed3cf00b82bd1a9f9fb41804c887c2ac269b8ec?s=96&d=mm&r=g\",\"url\":\"https:\\\/\\\/secure.gravatar.com\\\/avatar\\\/bbda47eeca6a4d008c3cda344ed3cf00b82bd1a9f9fb41804c887c2ac269b8ec?s=96&d=mm&r=g\",\"contentUrl\":\"https:\\\/\\\/secure.gravatar.com\\\/avatar\\\/bbda47eeca6a4d008c3cda344ed3cf00b82bd1a9f9fb41804c887c2ac269b8ec?s=96&d=mm&r=g\",\"caption\":\"produccion\"},\"url\":\"https:\\\/\\\/intelsynet.com\\\/es\\\/author\\\/produccion\\\/\"}]}<\/script>\n<!-- \/ Yoast SEO plugin. -->","yoast_head_json":{"title":"6 a\u00f1os de la aprobaci\u00f3n de los Objetivos de Desarrollo Sostenible","description":"Se cumplen seis a\u00f1os de la aprobaci\u00f3n de los Objetivos de Desarrollo Sostenible (ODS), la hoja de ruta de la ONU para los desaf\u00edos futuros.","robots":{"index":"index","follow":"follow","max-snippet":"max-snippet:-1","max-image-preview":"max-image-preview:large","max-video-preview":"max-video-preview:-1"},"canonical":"https:\/\/intelsynet.com\/6-anos-de-la-aprobacion-de-los-objetivos-de-desarrollo-sostenible-ods\/","og_locale":"es_ES","og_type":"article","og_title":"6 a\u00f1os de la aprobaci\u00f3n de los Objetivos de Desarrollo Sostenible","og_description":"Se cumplen seis a\u00f1os de la aprobaci\u00f3n de los Objetivos de Desarrollo Sostenible (ODS), la hoja de ruta de la ONU para los desaf\u00edos futuros.","og_url":"https:\/\/intelsynet.com\/6-anos-de-la-aprobacion-de-los-objetivos-de-desarrollo-sostenible-ods\/","og_site_name":"Intelsynet","article_published_time":"2021-10-01T11:16:39+00:00","og_image":[{"width":776,"height":480,"url":"https:\/\/intelsynet.com\/wp-content\/uploads\/2021\/10\/objetivos-de-desarrollo-sostenible.jpg","type":"image\/jpeg"}],"author":"produccion","twitter_card":"summary_large_image","twitter_misc":{"Escrito por":"produccion","Tiempo de lectura":"2 minutos"},"schema":{"@context":"https:\/\/schema.org","@graph":[{"@type":"Article","@id":"https:\/\/intelsynet.com\/6-anos-de-la-aprobacion-de-los-objetivos-de-desarrollo-sostenible-ods\/#article","isPartOf":{"@id":"https:\/\/intelsynet.com\/6-anos-de-la-aprobacion-de-los-objetivos-de-desarrollo-sostenible-ods\/"},"author":{"name":"produccion","@id":"https:\/\/intelsynet.com\/es\/#\/schema\/person\/62b4711a8de3423f0f1537cb5daa1748"},"headline":"6 a\u00f1os de la aprobaci\u00f3n de los Objetivos de Desarrollo Sostenible (ODS)","datePublished":"2021-10-01T11:16:39+00:00","mainEntityOfPage":{"@id":"https:\/\/intelsynet.com\/6-anos-de-la-aprobacion-de-los-objetivos-de-desarrollo-sostenible-ods\/"},"wordCount":510,"commentCount":0,"image":{"@id":"https:\/\/intelsynet.com\/6-anos-de-la-aprobacion-de-los-objetivos-de-desarrollo-sostenible-ods\/#primaryimage"},"thumbnailUrl":"https:\/\/intelsynet.com\/wp-content\/uploads\/2021\/10\/objetivos-de-desarrollo-sostenible.jpg","articleSection":["Art\u00edculos"],"inLanguage":"es","potentialAction":[{"@type":"CommentAction","name":"Comment","target":["https:\/\/intelsynet.com\/6-anos-de-la-aprobacion-de-los-objetivos-de-desarrollo-sostenible-ods\/#respond"]}]},{"@type":"WebPage","@id":"https:\/\/intelsynet.com\/6-anos-de-la-aprobacion-de-los-objetivos-de-desarrollo-sostenible-ods\/","url":"https:\/\/intelsynet.com\/6-anos-de-la-aprobacion-de-los-objetivos-de-desarrollo-sostenible-ods\/","name":"6 a\u00f1os de la aprobaci\u00f3n de los Objetivos de Desarrollo Sostenible","isPartOf":{"@id":"https:\/\/intelsynet.com\/es\/#website"},"primaryImageOfPage":{"@id":"https:\/\/intelsynet.com\/6-anos-de-la-aprobacion-de-los-objetivos-de-desarrollo-sostenible-ods\/#primaryimage"},"image":{"@id":"https:\/\/intelsynet.com\/6-anos-de-la-aprobacion-de-los-objetivos-de-desarrollo-sostenible-ods\/#primaryimage"},"thumbnailUrl":"https:\/\/intelsynet.com\/wp-content\/uploads\/2021\/10\/objetivos-de-desarrollo-sostenible.jpg","datePublished":"2021-10-01T11:16:39+00:00","author":{"@id":"https:\/\/intelsynet.com\/es\/#\/schema\/person\/62b4711a8de3423f0f1537cb5daa1748"},"description":"Se cumplen seis a\u00f1os de la aprobaci\u00f3n de los Objetivos de Desarrollo Sostenible (ODS), la hoja de ruta de la ONU para los desaf\u00edos futuros.","breadcrumb":{"@id":"https:\/\/intelsynet.com\/6-anos-de-la-aprobacion-de-los-objetivos-de-desarrollo-sostenible-ods\/#breadcrumb"},"inLanguage":"es","potentialAction":[{"@type":"ReadAction","target":["https:\/\/intelsynet.com\/6-anos-de-la-aprobacion-de-los-objetivos-de-desarrollo-sostenible-ods\/"]}]},{"@type":"ImageObject","inLanguage":"es","@id":"https:\/\/intelsynet.com\/6-anos-de-la-aprobacion-de-los-objetivos-de-desarrollo-sostenible-ods\/#primaryimage","url":"https:\/\/intelsynet.com\/wp-content\/uploads\/2021\/10\/objetivos-de-desarrollo-sostenible.jpg","contentUrl":"https:\/\/intelsynet.com\/wp-content\/uploads\/2021\/10\/objetivos-de-desarrollo-sostenible.jpg","width":776,"height":480,"caption":"objetivos de desarrollo sostenible"},{"@type":"BreadcrumbList","@id":"https:\/\/intelsynet.com\/6-anos-de-la-aprobacion-de-los-objetivos-de-desarrollo-sostenible-ods\/#breadcrumb","itemListElement":[{"@type":"ListItem","position":1,"name":"Portada","item":"https:\/\/intelsynet.com\/"},{"@type":"ListItem","position":2,"name":"6 a\u00f1os de la aprobaci\u00f3n de los Objetivos de Desarrollo Sostenible (ODS)"}]},{"@type":"WebSite","@id":"https:\/\/intelsynet.com\/es\/#website","url":"https:\/\/intelsynet.com\/es\/","name":"Intelsynet","description":"Advisory Services","potentialAction":[{"@type":"SearchAction","target":{"@type":"EntryPoint","urlTemplate":"https:\/\/intelsynet.com\/es\/?s={search_term_string}"},"query-input":{"@type":"PropertyValueSpecification","valueRequired":true,"valueName":"search_term_string"}}],"inLanguage":"es"},{"@type":"Person","@id":"https:\/\/intelsynet.com\/es\/#\/schema\/person\/62b4711a8de3423f0f1537cb5daa1748","name":"produccion","image":{"@type":"ImageObject","inLanguage":"es","@id":"https:\/\/secure.gravatar.com\/avatar\/bbda47eeca6a4d008c3cda344ed3cf00b82bd1a9f9fb41804c887c2ac269b8ec?s=96&d=mm&r=g","url":"https:\/\/secure.gravatar.com\/avatar\/bbda47eeca6a4d008c3cda344ed3cf00b82bd1a9f9fb41804c887c2ac269b8ec?s=96&d=mm&r=g","contentUrl":"https:\/\/secure.gravatar.com\/avatar\/bbda47eeca6a4d008c3cda344ed3cf00b82bd1a9f9fb41804c887c2ac269b8ec?s=96&d=mm&r=g","caption":"produccion"},"url":"https:\/\/intelsynet.com\/es\/author\/produccion\/"}]}},"_links":{"self":[{"href":"https:\/\/intelsynet.com\/es\/wp-json\/wp\/v2\/posts\/2524","targetHints":{"allow":["GET"]}}],"collection":[{"href":"https:\/\/intelsynet.com\/es\/wp-json\/wp\/v2\/posts"}],"about":[{"href":"https:\/\/intelsynet.com\/es\/wp-json\/wp\/v2\/types\/post"}],"author":[{"embeddable":true,"href":"https:\/\/intelsynet.com\/es\/wp-json\/wp\/v2\/users\/1"}],"replies":[{"embeddable":true,"href":"https:\/\/intelsynet.com\/es\/wp-json\/wp\/v2\/comments?post=2524"}],"version-history":[{"count":2,"href":"https:\/\/intelsynet.com\/es\/wp-json\/wp\/v2\/posts\/2524\/revisions"}],"predecessor-version":[{"id":2540,"href":"https:\/\/intelsynet.com\/es\/wp-json\/wp\/v2\/posts\/2524\/revisions\/2540"}],"wp:featuredmedia":[{"embeddable":true,"href":"https:\/\/intelsynet.com\/es\/wp-json\/wp\/v2\/media\/2536"}],"wp:attachment":[{"href":"https:\/\/intelsynet.com\/es\/wp-json\/wp\/v2\/media?parent=2524"}],"wp:term":[{"taxonomy":"category","embeddable":true,"href":"https:\/\/intelsynet.com\/es\/wp-json\/wp\/v2\/categories?post=2524"},{"taxonomy":"post_tag","embeddable":true,"href":"https:\/\/intelsynet.com\/es\/wp-json\/wp\/v2\/tags?post=2524"}],"curies":[{"name":"wp","href":"https:\/\/api.w.org\/{rel}","templated":true}]}}