{"id":2510,"date":"2021-09-24T13:34:39","date_gmt":"2021-09-24T13:34:39","guid":{"rendered":"https:\/\/intelsynet.com\/?p=2510"},"modified":"2021-09-24T13:41:17","modified_gmt":"2021-09-24T13:41:17","slug":"basf-lanza-chemcycling-un-proyecto-de-reciclaje-de-residuos-plasticos-dificiles-de-recuperar","status":"publish","type":"post","link":"https:\/\/intelsynet.com\/es\/basf-lanza-chemcycling-un-proyecto-de-reciclaje-de-residuos-plasticos-dificiles-de-recuperar\/","title":{"rendered":"BASF lanza ChemCycling, un proyecto de reciclaje de residuos pl\u00e1sticos dif\u00edciles de recuperar"},"content":{"rendered":"<div class=\"fusion-fullwidth fullwidth-box fusion-builder-row-1 nonhundred-percent-fullwidth non-hundred-percent-height-scrolling\" style=\"background-color: rgba(255,255,255,0);background-position: center center;background-repeat: no-repeat;padding-top:0px;padding-right:0px;padding-bottom:0px;padding-left:0px;margin-bottom: 0px;margin-top: 0px;border-width: 0px 0px 0px 0px;border-color:rgba(97,158,133,0);border-style:solid;\" ><div class=\"fusion-builder-row fusion-row\"><div class=\"fusion-layout-column fusion_builder_column fusion-builder-column-0 fusion_builder_column_1_1 1_1 fusion-one-full fusion-column-first fusion-column-last\" style=\"margin-top:0px;margin-bottom:0px;\"><div class=\"fusion-column-wrapper fusion-flex-column-wrapper-legacy\" style=\"background-position:left top;background-repeat:no-repeat;-webkit-background-size:cover;-moz-background-size:cover;-o-background-size:cover;background-size:cover;padding: 0px 0px 0px 0px;\"><div class=\"fusion-text fusion-text-1\"><p>La compa\u00f1\u00eda tambi\u00e9n ha presentado Ren Chair, una silla de ruedas controlada desde una app&#8217; del &#8216;smartphone&#8217;, y la primera red privada de tecnolog\u00eda 5G en la industria qu\u00edmica espa\u00f1ola<br \/>\nPoco a poco, todos nos vamos concienciando de la necesidad de reciclar todos los materiales a nuestro alcance. Quiz\u00e1s el mejor ejemplo sea el del pl\u00e1stico, aunque en algunos casos la recuperaci\u00f3n no es tan sencilla. Y es que hay pl\u00e1sticos dif\u00edciles de limpiar, otros especiales \u2014como los de automoci\u00f3n, el pl\u00e1stico de envases multicapa, los colchones&#8230;\u2014 que no se reciclan mec\u00e1nicamente, lo que dificulta dar una segunda salida a estos materiales.<br \/>\n Este problema se agrava si tenemos en cuenta que, seg\u00fan varios c\u00e1lculos, cerca del 40% de los pl\u00e1sticos depositados en reciclaje no puede realmente reciclarse por su composici\u00f3n. Nos encontramos, por tanto, ante un serio obst\u00e1culo: el de ciudadanos y empresas que quieren apostar por la econom\u00eda circular, pero no pueden hacerlo al 100%.<\/p>\n<\/div><div class=\"fusion-sep-clear\"><\/div><div class=\"fusion-separator fusion-full-width-sep\" style=\"margin-left: auto;margin-right: auto;margin-top:20px;margin-bottom:20px;width:100%;\"><\/div><div class=\"fusion-sep-clear\"><\/div><div class=\"fusion-align-block\"><style>.fusion-button.button-1 .fusion-button-text{color:#333333;text-transform:none;}.fusion-button.button-1 i{color:#333333;}.fusion-button.button-1{border-color:#2b2b2b;border-radius:2px 2px 2px 2px;background:rgba(144,201,232,0);background-image:linear-gradient(180deg,rgba(144,201,232,0) 0%,rgba(90,171,214,0) 100%);}.fusion-button.button-1:hover .fusion-button-text,.fusion-button.button-1:hover i,.fusion-button.button-1:focus .fusion-button-text,.fusion-button.button-1:focus i,.fusion-button.button-1:active .fusion-button-text,.fusion-button.button-1:active i{color:#03a9f4;}.fusion-button.button-1:hover,.fusion-button.button-1:active,.fusion-button.button-1:focus{border-color:#03a9f4;background:rgba(90,171,214,0);background-image:linear-gradient(180deg,rgba(90,171,214,0) 0%,rgba(144,201,232,0) 100%);}<\/style><a class=\"fusion-button button-flat fusion-button-default-size button-custom button-1 fusion-button-span-yes fusion-button-default-type\" target=\"_blank\" rel=\"noopener noreferrer\" href=\"https:\/\/www.elconfidencial.com\/empresas\/2021-09-21\/basf-sostenibilidad-chemcycling-expoquimia-bra_3290485\/\"><span class=\"fusion-button-text\">Leer art\u00edculo completo<\/span><\/a><\/div><div class=\"fusion-clearfix\"><\/div><\/div><\/div><\/div><\/div>\n","protected":false},"excerpt":{"rendered":"","protected":false},"author":1,"featured_media":2511,"comment_status":"open","ping_status":"open","sticky":false,"template":"","format":"standard","meta":{"footnotes":""},"categories":[2],"tags":[],"class_list":["post-2510","post","type-post","status-publish","format-standard","has-post-thumbnail","hentry","category-nuestros-articulos"],"yoast_head":"<!-- This site is optimized with the Yoast SEO plugin v27.4 - https:\/\/yoast.com\/product\/yoast-seo-wordpress\/ -->\n<title>BASF lanza ChemCycling, un proyecto de reciclaje de residuos pl\u00e1sticos dif\u00edciles de recuperar - Intelsynet<\/title>\n<meta name=\"robots\" content=\"index, follow, max-snippet:-1, max-image-preview:large, max-video-preview:-1\" \/>\n<link rel=\"canonical\" href=\"https:\/\/intelsynet.com\/basf-lanza-chemcycling-un-proyecto-de-reciclaje-de-residuos-plasticos-dificiles-de-recuperar\/\" \/>\n<meta property=\"og:locale\" content=\"es_ES\" \/>\n<meta property=\"og:type\" content=\"article\" \/>\n<meta property=\"og:title\" content=\"BASF lanza ChemCycling, un proyecto de reciclaje de residuos pl\u00e1sticos dif\u00edciles de recuperar - Intelsynet\" \/>\n<meta property=\"og:url\" content=\"https:\/\/intelsynet.com\/basf-lanza-chemcycling-un-proyecto-de-reciclaje-de-residuos-plasticos-dificiles-de-recuperar\/\" \/>\n<meta property=\"og:site_name\" content=\"Intelsynet\" \/>\n<meta property=\"article:published_time\" content=\"2021-09-24T13:34:39+00:00\" \/>\n<meta property=\"article:modified_time\" content=\"2021-09-24T13:41:17+00:00\" \/>\n<meta property=\"og:image\" content=\"https:\/\/intelsynet.com\/wp-content\/uploads\/2021\/09\/admin-ajax-3.jpg\" \/>\n\t<meta property=\"og:image:width\" content=\"400\" \/>\n\t<meta property=\"og:image:height\" content=\"248\" \/>\n\t<meta property=\"og:image:type\" content=\"image\/jpeg\" \/>\n<meta name=\"author\" content=\"produccion\" \/>\n<meta name=\"twitter:card\" content=\"summary_large_image\" \/>\n<meta name=\"twitter:label1\" content=\"Escrito por\" \/>\n\t<meta name=\"twitter:data1\" content=\"produccion\" \/>\n\t<meta name=\"twitter:label2\" content=\"Tiempo de lectura\" \/>\n\t<meta name=\"twitter:data2\" content=\"3 minutos\" \/>\n<script type=\"application\/ld+json\" class=\"yoast-schema-graph\">{\"@context\":\"https:\\\/\\\/schema.org\",\"@graph\":[{\"@type\":\"Article\",\"@id\":\"https:\\\/\\\/intelsynet.com\\\/basf-lanza-chemcycling-un-proyecto-de-reciclaje-de-residuos-plasticos-dificiles-de-recuperar\\\/#article\",\"isPartOf\":{\"@id\":\"https:\\\/\\\/intelsynet.com\\\/basf-lanza-chemcycling-un-proyecto-de-reciclaje-de-residuos-plasticos-dificiles-de-recuperar\\\/\"},\"author\":{\"name\":\"produccion\",\"@id\":\"https:\\\/\\\/intelsynet.com\\\/es\\\/#\\\/schema\\\/person\\\/62b4711a8de3423f0f1537cb5daa1748\"},\"headline\":\"BASF lanza ChemCycling, un proyecto de reciclaje de residuos pl\u00e1sticos dif\u00edciles de recuperar\",\"datePublished\":\"2021-09-24T13:34:39+00:00\",\"dateModified\":\"2021-09-24T13:41:17+00:00\",\"mainEntityOfPage\":{\"@id\":\"https:\\\/\\\/intelsynet.com\\\/basf-lanza-chemcycling-un-proyecto-de-reciclaje-de-residuos-plasticos-dificiles-de-recuperar\\\/\"},\"wordCount\":561,\"commentCount\":0,\"image\":{\"@id\":\"https:\\\/\\\/intelsynet.com\\\/basf-lanza-chemcycling-un-proyecto-de-reciclaje-de-residuos-plasticos-dificiles-de-recuperar\\\/#primaryimage\"},\"thumbnailUrl\":\"https:\\\/\\\/intelsynet.com\\\/wp-content\\\/uploads\\\/2021\\\/09\\\/admin-ajax-3.jpg\",\"articleSection\":[\"Art\u00edculos\"],\"inLanguage\":\"es\",\"potentialAction\":[{\"@type\":\"CommentAction\",\"name\":\"Comment\",\"target\":[\"https:\\\/\\\/intelsynet.com\\\/basf-lanza-chemcycling-un-proyecto-de-reciclaje-de-residuos-plasticos-dificiles-de-recuperar\\\/#respond\"]}]},{\"@type\":\"WebPage\",\"@id\":\"https:\\\/\\\/intelsynet.com\\\/basf-lanza-chemcycling-un-proyecto-de-reciclaje-de-residuos-plasticos-dificiles-de-recuperar\\\/\",\"url\":\"https:\\\/\\\/intelsynet.com\\\/basf-lanza-chemcycling-un-proyecto-de-reciclaje-de-residuos-plasticos-dificiles-de-recuperar\\\/\",\"name\":\"BASF lanza ChemCycling, un proyecto de reciclaje de residuos pl\u00e1sticos dif\u00edciles de recuperar - Intelsynet\",\"isPartOf\":{\"@id\":\"https:\\\/\\\/intelsynet.com\\\/es\\\/#website\"},\"primaryImageOfPage\":{\"@id\":\"https:\\\/\\\/intelsynet.com\\\/basf-lanza-chemcycling-un-proyecto-de-reciclaje-de-residuos-plasticos-dificiles-de-recuperar\\\/#primaryimage\"},\"image\":{\"@id\":\"https:\\\/\\\/intelsynet.com\\\/basf-lanza-chemcycling-un-proyecto-de-reciclaje-de-residuos-plasticos-dificiles-de-recuperar\\\/#primaryimage\"},\"thumbnailUrl\":\"https:\\\/\\\/intelsynet.com\\\/wp-content\\\/uploads\\\/2021\\\/09\\\/admin-ajax-3.jpg\",\"datePublished\":\"2021-09-24T13:34:39+00:00\",\"dateModified\":\"2021-09-24T13:41:17+00:00\",\"author\":{\"@id\":\"https:\\\/\\\/intelsynet.com\\\/es\\\/#\\\/schema\\\/person\\\/62b4711a8de3423f0f1537cb5daa1748\"},\"breadcrumb\":{\"@id\":\"https:\\\/\\\/intelsynet.com\\\/basf-lanza-chemcycling-un-proyecto-de-reciclaje-de-residuos-plasticos-dificiles-de-recuperar\\\/#breadcrumb\"},\"inLanguage\":\"es\",\"potentialAction\":[{\"@type\":\"ReadAction\",\"target\":[\"https:\\\/\\\/intelsynet.com\\\/basf-lanza-chemcycling-un-proyecto-de-reciclaje-de-residuos-plasticos-dificiles-de-recuperar\\\/\"]}]},{\"@type\":\"ImageObject\",\"inLanguage\":\"es\",\"@id\":\"https:\\\/\\\/intelsynet.com\\\/basf-lanza-chemcycling-un-proyecto-de-reciclaje-de-residuos-plasticos-dificiles-de-recuperar\\\/#primaryimage\",\"url\":\"https:\\\/\\\/intelsynet.com\\\/wp-content\\\/uploads\\\/2021\\\/09\\\/admin-ajax-3.jpg\",\"contentUrl\":\"https:\\\/\\\/intelsynet.com\\\/wp-content\\\/uploads\\\/2021\\\/09\\\/admin-ajax-3.jpg\",\"width\":400,\"height\":248},{\"@type\":\"BreadcrumbList\",\"@id\":\"https:\\\/\\\/intelsynet.com\\\/basf-lanza-chemcycling-un-proyecto-de-reciclaje-de-residuos-plasticos-dificiles-de-recuperar\\\/#breadcrumb\",\"itemListElement\":[{\"@type\":\"ListItem\",\"position\":1,\"name\":\"Portada\",\"item\":\"https:\\\/\\\/intelsynet.com\\\/\"},{\"@type\":\"ListItem\",\"position\":2,\"name\":\"BASF lanza ChemCycling, un proyecto de reciclaje de residuos pl\u00e1sticos dif\u00edciles de recuperar\"}]},{\"@type\":\"WebSite\",\"@id\":\"https:\\\/\\\/intelsynet.com\\\/es\\\/#website\",\"url\":\"https:\\\/\\\/intelsynet.com\\\/es\\\/\",\"name\":\"Intelsynet\",\"description\":\"Advisory Services\",\"potentialAction\":[{\"@type\":\"SearchAction\",\"target\":{\"@type\":\"EntryPoint\",\"urlTemplate\":\"https:\\\/\\\/intelsynet.com\\\/es\\\/?s={search_term_string}\"},\"query-input\":{\"@type\":\"PropertyValueSpecification\",\"valueRequired\":true,\"valueName\":\"search_term_string\"}}],\"inLanguage\":\"es\"},{\"@type\":\"Person\",\"@id\":\"https:\\\/\\\/intelsynet.com\\\/es\\\/#\\\/schema\\\/person\\\/62b4711a8de3423f0f1537cb5daa1748\",\"name\":\"produccion\",\"image\":{\"@type\":\"ImageObject\",\"inLanguage\":\"es\",\"@id\":\"https:\\\/\\\/secure.gravatar.com\\\/avatar\\\/bbda47eeca6a4d008c3cda344ed3cf00b82bd1a9f9fb41804c887c2ac269b8ec?s=96&d=mm&r=g\",\"url\":\"https:\\\/\\\/secure.gravatar.com\\\/avatar\\\/bbda47eeca6a4d008c3cda344ed3cf00b82bd1a9f9fb41804c887c2ac269b8ec?s=96&d=mm&r=g\",\"contentUrl\":\"https:\\\/\\\/secure.gravatar.com\\\/avatar\\\/bbda47eeca6a4d008c3cda344ed3cf00b82bd1a9f9fb41804c887c2ac269b8ec?s=96&d=mm&r=g\",\"caption\":\"produccion\"},\"url\":\"https:\\\/\\\/intelsynet.com\\\/es\\\/author\\\/produccion\\\/\"}]}<\/script>\n<!-- \/ Yoast SEO plugin. -->","yoast_head_json":{"title":"BASF lanza ChemCycling, un proyecto de reciclaje de residuos pl\u00e1sticos dif\u00edciles de recuperar - Intelsynet","robots":{"index":"index","follow":"follow","max-snippet":"max-snippet:-1","max-image-preview":"max-image-preview:large","max-video-preview":"max-video-preview:-1"},"canonical":"https:\/\/intelsynet.com\/basf-lanza-chemcycling-un-proyecto-de-reciclaje-de-residuos-plasticos-dificiles-de-recuperar\/","og_locale":"es_ES","og_type":"article","og_title":"BASF lanza ChemCycling, un proyecto de reciclaje de residuos pl\u00e1sticos dif\u00edciles de recuperar - Intelsynet","og_url":"https:\/\/intelsynet.com\/basf-lanza-chemcycling-un-proyecto-de-reciclaje-de-residuos-plasticos-dificiles-de-recuperar\/","og_site_name":"Intelsynet","article_published_time":"2021-09-24T13:34:39+00:00","article_modified_time":"2021-09-24T13:41:17+00:00","og_image":[{"width":400,"height":248,"url":"https:\/\/intelsynet.com\/wp-content\/uploads\/2021\/09\/admin-ajax-3.jpg","type":"image\/jpeg"}],"author":"produccion","twitter_card":"summary_large_image","twitter_misc":{"Escrito por":"produccion","Tiempo de lectura":"3 minutos"},"schema":{"@context":"https:\/\/schema.org","@graph":[{"@type":"Article","@id":"https:\/\/intelsynet.com\/basf-lanza-chemcycling-un-proyecto-de-reciclaje-de-residuos-plasticos-dificiles-de-recuperar\/#article","isPartOf":{"@id":"https:\/\/intelsynet.com\/basf-lanza-chemcycling-un-proyecto-de-reciclaje-de-residuos-plasticos-dificiles-de-recuperar\/"},"author":{"name":"produccion","@id":"https:\/\/intelsynet.com\/es\/#\/schema\/person\/62b4711a8de3423f0f1537cb5daa1748"},"headline":"BASF lanza ChemCycling, un proyecto de reciclaje de residuos pl\u00e1sticos dif\u00edciles de recuperar","datePublished":"2021-09-24T13:34:39+00:00","dateModified":"2021-09-24T13:41:17+00:00","mainEntityOfPage":{"@id":"https:\/\/intelsynet.com\/basf-lanza-chemcycling-un-proyecto-de-reciclaje-de-residuos-plasticos-dificiles-de-recuperar\/"},"wordCount":561,"commentCount":0,"image":{"@id":"https:\/\/intelsynet.com\/basf-lanza-chemcycling-un-proyecto-de-reciclaje-de-residuos-plasticos-dificiles-de-recuperar\/#primaryimage"},"thumbnailUrl":"https:\/\/intelsynet.com\/wp-content\/uploads\/2021\/09\/admin-ajax-3.jpg","articleSection":["Art\u00edculos"],"inLanguage":"es","potentialAction":[{"@type":"CommentAction","name":"Comment","target":["https:\/\/intelsynet.com\/basf-lanza-chemcycling-un-proyecto-de-reciclaje-de-residuos-plasticos-dificiles-de-recuperar\/#respond"]}]},{"@type":"WebPage","@id":"https:\/\/intelsynet.com\/basf-lanza-chemcycling-un-proyecto-de-reciclaje-de-residuos-plasticos-dificiles-de-recuperar\/","url":"https:\/\/intelsynet.com\/basf-lanza-chemcycling-un-proyecto-de-reciclaje-de-residuos-plasticos-dificiles-de-recuperar\/","name":"BASF lanza ChemCycling, un proyecto de reciclaje de residuos pl\u00e1sticos dif\u00edciles de recuperar - Intelsynet","isPartOf":{"@id":"https:\/\/intelsynet.com\/es\/#website"},"primaryImageOfPage":{"@id":"https:\/\/intelsynet.com\/basf-lanza-chemcycling-un-proyecto-de-reciclaje-de-residuos-plasticos-dificiles-de-recuperar\/#primaryimage"},"image":{"@id":"https:\/\/intelsynet.com\/basf-lanza-chemcycling-un-proyecto-de-reciclaje-de-residuos-plasticos-dificiles-de-recuperar\/#primaryimage"},"thumbnailUrl":"https:\/\/intelsynet.com\/wp-content\/uploads\/2021\/09\/admin-ajax-3.jpg","datePublished":"2021-09-24T13:34:39+00:00","dateModified":"2021-09-24T13:41:17+00:00","author":{"@id":"https:\/\/intelsynet.com\/es\/#\/schema\/person\/62b4711a8de3423f0f1537cb5daa1748"},"breadcrumb":{"@id":"https:\/\/intelsynet.com\/basf-lanza-chemcycling-un-proyecto-de-reciclaje-de-residuos-plasticos-dificiles-de-recuperar\/#breadcrumb"},"inLanguage":"es","potentialAction":[{"@type":"ReadAction","target":["https:\/\/intelsynet.com\/basf-lanza-chemcycling-un-proyecto-de-reciclaje-de-residuos-plasticos-dificiles-de-recuperar\/"]}]},{"@type":"ImageObject","inLanguage":"es","@id":"https:\/\/intelsynet.com\/basf-lanza-chemcycling-un-proyecto-de-reciclaje-de-residuos-plasticos-dificiles-de-recuperar\/#primaryimage","url":"https:\/\/intelsynet.com\/wp-content\/uploads\/2021\/09\/admin-ajax-3.jpg","contentUrl":"https:\/\/intelsynet.com\/wp-content\/uploads\/2021\/09\/admin-ajax-3.jpg","width":400,"height":248},{"@type":"BreadcrumbList","@id":"https:\/\/intelsynet.com\/basf-lanza-chemcycling-un-proyecto-de-reciclaje-de-residuos-plasticos-dificiles-de-recuperar\/#breadcrumb","itemListElement":[{"@type":"ListItem","position":1,"name":"Portada","item":"https:\/\/intelsynet.com\/"},{"@type":"ListItem","position":2,"name":"BASF lanza ChemCycling, un proyecto de reciclaje de residuos pl\u00e1sticos dif\u00edciles de recuperar"}]},{"@type":"WebSite","@id":"https:\/\/intelsynet.com\/es\/#website","url":"https:\/\/intelsynet.com\/es\/","name":"Intelsynet","description":"Advisory Services","potentialAction":[{"@type":"SearchAction","target":{"@type":"EntryPoint","urlTemplate":"https:\/\/intelsynet.com\/es\/?s={search_term_string}"},"query-input":{"@type":"PropertyValueSpecification","valueRequired":true,"valueName":"search_term_string"}}],"inLanguage":"es"},{"@type":"Person","@id":"https:\/\/intelsynet.com\/es\/#\/schema\/person\/62b4711a8de3423f0f1537cb5daa1748","name":"produccion","image":{"@type":"ImageObject","inLanguage":"es","@id":"https:\/\/secure.gravatar.com\/avatar\/bbda47eeca6a4d008c3cda344ed3cf00b82bd1a9f9fb41804c887c2ac269b8ec?s=96&d=mm&r=g","url":"https:\/\/secure.gravatar.com\/avatar\/bbda47eeca6a4d008c3cda344ed3cf00b82bd1a9f9fb41804c887c2ac269b8ec?s=96&d=mm&r=g","contentUrl":"https:\/\/secure.gravatar.com\/avatar\/bbda47eeca6a4d008c3cda344ed3cf00b82bd1a9f9fb41804c887c2ac269b8ec?s=96&d=mm&r=g","caption":"produccion"},"url":"https:\/\/intelsynet.com\/es\/author\/produccion\/"}]}},"_links":{"self":[{"href":"https:\/\/intelsynet.com\/es\/wp-json\/wp\/v2\/posts\/2510","targetHints":{"allow":["GET"]}}],"collection":[{"href":"https:\/\/intelsynet.com\/es\/wp-json\/wp\/v2\/posts"}],"about":[{"href":"https:\/\/intelsynet.com\/es\/wp-json\/wp\/v2\/types\/post"}],"author":[{"embeddable":true,"href":"https:\/\/intelsynet.com\/es\/wp-json\/wp\/v2\/users\/1"}],"replies":[{"embeddable":true,"href":"https:\/\/intelsynet.com\/es\/wp-json\/wp\/v2\/comments?post=2510"}],"version-history":[{"count":1,"href":"https:\/\/intelsynet.com\/es\/wp-json\/wp\/v2\/posts\/2510\/revisions"}],"predecessor-version":[{"id":2512,"href":"https:\/\/intelsynet.com\/es\/wp-json\/wp\/v2\/posts\/2510\/revisions\/2512"}],"wp:featuredmedia":[{"embeddable":true,"href":"https:\/\/intelsynet.com\/es\/wp-json\/wp\/v2\/media\/2511"}],"wp:attachment":[{"href":"https:\/\/intelsynet.com\/es\/wp-json\/wp\/v2\/media?parent=2510"}],"wp:term":[{"taxonomy":"category","embeddable":true,"href":"https:\/\/intelsynet.com\/es\/wp-json\/wp\/v2\/categories?post=2510"},{"taxonomy":"post_tag","embeddable":true,"href":"https:\/\/intelsynet.com\/es\/wp-json\/wp\/v2\/tags?post=2510"}],"curies":[{"name":"wp","href":"https:\/\/api.w.org\/{rel}","templated":true}]}}