{"id":2500,"date":"2021-09-24T13:23:08","date_gmt":"2021-09-24T13:23:08","guid":{"rendered":"https:\/\/intelsynet.com\/?p=2500"},"modified":"2021-09-27T08:15:26","modified_gmt":"2021-09-27T08:15:26","slug":"ciberseguridad-de-dispositivos-iot","status":"publish","type":"post","link":"https:\/\/intelsynet.com\/es\/ciberseguridad-de-dispositivos-iot\/","title":{"rendered":"La UE anuncia una propuesta de ley para la creaci\u00f3n de est\u00e1ndares en la ciberseguridad de dispositivos IoT."},"content":{"rendered":"<div class=\"fusion-fullwidth fullwidth-box fusion-builder-row-1 nonhundred-percent-fullwidth non-hundred-percent-height-scrolling\" style=\"background-color: rgba(255,255,255,0);background-position: center center;background-repeat: no-repeat;padding-top:0px;padding-right:0px;padding-bottom:0px;padding-left:0px;margin-bottom: 0px;margin-top: 0px;border-width: 0px 0px 0px 0px;border-color:rgba(97,158,133,0);border-style:solid;\" ><div class=\"fusion-builder-row fusion-row\"><div class=\"fusion-layout-column fusion_builder_column fusion-builder-column-0 fusion_builder_column_1_1 1_1 fusion-one-full fusion-column-first fusion-column-last\" style=\"margin-top:0px;margin-bottom:0px;\"><div class=\"fusion-column-wrapper fusion-flex-column-wrapper-legacy\" style=\"background-position:left top;background-repeat:no-repeat;-webkit-background-size:cover;-moz-background-size:cover;-o-background-size:cover;background-size:cover;padding: 0px 0px 0px 0px;\"><div class=\"fusion-text fusion-text-1\"><p>La presidenta de la Comisi\u00f3n Europea, Ursula von der Leyen, anunci\u00f3 el mi\u00e9rcoles (15 de septiembre) una Ley de Ciberresiliencia destinada a establecer est\u00e1ndares comunes de ciberseguridad para los dispositivos IoT conectados.<\/p>\n<p>\u201cNo podemos hablar de <a href=\"https:\/\/intelsynet.com\/iot-seguridad-y-defensa-en-el-des2019\/\">defensa<\/a> sin hablar de cyber\u201d, dijo von der Leyen en su discurso anual sobre el estado de la Uni\u00f3n en el Parlamento.<\/p>\n<p>\u00abSi todo est\u00e1 conectado, todo puede ser pirateado\u00bb, agreg\u00f3 y se\u00f1al\u00f3 que el creciente n\u00famero de dispositivos conectados tambi\u00e9n han aumentado la vulnerabilidad a los ciberataques. Seg\u00fan von der Leyen, la r\u00e1pida difusi\u00f3n de las tecnolog\u00edas digitales \u201cha sido un gran equilibrador en la forma en que los estados rebeldes o grupos no estatales pueden utilizar hoy el poder\u201d para interrumpir infraestructuras cr\u00edticas como la administraci\u00f3n p\u00fablica y los hospitales.<\/p>\n<p>\u201cY dado que los recursos son escasos, tenemos que agrupar nuestras fuerzas. Y no solo debemos estar satisfechos con abordar la amenaza cibern\u00e9tica, tambi\u00e9n debemos esforzarnos por convertirnos en l\u00edderes en seguridad cibern\u00e9tica \u201d, dijo la presidenta de la Comisi\u00f3n acerca de los dispositivos IoT.<\/p>\n<\/div><div class=\"fusion-sep-clear\"><\/div><div class=\"fusion-separator fusion-full-width-sep\" style=\"margin-left: auto;margin-right: auto;margin-top:20px;margin-bottom:20px;width:100%;\"><\/div><div class=\"fusion-sep-clear\"><\/div><div class=\"fusion-align-block\"><style>.fusion-button.button-1 .fusion-button-text{color:#333333;text-transform:none;}.fusion-button.button-1 i{color:#333333;}.fusion-button.button-1{border-color:#2b2b2b;border-radius:2px 2px 2px 2px;background:rgba(144,201,232,0);background-image:linear-gradient(180deg,rgba(144,201,232,0) 0%,rgba(90,171,214,0) 100%);}.fusion-button.button-1:hover .fusion-button-text,.fusion-button.button-1:hover i,.fusion-button.button-1:focus .fusion-button-text,.fusion-button.button-1:focus i,.fusion-button.button-1:active .fusion-button-text,.fusion-button.button-1:active i{color:#03a9f4;}.fusion-button.button-1:hover,.fusion-button.button-1:active,.fusion-button.button-1:focus{border-color:#03a9f4;background:rgba(90,171,214,0);background-image:linear-gradient(180deg,rgba(90,171,214,0) 0%,rgba(144,201,232,0) 100%);}<\/style><a class=\"fusion-button button-flat fusion-button-default-size button-custom button-1 fusion-button-span-yes fusion-button-default-type\" target=\"_blank\" rel=\"noopener noreferrer\" href=\"https:\/\/derechodelared.com\/ue-ley-estandares-en-la-ciberseguridad-de-dispositivos-iot\/\"><span class=\"fusion-button-text\">Leer art\u00edculo completo<\/span><\/a><\/div><div class=\"fusion-clearfix\"><\/div><\/div><\/div><\/div><\/div>\n","protected":false},"excerpt":{"rendered":"","protected":false},"author":1,"featured_media":2514,"comment_status":"open","ping_status":"open","sticky":false,"template":"","format":"standard","meta":{"footnotes":""},"categories":[2],"tags":[],"class_list":["post-2500","post","type-post","status-publish","format-standard","has-post-thumbnail","hentry","category-nuestros-articulos"],"yoast_head":"<!-- This site is optimized with the Yoast SEO plugin v27.4 - https:\/\/yoast.com\/product\/yoast-seo-wordpress\/ -->\n<title>Europa y la ciberseguridad de los dispositivos IoT - Intelsynet<\/title>\n<meta name=\"description\" content=\"La Uni\u00f3n Europea ha anunciado una propuesta de ley para la creaci\u00f3n de est\u00e1ndares en la ciberseguridad de dispositivos IoT conetados.\" \/>\n<meta name=\"robots\" content=\"index, follow, max-snippet:-1, max-image-preview:large, max-video-preview:-1\" \/>\n<link rel=\"canonical\" href=\"https:\/\/intelsynet.com\/ciberseguridad-de-dispositivos-iot\/\" \/>\n<meta property=\"og:locale\" content=\"es_ES\" \/>\n<meta property=\"og:type\" content=\"article\" \/>\n<meta property=\"og:title\" content=\"Europa y la ciberseguridad de los dispositivos IoT - Intelsynet\" \/>\n<meta property=\"og:description\" content=\"La Uni\u00f3n Europea ha anunciado una propuesta de ley para la creaci\u00f3n de est\u00e1ndares en la ciberseguridad de dispositivos IoT conetados.\" \/>\n<meta property=\"og:url\" content=\"https:\/\/intelsynet.com\/ciberseguridad-de-dispositivos-iot\/\" \/>\n<meta property=\"og:site_name\" content=\"Intelsynet\" \/>\n<meta property=\"article:published_time\" content=\"2021-09-24T13:23:08+00:00\" \/>\n<meta property=\"article:modified_time\" content=\"2021-09-27T08:15:26+00:00\" \/>\n<meta property=\"og:image\" content=\"https:\/\/intelsynet.com\/wp-content\/uploads\/2021\/09\/admin-ajax-4.jpg\" \/>\n\t<meta property=\"og:image:width\" content=\"400\" \/>\n\t<meta property=\"og:image:height\" content=\"247\" \/>\n\t<meta property=\"og:image:type\" content=\"image\/jpeg\" \/>\n<meta name=\"author\" content=\"produccion\" \/>\n<meta name=\"twitter:card\" content=\"summary_large_image\" \/>\n<meta name=\"twitter:label1\" content=\"Escrito por\" \/>\n\t<meta name=\"twitter:data1\" content=\"produccion\" \/>\n\t<meta name=\"twitter:label2\" content=\"Tiempo de lectura\" \/>\n\t<meta name=\"twitter:data2\" content=\"3 minutos\" \/>\n<script type=\"application\/ld+json\" class=\"yoast-schema-graph\">{\"@context\":\"https:\\\/\\\/schema.org\",\"@graph\":[{\"@type\":\"Article\",\"@id\":\"https:\\\/\\\/intelsynet.com\\\/ciberseguridad-de-dispositivos-iot\\\/#article\",\"isPartOf\":{\"@id\":\"https:\\\/\\\/intelsynet.com\\\/ciberseguridad-de-dispositivos-iot\\\/\"},\"author\":{\"name\":\"produccion\",\"@id\":\"https:\\\/\\\/intelsynet.com\\\/es\\\/#\\\/schema\\\/person\\\/62b4711a8de3423f0f1537cb5daa1748\"},\"headline\":\"La UE anuncia una propuesta de ley para la creaci\u00f3n de est\u00e1ndares en la ciberseguridad de dispositivos IoT.\",\"datePublished\":\"2021-09-24T13:23:08+00:00\",\"dateModified\":\"2021-09-27T08:15:26+00:00\",\"mainEntityOfPage\":{\"@id\":\"https:\\\/\\\/intelsynet.com\\\/ciberseguridad-de-dispositivos-iot\\\/\"},\"wordCount\":579,\"commentCount\":0,\"image\":{\"@id\":\"https:\\\/\\\/intelsynet.com\\\/ciberseguridad-de-dispositivos-iot\\\/#primaryimage\"},\"thumbnailUrl\":\"https:\\\/\\\/intelsynet.com\\\/wp-content\\\/uploads\\\/2021\\\/09\\\/admin-ajax-4.jpg\",\"articleSection\":[\"Art\u00edculos\"],\"inLanguage\":\"es\",\"potentialAction\":[{\"@type\":\"CommentAction\",\"name\":\"Comment\",\"target\":[\"https:\\\/\\\/intelsynet.com\\\/ciberseguridad-de-dispositivos-iot\\\/#respond\"]}]},{\"@type\":\"WebPage\",\"@id\":\"https:\\\/\\\/intelsynet.com\\\/ciberseguridad-de-dispositivos-iot\\\/\",\"url\":\"https:\\\/\\\/intelsynet.com\\\/ciberseguridad-de-dispositivos-iot\\\/\",\"name\":\"Europa y la ciberseguridad de los dispositivos IoT - Intelsynet\",\"isPartOf\":{\"@id\":\"https:\\\/\\\/intelsynet.com\\\/es\\\/#website\"},\"primaryImageOfPage\":{\"@id\":\"https:\\\/\\\/intelsynet.com\\\/ciberseguridad-de-dispositivos-iot\\\/#primaryimage\"},\"image\":{\"@id\":\"https:\\\/\\\/intelsynet.com\\\/ciberseguridad-de-dispositivos-iot\\\/#primaryimage\"},\"thumbnailUrl\":\"https:\\\/\\\/intelsynet.com\\\/wp-content\\\/uploads\\\/2021\\\/09\\\/admin-ajax-4.jpg\",\"datePublished\":\"2021-09-24T13:23:08+00:00\",\"dateModified\":\"2021-09-27T08:15:26+00:00\",\"author\":{\"@id\":\"https:\\\/\\\/intelsynet.com\\\/es\\\/#\\\/schema\\\/person\\\/62b4711a8de3423f0f1537cb5daa1748\"},\"description\":\"La Uni\u00f3n Europea ha anunciado una propuesta de ley para la creaci\u00f3n de est\u00e1ndares en la ciberseguridad de dispositivos IoT conetados.\",\"breadcrumb\":{\"@id\":\"https:\\\/\\\/intelsynet.com\\\/ciberseguridad-de-dispositivos-iot\\\/#breadcrumb\"},\"inLanguage\":\"es\",\"potentialAction\":[{\"@type\":\"ReadAction\",\"target\":[\"https:\\\/\\\/intelsynet.com\\\/ciberseguridad-de-dispositivos-iot\\\/\"]}]},{\"@type\":\"ImageObject\",\"inLanguage\":\"es\",\"@id\":\"https:\\\/\\\/intelsynet.com\\\/ciberseguridad-de-dispositivos-iot\\\/#primaryimage\",\"url\":\"https:\\\/\\\/intelsynet.com\\\/wp-content\\\/uploads\\\/2021\\\/09\\\/admin-ajax-4.jpg\",\"contentUrl\":\"https:\\\/\\\/intelsynet.com\\\/wp-content\\\/uploads\\\/2021\\\/09\\\/admin-ajax-4.jpg\",\"width\":400,\"height\":247,\"caption\":\"Iot\"},{\"@type\":\"BreadcrumbList\",\"@id\":\"https:\\\/\\\/intelsynet.com\\\/ciberseguridad-de-dispositivos-iot\\\/#breadcrumb\",\"itemListElement\":[{\"@type\":\"ListItem\",\"position\":1,\"name\":\"Portada\",\"item\":\"https:\\\/\\\/intelsynet.com\\\/\"},{\"@type\":\"ListItem\",\"position\":2,\"name\":\"La UE anuncia una propuesta de ley para la creaci\u00f3n de est\u00e1ndares en la ciberseguridad de dispositivos IoT.\"}]},{\"@type\":\"WebSite\",\"@id\":\"https:\\\/\\\/intelsynet.com\\\/es\\\/#website\",\"url\":\"https:\\\/\\\/intelsynet.com\\\/es\\\/\",\"name\":\"Intelsynet\",\"description\":\"Advisory Services\",\"potentialAction\":[{\"@type\":\"SearchAction\",\"target\":{\"@type\":\"EntryPoint\",\"urlTemplate\":\"https:\\\/\\\/intelsynet.com\\\/es\\\/?s={search_term_string}\"},\"query-input\":{\"@type\":\"PropertyValueSpecification\",\"valueRequired\":true,\"valueName\":\"search_term_string\"}}],\"inLanguage\":\"es\"},{\"@type\":\"Person\",\"@id\":\"https:\\\/\\\/intelsynet.com\\\/es\\\/#\\\/schema\\\/person\\\/62b4711a8de3423f0f1537cb5daa1748\",\"name\":\"produccion\",\"image\":{\"@type\":\"ImageObject\",\"inLanguage\":\"es\",\"@id\":\"https:\\\/\\\/secure.gravatar.com\\\/avatar\\\/bbda47eeca6a4d008c3cda344ed3cf00b82bd1a9f9fb41804c887c2ac269b8ec?s=96&d=mm&r=g\",\"url\":\"https:\\\/\\\/secure.gravatar.com\\\/avatar\\\/bbda47eeca6a4d008c3cda344ed3cf00b82bd1a9f9fb41804c887c2ac269b8ec?s=96&d=mm&r=g\",\"contentUrl\":\"https:\\\/\\\/secure.gravatar.com\\\/avatar\\\/bbda47eeca6a4d008c3cda344ed3cf00b82bd1a9f9fb41804c887c2ac269b8ec?s=96&d=mm&r=g\",\"caption\":\"produccion\"},\"url\":\"https:\\\/\\\/intelsynet.com\\\/es\\\/author\\\/produccion\\\/\"}]}<\/script>\n<!-- \/ Yoast SEO plugin. -->","yoast_head_json":{"title":"Europa y la ciberseguridad de los dispositivos IoT - Intelsynet","description":"La Uni\u00f3n Europea ha anunciado una propuesta de ley para la creaci\u00f3n de est\u00e1ndares en la ciberseguridad de dispositivos IoT conetados.","robots":{"index":"index","follow":"follow","max-snippet":"max-snippet:-1","max-image-preview":"max-image-preview:large","max-video-preview":"max-video-preview:-1"},"canonical":"https:\/\/intelsynet.com\/ciberseguridad-de-dispositivos-iot\/","og_locale":"es_ES","og_type":"article","og_title":"Europa y la ciberseguridad de los dispositivos IoT - Intelsynet","og_description":"La Uni\u00f3n Europea ha anunciado una propuesta de ley para la creaci\u00f3n de est\u00e1ndares en la ciberseguridad de dispositivos IoT conetados.","og_url":"https:\/\/intelsynet.com\/ciberseguridad-de-dispositivos-iot\/","og_site_name":"Intelsynet","article_published_time":"2021-09-24T13:23:08+00:00","article_modified_time":"2021-09-27T08:15:26+00:00","og_image":[{"width":400,"height":247,"url":"https:\/\/intelsynet.com\/wp-content\/uploads\/2021\/09\/admin-ajax-4.jpg","type":"image\/jpeg"}],"author":"produccion","twitter_card":"summary_large_image","twitter_misc":{"Escrito por":"produccion","Tiempo de lectura":"3 minutos"},"schema":{"@context":"https:\/\/schema.org","@graph":[{"@type":"Article","@id":"https:\/\/intelsynet.com\/ciberseguridad-de-dispositivos-iot\/#article","isPartOf":{"@id":"https:\/\/intelsynet.com\/ciberseguridad-de-dispositivos-iot\/"},"author":{"name":"produccion","@id":"https:\/\/intelsynet.com\/es\/#\/schema\/person\/62b4711a8de3423f0f1537cb5daa1748"},"headline":"La UE anuncia una propuesta de ley para la creaci\u00f3n de est\u00e1ndares en la ciberseguridad de dispositivos IoT.","datePublished":"2021-09-24T13:23:08+00:00","dateModified":"2021-09-27T08:15:26+00:00","mainEntityOfPage":{"@id":"https:\/\/intelsynet.com\/ciberseguridad-de-dispositivos-iot\/"},"wordCount":579,"commentCount":0,"image":{"@id":"https:\/\/intelsynet.com\/ciberseguridad-de-dispositivos-iot\/#primaryimage"},"thumbnailUrl":"https:\/\/intelsynet.com\/wp-content\/uploads\/2021\/09\/admin-ajax-4.jpg","articleSection":["Art\u00edculos"],"inLanguage":"es","potentialAction":[{"@type":"CommentAction","name":"Comment","target":["https:\/\/intelsynet.com\/ciberseguridad-de-dispositivos-iot\/#respond"]}]},{"@type":"WebPage","@id":"https:\/\/intelsynet.com\/ciberseguridad-de-dispositivos-iot\/","url":"https:\/\/intelsynet.com\/ciberseguridad-de-dispositivos-iot\/","name":"Europa y la ciberseguridad de los dispositivos IoT - Intelsynet","isPartOf":{"@id":"https:\/\/intelsynet.com\/es\/#website"},"primaryImageOfPage":{"@id":"https:\/\/intelsynet.com\/ciberseguridad-de-dispositivos-iot\/#primaryimage"},"image":{"@id":"https:\/\/intelsynet.com\/ciberseguridad-de-dispositivos-iot\/#primaryimage"},"thumbnailUrl":"https:\/\/intelsynet.com\/wp-content\/uploads\/2021\/09\/admin-ajax-4.jpg","datePublished":"2021-09-24T13:23:08+00:00","dateModified":"2021-09-27T08:15:26+00:00","author":{"@id":"https:\/\/intelsynet.com\/es\/#\/schema\/person\/62b4711a8de3423f0f1537cb5daa1748"},"description":"La Uni\u00f3n Europea ha anunciado una propuesta de ley para la creaci\u00f3n de est\u00e1ndares en la ciberseguridad de dispositivos IoT conetados.","breadcrumb":{"@id":"https:\/\/intelsynet.com\/ciberseguridad-de-dispositivos-iot\/#breadcrumb"},"inLanguage":"es","potentialAction":[{"@type":"ReadAction","target":["https:\/\/intelsynet.com\/ciberseguridad-de-dispositivos-iot\/"]}]},{"@type":"ImageObject","inLanguage":"es","@id":"https:\/\/intelsynet.com\/ciberseguridad-de-dispositivos-iot\/#primaryimage","url":"https:\/\/intelsynet.com\/wp-content\/uploads\/2021\/09\/admin-ajax-4.jpg","contentUrl":"https:\/\/intelsynet.com\/wp-content\/uploads\/2021\/09\/admin-ajax-4.jpg","width":400,"height":247,"caption":"Iot"},{"@type":"BreadcrumbList","@id":"https:\/\/intelsynet.com\/ciberseguridad-de-dispositivos-iot\/#breadcrumb","itemListElement":[{"@type":"ListItem","position":1,"name":"Portada","item":"https:\/\/intelsynet.com\/"},{"@type":"ListItem","position":2,"name":"La UE anuncia una propuesta de ley para la creaci\u00f3n de est\u00e1ndares en la ciberseguridad de dispositivos IoT."}]},{"@type":"WebSite","@id":"https:\/\/intelsynet.com\/es\/#website","url":"https:\/\/intelsynet.com\/es\/","name":"Intelsynet","description":"Advisory Services","potentialAction":[{"@type":"SearchAction","target":{"@type":"EntryPoint","urlTemplate":"https:\/\/intelsynet.com\/es\/?s={search_term_string}"},"query-input":{"@type":"PropertyValueSpecification","valueRequired":true,"valueName":"search_term_string"}}],"inLanguage":"es"},{"@type":"Person","@id":"https:\/\/intelsynet.com\/es\/#\/schema\/person\/62b4711a8de3423f0f1537cb5daa1748","name":"produccion","image":{"@type":"ImageObject","inLanguage":"es","@id":"https:\/\/secure.gravatar.com\/avatar\/bbda47eeca6a4d008c3cda344ed3cf00b82bd1a9f9fb41804c887c2ac269b8ec?s=96&d=mm&r=g","url":"https:\/\/secure.gravatar.com\/avatar\/bbda47eeca6a4d008c3cda344ed3cf00b82bd1a9f9fb41804c887c2ac269b8ec?s=96&d=mm&r=g","contentUrl":"https:\/\/secure.gravatar.com\/avatar\/bbda47eeca6a4d008c3cda344ed3cf00b82bd1a9f9fb41804c887c2ac269b8ec?s=96&d=mm&r=g","caption":"produccion"},"url":"https:\/\/intelsynet.com\/es\/author\/produccion\/"}]}},"_links":{"self":[{"href":"https:\/\/intelsynet.com\/es\/wp-json\/wp\/v2\/posts\/2500","targetHints":{"allow":["GET"]}}],"collection":[{"href":"https:\/\/intelsynet.com\/es\/wp-json\/wp\/v2\/posts"}],"about":[{"href":"https:\/\/intelsynet.com\/es\/wp-json\/wp\/v2\/types\/post"}],"author":[{"embeddable":true,"href":"https:\/\/intelsynet.com\/es\/wp-json\/wp\/v2\/users\/1"}],"replies":[{"embeddable":true,"href":"https:\/\/intelsynet.com\/es\/wp-json\/wp\/v2\/comments?post=2500"}],"version-history":[{"count":3,"href":"https:\/\/intelsynet.com\/es\/wp-json\/wp\/v2\/posts\/2500\/revisions"}],"predecessor-version":[{"id":2516,"href":"https:\/\/intelsynet.com\/es\/wp-json\/wp\/v2\/posts\/2500\/revisions\/2516"}],"wp:featuredmedia":[{"embeddable":true,"href":"https:\/\/intelsynet.com\/es\/wp-json\/wp\/v2\/media\/2514"}],"wp:attachment":[{"href":"https:\/\/intelsynet.com\/es\/wp-json\/wp\/v2\/media?parent=2500"}],"wp:term":[{"taxonomy":"category","embeddable":true,"href":"https:\/\/intelsynet.com\/es\/wp-json\/wp\/v2\/categories?post=2500"},{"taxonomy":"post_tag","embeddable":true,"href":"https:\/\/intelsynet.com\/es\/wp-json\/wp\/v2\/tags?post=2500"}],"curies":[{"name":"wp","href":"https:\/\/api.w.org\/{rel}","templated":true}]}}