{"id":2128,"date":"2021-06-18T11:09:04","date_gmt":"2021-06-18T11:09:04","guid":{"rendered":"https:\/\/intelsynet.com\/?p=2128"},"modified":"2021-06-18T11:09:04","modified_gmt":"2021-06-18T11:09:04","slug":"mapfre-am-lanza-una-nueva-web-para-impulsar-su-compromiso-con-las-finanzas-sostenibles","status":"publish","type":"post","link":"https:\/\/intelsynet.com\/es\/mapfre-am-lanza-una-nueva-web-para-impulsar-su-compromiso-con-las-finanzas-sostenibles\/","title":{"rendered":"MAPFRE AM lanza una nueva web para impulsar su compromiso con las finanzas sostenibles"},"content":{"rendered":"<div class=\"fusion-fullwidth fullwidth-box fusion-builder-row-1 nonhundred-percent-fullwidth non-hundred-percent-height-scrolling\" style=\"background-color: rgba(255,255,255,0);background-position: center center;background-repeat: no-repeat;padding-top:0px;padding-right:0px;padding-bottom:0px;padding-left:0px;margin-bottom: 0px;margin-top: 0px;border-width: 0px 0px 0px 0px;border-color:rgba(97,158,133,0);border-style:solid;\" ><div class=\"fusion-builder-row fusion-row\"><div class=\"fusion-layout-column fusion_builder_column fusion-builder-column-0 fusion_builder_column_1_1 1_1 fusion-one-full fusion-column-first fusion-column-last\" style=\"margin-top:0px;margin-bottom:0px;\"><div class=\"fusion-column-wrapper fusion-flex-column-wrapper-legacy\" style=\"background-position:left top;background-repeat:no-repeat;-webkit-background-size:cover;-moz-background-size:cover;-o-background-size:cover;background-size:cover;padding: 0px 0px 0px 0px;\"><div class=\"fusion-text fusion-text-1\"><p>MAPFRE AM, gestora de activos de MAPFRE, acaba de estrenar nueva p\u00e1gina web, en la que se pone el foco en el compromiso de la firma con las finanzas sostenibles.<\/p>\n<p>El cliente podr\u00e1 encontrar todas las estrategias que aplica la Mapfre AM con criterios ASG, tanto en fondos de inversi\u00f3n como fondos de pensiones, as\u00ed como productos m\u00e1s tradicionales de renta fija y renta variable adaptados a cada perfil de riesgo. Adem\u00e1s, los inversores podr\u00e1n consultar todo el contenido de comunicaci\u00f3n relacionado con el \u00e1rea de inversiones del Grupo, como notas de prensa, eventos o la newsletter financiera, que analiza la actualidad econ\u00f3mica y de los mercados, as\u00ed como los podcasts de inversi\u00f3n.<\/p>\n<\/div><div class=\"fusion-sep-clear\"><\/div><div class=\"fusion-separator fusion-full-width-sep\" style=\"margin-left: auto;margin-right: auto;margin-top:20px;margin-bottom:20px;width:100%;\"><\/div><div class=\"fusion-sep-clear\"><\/div><div class=\"fusion-align-block\"><style>.fusion-button.button-1{border-radius:2px 2px 2px 2px;}<\/style><a class=\"fusion-button button-flat fusion-button-default-size button-default button-1 fusion-button-default-span fusion-button-default-type\" target=\"_blank\" rel=\"noopener noreferrer\" href=\"https:\/\/okdiario.com\/economia\/mapfre-am-lanza-nueva-web-impulsar-compromiso-finanzas-sostenibles-7339392\" style=\"width:calc(100%);\"><span class=\"fusion-button-text\">LEER M\u00c1S<\/span><\/a><\/div><div class=\"fusion-clearfix\"><\/div><\/div><\/div><\/div><\/div>\n","protected":false},"excerpt":{"rendered":"","protected":false},"author":1,"featured_media":2149,"comment_status":"open","ping_status":"open","sticky":false,"template":"","format":"standard","meta":{"footnotes":""},"categories":[2],"tags":[],"class_list":["post-2128","post","type-post","status-publish","format-standard","has-post-thumbnail","hentry","category-nuestros-articulos"],"yoast_head":"<!-- This site is optimized with the Yoast SEO plugin v27.5 - https:\/\/yoast.com\/product\/yoast-seo-wordpress\/ -->\n<title>Mapfre AM y su compromico con las finanzas sostenibles - Intelsynet<\/title>\n<meta name=\"description\" content=\"MAPFRE AM, gestora de activos de MAPFRE estrena nueva web en la que se pone el foco en su compromiso con las finanzas sostenibles.\" \/>\n<meta name=\"robots\" content=\"index, follow, max-snippet:-1, max-image-preview:large, max-video-preview:-1\" \/>\n<link rel=\"canonical\" href=\"https:\/\/intelsynet.com\/mapfre-am-lanza-una-nueva-web-para-impulsar-su-compromiso-con-las-finanzas-sostenibles\/\" \/>\n<meta property=\"og:locale\" content=\"es_ES\" \/>\n<meta property=\"og:type\" content=\"article\" \/>\n<meta property=\"og:title\" content=\"Mapfre AM y su compromico con las finanzas sostenibles - Intelsynet\" \/>\n<meta property=\"og:description\" content=\"MAPFRE AM, gestora de activos de MAPFRE estrena nueva web en la que se pone el foco en su compromiso con las finanzas sostenibles.\" \/>\n<meta property=\"og:url\" content=\"https:\/\/intelsynet.com\/mapfre-am-lanza-una-nueva-web-para-impulsar-su-compromiso-con-las-finanzas-sostenibles\/\" \/>\n<meta property=\"og:site_name\" content=\"Intelsynet\" \/>\n<meta property=\"article:published_time\" content=\"2021-06-18T11:09:04+00:00\" \/>\n<meta property=\"og:image\" content=\"https:\/\/intelsynet.com\/wp-content\/uploads\/2021\/06\/mapfre-am.jpg\" \/>\n\t<meta property=\"og:image:width\" content=\"1200\" \/>\n\t<meta property=\"og:image:height\" content=\"743\" \/>\n\t<meta property=\"og:image:type\" content=\"image\/jpeg\" \/>\n<meta name=\"author\" content=\"produccion\" \/>\n<meta name=\"twitter:card\" content=\"summary_large_image\" \/>\n<meta name=\"twitter:label1\" content=\"Escrito por\" \/>\n\t<meta name=\"twitter:data1\" content=\"produccion\" \/>\n\t<meta name=\"twitter:label2\" content=\"Tiempo de lectura\" \/>\n\t<meta name=\"twitter:data2\" content=\"2 minutos\" \/>\n<script type=\"application\/ld+json\" class=\"yoast-schema-graph\">{\"@context\":\"https:\\\/\\\/schema.org\",\"@graph\":[{\"@type\":\"Article\",\"@id\":\"https:\\\/\\\/intelsynet.com\\\/mapfre-am-lanza-una-nueva-web-para-impulsar-su-compromiso-con-las-finanzas-sostenibles\\\/#article\",\"isPartOf\":{\"@id\":\"https:\\\/\\\/intelsynet.com\\\/mapfre-am-lanza-una-nueva-web-para-impulsar-su-compromiso-con-las-finanzas-sostenibles\\\/\"},\"author\":{\"name\":\"produccion\",\"@id\":\"https:\\\/\\\/intelsynet.com\\\/es\\\/#\\\/schema\\\/person\\\/62b4711a8de3423f0f1537cb5daa1748\"},\"headline\":\"MAPFRE AM lanza una nueva web para impulsar su compromiso con las finanzas sostenibles\",\"datePublished\":\"2021-06-18T11:09:04+00:00\",\"mainEntityOfPage\":{\"@id\":\"https:\\\/\\\/intelsynet.com\\\/mapfre-am-lanza-una-nueva-web-para-impulsar-su-compromiso-con-las-finanzas-sostenibles\\\/\"},\"wordCount\":498,\"commentCount\":0,\"image\":{\"@id\":\"https:\\\/\\\/intelsynet.com\\\/mapfre-am-lanza-una-nueva-web-para-impulsar-su-compromiso-con-las-finanzas-sostenibles\\\/#primaryimage\"},\"thumbnailUrl\":\"https:\\\/\\\/intelsynet.com\\\/wp-content\\\/uploads\\\/2021\\\/06\\\/mapfre-am.jpg\",\"articleSection\":[\"Art\u00edculos\"],\"inLanguage\":\"es\",\"potentialAction\":[{\"@type\":\"CommentAction\",\"name\":\"Comment\",\"target\":[\"https:\\\/\\\/intelsynet.com\\\/mapfre-am-lanza-una-nueva-web-para-impulsar-su-compromiso-con-las-finanzas-sostenibles\\\/#respond\"]}]},{\"@type\":\"WebPage\",\"@id\":\"https:\\\/\\\/intelsynet.com\\\/mapfre-am-lanza-una-nueva-web-para-impulsar-su-compromiso-con-las-finanzas-sostenibles\\\/\",\"url\":\"https:\\\/\\\/intelsynet.com\\\/mapfre-am-lanza-una-nueva-web-para-impulsar-su-compromiso-con-las-finanzas-sostenibles\\\/\",\"name\":\"Mapfre AM y su compromico con las finanzas sostenibles - Intelsynet\",\"isPartOf\":{\"@id\":\"https:\\\/\\\/intelsynet.com\\\/es\\\/#website\"},\"primaryImageOfPage\":{\"@id\":\"https:\\\/\\\/intelsynet.com\\\/mapfre-am-lanza-una-nueva-web-para-impulsar-su-compromiso-con-las-finanzas-sostenibles\\\/#primaryimage\"},\"image\":{\"@id\":\"https:\\\/\\\/intelsynet.com\\\/mapfre-am-lanza-una-nueva-web-para-impulsar-su-compromiso-con-las-finanzas-sostenibles\\\/#primaryimage\"},\"thumbnailUrl\":\"https:\\\/\\\/intelsynet.com\\\/wp-content\\\/uploads\\\/2021\\\/06\\\/mapfre-am.jpg\",\"datePublished\":\"2021-06-18T11:09:04+00:00\",\"author\":{\"@id\":\"https:\\\/\\\/intelsynet.com\\\/es\\\/#\\\/schema\\\/person\\\/62b4711a8de3423f0f1537cb5daa1748\"},\"description\":\"MAPFRE AM, gestora de activos de MAPFRE estrena nueva web en la que se pone el foco en su compromiso con las finanzas sostenibles.\",\"breadcrumb\":{\"@id\":\"https:\\\/\\\/intelsynet.com\\\/mapfre-am-lanza-una-nueva-web-para-impulsar-su-compromiso-con-las-finanzas-sostenibles\\\/#breadcrumb\"},\"inLanguage\":\"es\",\"potentialAction\":[{\"@type\":\"ReadAction\",\"target\":[\"https:\\\/\\\/intelsynet.com\\\/mapfre-am-lanza-una-nueva-web-para-impulsar-su-compromiso-con-las-finanzas-sostenibles\\\/\"]}]},{\"@type\":\"ImageObject\",\"inLanguage\":\"es\",\"@id\":\"https:\\\/\\\/intelsynet.com\\\/mapfre-am-lanza-una-nueva-web-para-impulsar-su-compromiso-con-las-finanzas-sostenibles\\\/#primaryimage\",\"url\":\"https:\\\/\\\/intelsynet.com\\\/wp-content\\\/uploads\\\/2021\\\/06\\\/mapfre-am.jpg\",\"contentUrl\":\"https:\\\/\\\/intelsynet.com\\\/wp-content\\\/uploads\\\/2021\\\/06\\\/mapfre-am.jpg\",\"width\":1200,\"height\":743,\"caption\":\"mapfre am\"},{\"@type\":\"BreadcrumbList\",\"@id\":\"https:\\\/\\\/intelsynet.com\\\/mapfre-am-lanza-una-nueva-web-para-impulsar-su-compromiso-con-las-finanzas-sostenibles\\\/#breadcrumb\",\"itemListElement\":[{\"@type\":\"ListItem\",\"position\":1,\"name\":\"Portada\",\"item\":\"https:\\\/\\\/intelsynet.com\\\/\"},{\"@type\":\"ListItem\",\"position\":2,\"name\":\"MAPFRE AM lanza una nueva web para impulsar su compromiso con las finanzas sostenibles\"}]},{\"@type\":\"WebSite\",\"@id\":\"https:\\\/\\\/intelsynet.com\\\/es\\\/#website\",\"url\":\"https:\\\/\\\/intelsynet.com\\\/es\\\/\",\"name\":\"Intelsynet\",\"description\":\"Advisory Services\",\"potentialAction\":[{\"@type\":\"SearchAction\",\"target\":{\"@type\":\"EntryPoint\",\"urlTemplate\":\"https:\\\/\\\/intelsynet.com\\\/es\\\/?s={search_term_string}\"},\"query-input\":{\"@type\":\"PropertyValueSpecification\",\"valueRequired\":true,\"valueName\":\"search_term_string\"}}],\"inLanguage\":\"es\"},{\"@type\":\"Person\",\"@id\":\"https:\\\/\\\/intelsynet.com\\\/es\\\/#\\\/schema\\\/person\\\/62b4711a8de3423f0f1537cb5daa1748\",\"name\":\"produccion\",\"image\":{\"@type\":\"ImageObject\",\"inLanguage\":\"es\",\"@id\":\"https:\\\/\\\/secure.gravatar.com\\\/avatar\\\/bbda47eeca6a4d008c3cda344ed3cf00b82bd1a9f9fb41804c887c2ac269b8ec?s=96&d=mm&r=g\",\"url\":\"https:\\\/\\\/secure.gravatar.com\\\/avatar\\\/bbda47eeca6a4d008c3cda344ed3cf00b82bd1a9f9fb41804c887c2ac269b8ec?s=96&d=mm&r=g\",\"contentUrl\":\"https:\\\/\\\/secure.gravatar.com\\\/avatar\\\/bbda47eeca6a4d008c3cda344ed3cf00b82bd1a9f9fb41804c887c2ac269b8ec?s=96&d=mm&r=g\",\"caption\":\"produccion\"},\"url\":\"https:\\\/\\\/intelsynet.com\\\/es\\\/author\\\/produccion\\\/\"}]}<\/script>\n<!-- \/ Yoast SEO plugin. -->","yoast_head_json":{"title":"Mapfre AM y su compromico con las finanzas sostenibles - Intelsynet","description":"MAPFRE AM, gestora de activos de MAPFRE estrena nueva web en la que se pone el foco en su compromiso con las finanzas sostenibles.","robots":{"index":"index","follow":"follow","max-snippet":"max-snippet:-1","max-image-preview":"max-image-preview:large","max-video-preview":"max-video-preview:-1"},"canonical":"https:\/\/intelsynet.com\/mapfre-am-lanza-una-nueva-web-para-impulsar-su-compromiso-con-las-finanzas-sostenibles\/","og_locale":"es_ES","og_type":"article","og_title":"Mapfre AM y su compromico con las finanzas sostenibles - Intelsynet","og_description":"MAPFRE AM, gestora de activos de MAPFRE estrena nueva web en la que se pone el foco en su compromiso con las finanzas sostenibles.","og_url":"https:\/\/intelsynet.com\/mapfre-am-lanza-una-nueva-web-para-impulsar-su-compromiso-con-las-finanzas-sostenibles\/","og_site_name":"Intelsynet","article_published_time":"2021-06-18T11:09:04+00:00","og_image":[{"width":1200,"height":743,"url":"https:\/\/intelsynet.com\/wp-content\/uploads\/2021\/06\/mapfre-am.jpg","type":"image\/jpeg"}],"author":"produccion","twitter_card":"summary_large_image","twitter_misc":{"Escrito por":"produccion","Tiempo de lectura":"2 minutos"},"schema":{"@context":"https:\/\/schema.org","@graph":[{"@type":"Article","@id":"https:\/\/intelsynet.com\/mapfre-am-lanza-una-nueva-web-para-impulsar-su-compromiso-con-las-finanzas-sostenibles\/#article","isPartOf":{"@id":"https:\/\/intelsynet.com\/mapfre-am-lanza-una-nueva-web-para-impulsar-su-compromiso-con-las-finanzas-sostenibles\/"},"author":{"name":"produccion","@id":"https:\/\/intelsynet.com\/es\/#\/schema\/person\/62b4711a8de3423f0f1537cb5daa1748"},"headline":"MAPFRE AM lanza una nueva web para impulsar su compromiso con las finanzas sostenibles","datePublished":"2021-06-18T11:09:04+00:00","mainEntityOfPage":{"@id":"https:\/\/intelsynet.com\/mapfre-am-lanza-una-nueva-web-para-impulsar-su-compromiso-con-las-finanzas-sostenibles\/"},"wordCount":498,"commentCount":0,"image":{"@id":"https:\/\/intelsynet.com\/mapfre-am-lanza-una-nueva-web-para-impulsar-su-compromiso-con-las-finanzas-sostenibles\/#primaryimage"},"thumbnailUrl":"https:\/\/intelsynet.com\/wp-content\/uploads\/2021\/06\/mapfre-am.jpg","articleSection":["Art\u00edculos"],"inLanguage":"es","potentialAction":[{"@type":"CommentAction","name":"Comment","target":["https:\/\/intelsynet.com\/mapfre-am-lanza-una-nueva-web-para-impulsar-su-compromiso-con-las-finanzas-sostenibles\/#respond"]}]},{"@type":"WebPage","@id":"https:\/\/intelsynet.com\/mapfre-am-lanza-una-nueva-web-para-impulsar-su-compromiso-con-las-finanzas-sostenibles\/","url":"https:\/\/intelsynet.com\/mapfre-am-lanza-una-nueva-web-para-impulsar-su-compromiso-con-las-finanzas-sostenibles\/","name":"Mapfre AM y su compromico con las finanzas sostenibles - Intelsynet","isPartOf":{"@id":"https:\/\/intelsynet.com\/es\/#website"},"primaryImageOfPage":{"@id":"https:\/\/intelsynet.com\/mapfre-am-lanza-una-nueva-web-para-impulsar-su-compromiso-con-las-finanzas-sostenibles\/#primaryimage"},"image":{"@id":"https:\/\/intelsynet.com\/mapfre-am-lanza-una-nueva-web-para-impulsar-su-compromiso-con-las-finanzas-sostenibles\/#primaryimage"},"thumbnailUrl":"https:\/\/intelsynet.com\/wp-content\/uploads\/2021\/06\/mapfre-am.jpg","datePublished":"2021-06-18T11:09:04+00:00","author":{"@id":"https:\/\/intelsynet.com\/es\/#\/schema\/person\/62b4711a8de3423f0f1537cb5daa1748"},"description":"MAPFRE AM, gestora de activos de MAPFRE estrena nueva web en la que se pone el foco en su compromiso con las finanzas sostenibles.","breadcrumb":{"@id":"https:\/\/intelsynet.com\/mapfre-am-lanza-una-nueva-web-para-impulsar-su-compromiso-con-las-finanzas-sostenibles\/#breadcrumb"},"inLanguage":"es","potentialAction":[{"@type":"ReadAction","target":["https:\/\/intelsynet.com\/mapfre-am-lanza-una-nueva-web-para-impulsar-su-compromiso-con-las-finanzas-sostenibles\/"]}]},{"@type":"ImageObject","inLanguage":"es","@id":"https:\/\/intelsynet.com\/mapfre-am-lanza-una-nueva-web-para-impulsar-su-compromiso-con-las-finanzas-sostenibles\/#primaryimage","url":"https:\/\/intelsynet.com\/wp-content\/uploads\/2021\/06\/mapfre-am.jpg","contentUrl":"https:\/\/intelsynet.com\/wp-content\/uploads\/2021\/06\/mapfre-am.jpg","width":1200,"height":743,"caption":"mapfre am"},{"@type":"BreadcrumbList","@id":"https:\/\/intelsynet.com\/mapfre-am-lanza-una-nueva-web-para-impulsar-su-compromiso-con-las-finanzas-sostenibles\/#breadcrumb","itemListElement":[{"@type":"ListItem","position":1,"name":"Portada","item":"https:\/\/intelsynet.com\/"},{"@type":"ListItem","position":2,"name":"MAPFRE AM lanza una nueva web para impulsar su compromiso con las finanzas sostenibles"}]},{"@type":"WebSite","@id":"https:\/\/intelsynet.com\/es\/#website","url":"https:\/\/intelsynet.com\/es\/","name":"Intelsynet","description":"Advisory Services","potentialAction":[{"@type":"SearchAction","target":{"@type":"EntryPoint","urlTemplate":"https:\/\/intelsynet.com\/es\/?s={search_term_string}"},"query-input":{"@type":"PropertyValueSpecification","valueRequired":true,"valueName":"search_term_string"}}],"inLanguage":"es"},{"@type":"Person","@id":"https:\/\/intelsynet.com\/es\/#\/schema\/person\/62b4711a8de3423f0f1537cb5daa1748","name":"produccion","image":{"@type":"ImageObject","inLanguage":"es","@id":"https:\/\/secure.gravatar.com\/avatar\/bbda47eeca6a4d008c3cda344ed3cf00b82bd1a9f9fb41804c887c2ac269b8ec?s=96&d=mm&r=g","url":"https:\/\/secure.gravatar.com\/avatar\/bbda47eeca6a4d008c3cda344ed3cf00b82bd1a9f9fb41804c887c2ac269b8ec?s=96&d=mm&r=g","contentUrl":"https:\/\/secure.gravatar.com\/avatar\/bbda47eeca6a4d008c3cda344ed3cf00b82bd1a9f9fb41804c887c2ac269b8ec?s=96&d=mm&r=g","caption":"produccion"},"url":"https:\/\/intelsynet.com\/es\/author\/produccion\/"}]}},"_links":{"self":[{"href":"https:\/\/intelsynet.com\/es\/wp-json\/wp\/v2\/posts\/2128","targetHints":{"allow":["GET"]}}],"collection":[{"href":"https:\/\/intelsynet.com\/es\/wp-json\/wp\/v2\/posts"}],"about":[{"href":"https:\/\/intelsynet.com\/es\/wp-json\/wp\/v2\/types\/post"}],"author":[{"embeddable":true,"href":"https:\/\/intelsynet.com\/es\/wp-json\/wp\/v2\/users\/1"}],"replies":[{"embeddable":true,"href":"https:\/\/intelsynet.com\/es\/wp-json\/wp\/v2\/comments?post=2128"}],"version-history":[{"count":2,"href":"https:\/\/intelsynet.com\/es\/wp-json\/wp\/v2\/posts\/2128\/revisions"}],"predecessor-version":[{"id":2155,"href":"https:\/\/intelsynet.com\/es\/wp-json\/wp\/v2\/posts\/2128\/revisions\/2155"}],"wp:featuredmedia":[{"embeddable":true,"href":"https:\/\/intelsynet.com\/es\/wp-json\/wp\/v2\/media\/2149"}],"wp:attachment":[{"href":"https:\/\/intelsynet.com\/es\/wp-json\/wp\/v2\/media?parent=2128"}],"wp:term":[{"taxonomy":"category","embeddable":true,"href":"https:\/\/intelsynet.com\/es\/wp-json\/wp\/v2\/categories?post=2128"},{"taxonomy":"post_tag","embeddable":true,"href":"https:\/\/intelsynet.com\/es\/wp-json\/wp\/v2\/tags?post=2128"}],"curies":[{"name":"wp","href":"https:\/\/api.w.org\/{rel}","templated":true}]}}