{"id":2089,"date":"2021-06-14T08:55:57","date_gmt":"2021-06-14T08:55:57","guid":{"rendered":"https:\/\/intelsynet.com\/?p=2089"},"modified":"2021-06-14T09:22:45","modified_gmt":"2021-06-14T09:22:45","slug":"amazon-web-services","status":"publish","type":"post","link":"https:\/\/intelsynet.com\/es\/amazon-web-services\/","title":{"rendered":"AWS acelera la apertura de la Regi\u00f3n AWS Europa (Espa\u00f1a) para apoyar la transformaci\u00f3n digital de Espa\u00f1a"},"content":{"rendered":"<div class=\"fusion-fullwidth fullwidth-box fusion-builder-row-1 nonhundred-percent-fullwidth non-hundred-percent-height-scrolling\" style=\"background-color: rgba(255,255,255,0);background-position: center center;background-repeat: no-repeat;padding-top:0px;padding-right:0px;padding-bottom:0px;padding-left:0px;margin-bottom: 0px;margin-top: 0px;border-width: 0px 0px 0px 0px;border-color:rgba(97,158,133,0);border-style:solid;\" ><div class=\"fusion-builder-row fusion-row\"><div class=\"fusion-layout-column fusion_builder_column fusion-builder-column-0 fusion_builder_column_1_1 1_1 fusion-one-full fusion-column-first fusion-column-last\" style=\"margin-top:0px;margin-bottom:0px;\"><div class=\"fusion-column-wrapper fusion-flex-column-wrapper-legacy\" style=\"background-position:left top;background-repeat:no-repeat;-webkit-background-size:cover;-moz-background-size:cover;-o-background-size:cover;background-size:cover;padding: 0px 0px 0px 0px;\"><div class=\"fusion-text fusion-text-1\"><p>Ubicada en Arag\u00f3n, la nueva regi\u00f3n de infraestructura \u2013 nuestra primera en Espa\u00f1a- representa una inversi\u00f3n de 2 500 millones de euros en los pr\u00f3ximos 10 a\u00f1os, incluyendo inversiones de capital en la construcci\u00f3n de centros de datos, la importaci\u00f3n de equipos y la adquisici\u00f3n de otros activos. Adem\u00e1s, incluye gastos operativos, como los costes de instalaciones y gastos en servicios continuos y tambi\u00e9n la compra de bienes y servicios a empresas regionales, as\u00ed como los salarios de los trabajadores de la construcci\u00f3n y los nuevos empleados, quienes ser\u00e1n responsables del mantenimiento de la infraestructura. En total, estos empleos representan 1 300 nuevos puestos de trabajo a tiempo completo.<\/p>\n<p>Amazon Web Services estima que esta inversi\u00f3n aumentar\u00e1 el PIB de Espa\u00f1a en aproximadamente 1 800 millones de euros durante los pr\u00f3ximos 10 a\u00f1os, de los cuales aproximadamente 500 millones de euros provendr\u00e1n de Arag\u00f3n.<\/p>\n<p>\u00abCon la apertura de nuestra primera regi\u00f3n de infraestructura en Espa\u00f1a de Amazon Web Services, nuestro objetivo es respaldar el crecimiento econ\u00f3mico en todo el pa\u00eds. El acceso a la computaci\u00f3n en la nube reduce el coste de iniciar nuevos negocios, fomenta la innovaci\u00f3n, atrae m\u00e1s fondos para start-ups y crea nuevas oportunidades para servicios complementarios y tecnolog\u00eda ofrecidos por empresas locales\u00bb.<\/p>\n<\/div><div class=\"fusion-sep-clear\"><\/div><div class=\"fusion-separator fusion-full-width-sep\" style=\"margin-left: auto;margin-right: auto;margin-top:20px;margin-bottom:20px;width:100%;\"><\/div><div class=\"fusion-sep-clear\"><\/div><div class=\"fusion-align-block\"><style>.fusion-button.button-1{border-radius:2px 2px 2px 2px;}<\/style><a class=\"fusion-button button-flat fusion-button-default-size button-default button-1 fusion-button-default-span fusion-button-default-type\" target=\"_blank\" rel=\"noopener noreferrer\" href=\"https:\/\/www.aboutamazon.es\/innovaci%C3%B3n\/aws-acelera-la-apertura-de-la-regi%C3%B3n-aws-europa-espa%C3%B1a-para-apoyar-la-transformaci%C3%B3n-digital-de-espa%C3%B1a\" style=\"width:calc(100%);\"><span class=\"fusion-button-text\">LEER M\u00c1S<\/span><\/a><\/div><div class=\"fusion-clearfix\"><\/div><\/div><\/div><\/div><\/div>\n","protected":false},"excerpt":{"rendered":"","protected":false},"author":1,"featured_media":2099,"comment_status":"open","ping_status":"open","sticky":false,"template":"","format":"standard","meta":{"footnotes":""},"categories":[2],"tags":[72,74,76,73,78,79,75,53,77],"class_list":["post-2089","post","type-post","status-publish","format-standard","has-post-thumbnail","hentry","category-nuestros-articulos","tag-amazon","tag-amazon-web-services","tag-aragon","tag-aws","tag-centro-de-datos","tag-cloud","tag-espana","tag-nube","tag-transformacion-digital"],"yoast_head":"<!-- This site is optimized with the Yoast SEO plugin v27.4 - https:\/\/yoast.com\/product\/yoast-seo-wordpress\/ -->\n<title>Amazon Web Services crea una infraestructura en Arag\u00f3n - Intelsynet<\/title>\n<meta name=\"description\" content=\"Amazon Web Services instalar\u00e1 una infraestructura &quot;on cloud&quot; en Arag\u00f3n para acelerar la transformaci\u00f3n digital de Espa\u00f1a.\" \/>\n<meta name=\"robots\" content=\"index, follow, max-snippet:-1, max-image-preview:large, max-video-preview:-1\" \/>\n<link rel=\"canonical\" href=\"https:\/\/intelsynet.com\/amazon-web-services\/\" \/>\n<meta property=\"og:locale\" content=\"es_ES\" \/>\n<meta property=\"og:type\" content=\"article\" \/>\n<meta property=\"og:title\" content=\"Amazon Web Services crea una infraestructura en Arag\u00f3n - Intelsynet\" \/>\n<meta property=\"og:description\" content=\"Amazon Web Services instalar\u00e1 una infraestructura &quot;on cloud&quot; en Arag\u00f3n para acelerar la transformaci\u00f3n digital de Espa\u00f1a.\" \/>\n<meta property=\"og:url\" content=\"https:\/\/intelsynet.com\/amazon-web-services\/\" \/>\n<meta property=\"og:site_name\" content=\"Intelsynet\" \/>\n<meta property=\"article:published_time\" content=\"2021-06-14T08:55:57+00:00\" \/>\n<meta property=\"article:modified_time\" content=\"2021-06-14T09:22:45+00:00\" \/>\n<meta property=\"og:image\" content=\"https:\/\/intelsynet.com\/wp-content\/uploads\/2021\/06\/amazon-web-services.jpg\" \/>\n\t<meta property=\"og:image:width\" content=\"1200\" \/>\n\t<meta property=\"og:image:height\" content=\"742\" \/>\n\t<meta property=\"og:image:type\" content=\"image\/jpeg\" \/>\n<meta name=\"author\" content=\"produccion\" \/>\n<meta name=\"twitter:card\" content=\"summary_large_image\" \/>\n<meta name=\"twitter:label1\" content=\"Escrito por\" \/>\n\t<meta name=\"twitter:data1\" content=\"produccion\" \/>\n\t<meta name=\"twitter:label2\" content=\"Tiempo de lectura\" \/>\n\t<meta name=\"twitter:data2\" content=\"3 minutos\" \/>\n<script type=\"application\/ld+json\" class=\"yoast-schema-graph\">{\"@context\":\"https:\\\/\\\/schema.org\",\"@graph\":[{\"@type\":\"Article\",\"@id\":\"https:\\\/\\\/intelsynet.com\\\/amazon-web-services\\\/#article\",\"isPartOf\":{\"@id\":\"https:\\\/\\\/intelsynet.com\\\/amazon-web-services\\\/\"},\"author\":{\"name\":\"produccion\",\"@id\":\"https:\\\/\\\/intelsynet.com\\\/es\\\/#\\\/schema\\\/person\\\/62b4711a8de3423f0f1537cb5daa1748\"},\"headline\":\"AWS acelera la apertura de la Regi\u00f3n AWS Europa (Espa\u00f1a) para apoyar la transformaci\u00f3n digital de Espa\u00f1a\",\"datePublished\":\"2021-06-14T08:55:57+00:00\",\"dateModified\":\"2021-06-14T09:22:45+00:00\",\"mainEntityOfPage\":{\"@id\":\"https:\\\/\\\/intelsynet.com\\\/amazon-web-services\\\/\"},\"wordCount\":623,\"commentCount\":0,\"image\":{\"@id\":\"https:\\\/\\\/intelsynet.com\\\/amazon-web-services\\\/#primaryimage\"},\"thumbnailUrl\":\"https:\\\/\\\/intelsynet.com\\\/wp-content\\\/uploads\\\/2021\\\/06\\\/amazon-web-services.jpg\",\"keywords\":[\"amazon\",\"amazon web services\",\"Arag\u00f3n\",\"aws\",\"centro de datos\",\"cloud\",\"Espa\u00f1a\",\"nube\",\"transformacion digital\"],\"articleSection\":[\"Art\u00edculos\"],\"inLanguage\":\"es\",\"potentialAction\":[{\"@type\":\"CommentAction\",\"name\":\"Comment\",\"target\":[\"https:\\\/\\\/intelsynet.com\\\/amazon-web-services\\\/#respond\"]}]},{\"@type\":\"WebPage\",\"@id\":\"https:\\\/\\\/intelsynet.com\\\/amazon-web-services\\\/\",\"url\":\"https:\\\/\\\/intelsynet.com\\\/amazon-web-services\\\/\",\"name\":\"Amazon Web Services crea una infraestructura en Arag\u00f3n - Intelsynet\",\"isPartOf\":{\"@id\":\"https:\\\/\\\/intelsynet.com\\\/es\\\/#website\"},\"primaryImageOfPage\":{\"@id\":\"https:\\\/\\\/intelsynet.com\\\/amazon-web-services\\\/#primaryimage\"},\"image\":{\"@id\":\"https:\\\/\\\/intelsynet.com\\\/amazon-web-services\\\/#primaryimage\"},\"thumbnailUrl\":\"https:\\\/\\\/intelsynet.com\\\/wp-content\\\/uploads\\\/2021\\\/06\\\/amazon-web-services.jpg\",\"datePublished\":\"2021-06-14T08:55:57+00:00\",\"dateModified\":\"2021-06-14T09:22:45+00:00\",\"author\":{\"@id\":\"https:\\\/\\\/intelsynet.com\\\/es\\\/#\\\/schema\\\/person\\\/62b4711a8de3423f0f1537cb5daa1748\"},\"description\":\"Amazon Web Services instalar\u00e1 una infraestructura \\\"on cloud\\\" en Arag\u00f3n para acelerar la transformaci\u00f3n digital de Espa\u00f1a.\",\"breadcrumb\":{\"@id\":\"https:\\\/\\\/intelsynet.com\\\/amazon-web-services\\\/#breadcrumb\"},\"inLanguage\":\"es\",\"potentialAction\":[{\"@type\":\"ReadAction\",\"target\":[\"https:\\\/\\\/intelsynet.com\\\/amazon-web-services\\\/\"]}]},{\"@type\":\"ImageObject\",\"inLanguage\":\"es\",\"@id\":\"https:\\\/\\\/intelsynet.com\\\/amazon-web-services\\\/#primaryimage\",\"url\":\"https:\\\/\\\/intelsynet.com\\\/wp-content\\\/uploads\\\/2021\\\/06\\\/amazon-web-services.jpg\",\"contentUrl\":\"https:\\\/\\\/intelsynet.com\\\/wp-content\\\/uploads\\\/2021\\\/06\\\/amazon-web-services.jpg\",\"width\":1200,\"height\":742,\"caption\":\"Amazon Web Services\"},{\"@type\":\"BreadcrumbList\",\"@id\":\"https:\\\/\\\/intelsynet.com\\\/amazon-web-services\\\/#breadcrumb\",\"itemListElement\":[{\"@type\":\"ListItem\",\"position\":1,\"name\":\"Portada\",\"item\":\"https:\\\/\\\/intelsynet.com\\\/\"},{\"@type\":\"ListItem\",\"position\":2,\"name\":\"AWS acelera la apertura de la Regi\u00f3n AWS Europa (Espa\u00f1a) para apoyar la transformaci\u00f3n digital de Espa\u00f1a\"}]},{\"@type\":\"WebSite\",\"@id\":\"https:\\\/\\\/intelsynet.com\\\/es\\\/#website\",\"url\":\"https:\\\/\\\/intelsynet.com\\\/es\\\/\",\"name\":\"Intelsynet\",\"description\":\"Advisory Services\",\"potentialAction\":[{\"@type\":\"SearchAction\",\"target\":{\"@type\":\"EntryPoint\",\"urlTemplate\":\"https:\\\/\\\/intelsynet.com\\\/es\\\/?s={search_term_string}\"},\"query-input\":{\"@type\":\"PropertyValueSpecification\",\"valueRequired\":true,\"valueName\":\"search_term_string\"}}],\"inLanguage\":\"es\"},{\"@type\":\"Person\",\"@id\":\"https:\\\/\\\/intelsynet.com\\\/es\\\/#\\\/schema\\\/person\\\/62b4711a8de3423f0f1537cb5daa1748\",\"name\":\"produccion\",\"image\":{\"@type\":\"ImageObject\",\"inLanguage\":\"es\",\"@id\":\"https:\\\/\\\/secure.gravatar.com\\\/avatar\\\/bbda47eeca6a4d008c3cda344ed3cf00b82bd1a9f9fb41804c887c2ac269b8ec?s=96&d=mm&r=g\",\"url\":\"https:\\\/\\\/secure.gravatar.com\\\/avatar\\\/bbda47eeca6a4d008c3cda344ed3cf00b82bd1a9f9fb41804c887c2ac269b8ec?s=96&d=mm&r=g\",\"contentUrl\":\"https:\\\/\\\/secure.gravatar.com\\\/avatar\\\/bbda47eeca6a4d008c3cda344ed3cf00b82bd1a9f9fb41804c887c2ac269b8ec?s=96&d=mm&r=g\",\"caption\":\"produccion\"},\"url\":\"https:\\\/\\\/intelsynet.com\\\/es\\\/author\\\/produccion\\\/\"}]}<\/script>\n<!-- \/ Yoast SEO plugin. -->","yoast_head_json":{"title":"Amazon Web Services crea una infraestructura en Arag\u00f3n - Intelsynet","description":"Amazon Web Services instalar\u00e1 una infraestructura \"on cloud\" en Arag\u00f3n para acelerar la transformaci\u00f3n digital de Espa\u00f1a.","robots":{"index":"index","follow":"follow","max-snippet":"max-snippet:-1","max-image-preview":"max-image-preview:large","max-video-preview":"max-video-preview:-1"},"canonical":"https:\/\/intelsynet.com\/amazon-web-services\/","og_locale":"es_ES","og_type":"article","og_title":"Amazon Web Services crea una infraestructura en Arag\u00f3n - Intelsynet","og_description":"Amazon Web Services instalar\u00e1 una infraestructura \"on cloud\" en Arag\u00f3n para acelerar la transformaci\u00f3n digital de Espa\u00f1a.","og_url":"https:\/\/intelsynet.com\/amazon-web-services\/","og_site_name":"Intelsynet","article_published_time":"2021-06-14T08:55:57+00:00","article_modified_time":"2021-06-14T09:22:45+00:00","og_image":[{"width":1200,"height":742,"url":"https:\/\/intelsynet.com\/wp-content\/uploads\/2021\/06\/amazon-web-services.jpg","type":"image\/jpeg"}],"author":"produccion","twitter_card":"summary_large_image","twitter_misc":{"Escrito por":"produccion","Tiempo de lectura":"3 minutos"},"schema":{"@context":"https:\/\/schema.org","@graph":[{"@type":"Article","@id":"https:\/\/intelsynet.com\/amazon-web-services\/#article","isPartOf":{"@id":"https:\/\/intelsynet.com\/amazon-web-services\/"},"author":{"name":"produccion","@id":"https:\/\/intelsynet.com\/es\/#\/schema\/person\/62b4711a8de3423f0f1537cb5daa1748"},"headline":"AWS acelera la apertura de la Regi\u00f3n AWS Europa (Espa\u00f1a) para apoyar la transformaci\u00f3n digital de Espa\u00f1a","datePublished":"2021-06-14T08:55:57+00:00","dateModified":"2021-06-14T09:22:45+00:00","mainEntityOfPage":{"@id":"https:\/\/intelsynet.com\/amazon-web-services\/"},"wordCount":623,"commentCount":0,"image":{"@id":"https:\/\/intelsynet.com\/amazon-web-services\/#primaryimage"},"thumbnailUrl":"https:\/\/intelsynet.com\/wp-content\/uploads\/2021\/06\/amazon-web-services.jpg","keywords":["amazon","amazon web services","Arag\u00f3n","aws","centro de datos","cloud","Espa\u00f1a","nube","transformacion digital"],"articleSection":["Art\u00edculos"],"inLanguage":"es","potentialAction":[{"@type":"CommentAction","name":"Comment","target":["https:\/\/intelsynet.com\/amazon-web-services\/#respond"]}]},{"@type":"WebPage","@id":"https:\/\/intelsynet.com\/amazon-web-services\/","url":"https:\/\/intelsynet.com\/amazon-web-services\/","name":"Amazon Web Services crea una infraestructura en Arag\u00f3n - Intelsynet","isPartOf":{"@id":"https:\/\/intelsynet.com\/es\/#website"},"primaryImageOfPage":{"@id":"https:\/\/intelsynet.com\/amazon-web-services\/#primaryimage"},"image":{"@id":"https:\/\/intelsynet.com\/amazon-web-services\/#primaryimage"},"thumbnailUrl":"https:\/\/intelsynet.com\/wp-content\/uploads\/2021\/06\/amazon-web-services.jpg","datePublished":"2021-06-14T08:55:57+00:00","dateModified":"2021-06-14T09:22:45+00:00","author":{"@id":"https:\/\/intelsynet.com\/es\/#\/schema\/person\/62b4711a8de3423f0f1537cb5daa1748"},"description":"Amazon Web Services instalar\u00e1 una infraestructura \"on cloud\" en Arag\u00f3n para acelerar la transformaci\u00f3n digital de Espa\u00f1a.","breadcrumb":{"@id":"https:\/\/intelsynet.com\/amazon-web-services\/#breadcrumb"},"inLanguage":"es","potentialAction":[{"@type":"ReadAction","target":["https:\/\/intelsynet.com\/amazon-web-services\/"]}]},{"@type":"ImageObject","inLanguage":"es","@id":"https:\/\/intelsynet.com\/amazon-web-services\/#primaryimage","url":"https:\/\/intelsynet.com\/wp-content\/uploads\/2021\/06\/amazon-web-services.jpg","contentUrl":"https:\/\/intelsynet.com\/wp-content\/uploads\/2021\/06\/amazon-web-services.jpg","width":1200,"height":742,"caption":"Amazon Web Services"},{"@type":"BreadcrumbList","@id":"https:\/\/intelsynet.com\/amazon-web-services\/#breadcrumb","itemListElement":[{"@type":"ListItem","position":1,"name":"Portada","item":"https:\/\/intelsynet.com\/"},{"@type":"ListItem","position":2,"name":"AWS acelera la apertura de la Regi\u00f3n AWS Europa (Espa\u00f1a) para apoyar la transformaci\u00f3n digital de Espa\u00f1a"}]},{"@type":"WebSite","@id":"https:\/\/intelsynet.com\/es\/#website","url":"https:\/\/intelsynet.com\/es\/","name":"Intelsynet","description":"Advisory Services","potentialAction":[{"@type":"SearchAction","target":{"@type":"EntryPoint","urlTemplate":"https:\/\/intelsynet.com\/es\/?s={search_term_string}"},"query-input":{"@type":"PropertyValueSpecification","valueRequired":true,"valueName":"search_term_string"}}],"inLanguage":"es"},{"@type":"Person","@id":"https:\/\/intelsynet.com\/es\/#\/schema\/person\/62b4711a8de3423f0f1537cb5daa1748","name":"produccion","image":{"@type":"ImageObject","inLanguage":"es","@id":"https:\/\/secure.gravatar.com\/avatar\/bbda47eeca6a4d008c3cda344ed3cf00b82bd1a9f9fb41804c887c2ac269b8ec?s=96&d=mm&r=g","url":"https:\/\/secure.gravatar.com\/avatar\/bbda47eeca6a4d008c3cda344ed3cf00b82bd1a9f9fb41804c887c2ac269b8ec?s=96&d=mm&r=g","contentUrl":"https:\/\/secure.gravatar.com\/avatar\/bbda47eeca6a4d008c3cda344ed3cf00b82bd1a9f9fb41804c887c2ac269b8ec?s=96&d=mm&r=g","caption":"produccion"},"url":"https:\/\/intelsynet.com\/es\/author\/produccion\/"}]}},"_links":{"self":[{"href":"https:\/\/intelsynet.com\/es\/wp-json\/wp\/v2\/posts\/2089","targetHints":{"allow":["GET"]}}],"collection":[{"href":"https:\/\/intelsynet.com\/es\/wp-json\/wp\/v2\/posts"}],"about":[{"href":"https:\/\/intelsynet.com\/es\/wp-json\/wp\/v2\/types\/post"}],"author":[{"embeddable":true,"href":"https:\/\/intelsynet.com\/es\/wp-json\/wp\/v2\/users\/1"}],"replies":[{"embeddable":true,"href":"https:\/\/intelsynet.com\/es\/wp-json\/wp\/v2\/comments?post=2089"}],"version-history":[{"count":1,"href":"https:\/\/intelsynet.com\/es\/wp-json\/wp\/v2\/posts\/2089\/revisions"}],"predecessor-version":[{"id":2109,"href":"https:\/\/intelsynet.com\/es\/wp-json\/wp\/v2\/posts\/2089\/revisions\/2109"}],"wp:featuredmedia":[{"embeddable":true,"href":"https:\/\/intelsynet.com\/es\/wp-json\/wp\/v2\/media\/2099"}],"wp:attachment":[{"href":"https:\/\/intelsynet.com\/es\/wp-json\/wp\/v2\/media?parent=2089"}],"wp:term":[{"taxonomy":"category","embeddable":true,"href":"https:\/\/intelsynet.com\/es\/wp-json\/wp\/v2\/categories?post=2089"},{"taxonomy":"post_tag","embeddable":true,"href":"https:\/\/intelsynet.com\/es\/wp-json\/wp\/v2\/tags?post=2089"}],"curies":[{"name":"wp","href":"https:\/\/api.w.org\/{rel}","templated":true}]}}